{"id":109721,"date":"2023-08-08T13:21:05","date_gmt":"2023-08-08T13:21:05","guid":{"rendered":"https:\/\/haberulus.net\/?p=109721"},"modified":"2023-08-08T13:21:05","modified_gmt":"2023-08-08T13:21:05","slug":"ogrencilere-vergisiz-telefon-ve-bilgisayarda-son-durum-ne-kimler-alabilecek","status":"publish","type":"post","link":"https:\/\/haberulus.net\/?p=109721","title":{"rendered":"\u00d6\u011frencilere vergisiz telefon ve bilgisayarda son durum ne, kimler alabilecek?"},"content":{"rendered":"<p>Se\u00e7im d\u00f6nemi hem CHP hem de AKP&#8217;nin se\u00e7im vaatleri i\u00e7erisinde \u201cvergisiz cep telefonu\u201d yer al\u0131yordu. AKP, \u00fcniversite \u00f6\u011frencilerine cep telefonu ve bilgisayar al\u0131mlar\u0131nda tek seferlik vergi muafiyeti sa\u011flanaca\u011f\u0131n\u0131 duyurmu\u015ftu.<\/p>\n<p><strong>\u00d6\u011eRENC\u0130LERE VERG\u0130S\u0130Z TELEFON VE B\u0130LG\u0130SAYARDA SON DURUM NE?<\/strong><\/p>\n<p>Kabine toplant\u0131s\u0131 sonras\u0131nda Cumhurba\u015fkan\u0131 Erdo\u011fan\u2019\u0131n \u00f6\u011frencilere vergisiz telefon i\u00e7in a\u00e7\u0131klamalarda bulundu.<\/p>\n<p>Gen\u00e7lere yat\u0131r\u0131m yapmaya devam edeceklerini s\u00f6yleyen Erdo\u011fan, se\u00e7im beyannamelerinde gen\u00e7lere verilen s\u00f6zleri ad\u0131m ad\u0131m hayata ge\u00e7ireceklerini ifade etti.<\/p>\n<p><strong>\u00d6\u011eRENC\u0130LERE VERG\u0130S\u0130Z TELEFON VE B\u0130LG\u0130SAYARDA \u015eARTI NE?<\/strong><\/p>\n<p>Erdo\u011fan konu hakk\u0131nda, \u201cGen\u00e7lerimize bir defaya mahsus olmak \u00fczere cep telefonu ve bilgisayar ediniminde vergi muafiyeti sa\u011flayaca\u011f\u0131z, ayr\u0131ca ayl\u0131k 10 GB \u00fccretsiz internet verece\u011fiz.\u201d s\u00f6zlerini kullanm\u0131\u015ft\u0131.<\/p>\n<p>\u00dcniversitelerin \u00f6nlisans ve lisans b\u00f6l\u00fcmlerinde e\u011fitim alan \u00f6\u011frenciler vergi \u00f6demeden telefon sat\u0131n alabilecek.<\/p>\n","protected":false},"excerpt":{"rendered":"<p>Telefon modellerinde ve bilgisayarlarda uygulanan vergiler nedeniyle vatanda\u015flar adeta bir telefon kendine, bir telefon da devlete al\u0131yor. Se\u00e7im \u00f6ncesi en pop\u00fcler vaatler aras\u0131nda yer alan \u00d6\u011frencilere vergisiz telefon ve bilgisayar sat\u0131\u015f\u0131 i\u00e7in Cumhurba\u015fkan\u0131 Erdo\u011fan, gen\u00e7lere yat\u0131r\u0131m yapmaya devam edeceklerini s\u00f6yleyerek se\u00e7im beyannamelerinde gen\u00e7lere verilen s\u00f6zleri ad\u0131m ad\u0131m hayata ge\u00e7ireceklerini ifade etti.<\/p>\n","protected":false},"author":1,"featured_media":109722,"comment_status":"closed","ping_status":"open","sticky":false,"template":"","format":"standard","meta":{"footnotes":""},"categories":[25],"tags":[1755,222,50],"class_list":["post-109721","post","type-post","status-publish","format-standard","has-post-thumbnail","hentry","category-ekonomi","tag-ogrenciler","tag-telefon","tag-vergi"],"_links":{"self":[{"href":"https:\/\/haberulus.net\/index.php?rest_route=\/wp\/v2\/posts\/109721","targetHints":{"allow":["GET"]}}],"collection":[{"href":"https:\/\/haberulus.net\/index.php?rest_route=\/wp\/v2\/posts"}],"about":[{"href":"https:\/\/haberulus.net\/index.php?rest_route=\/wp\/v2\/types\/post"}],"author":[{"embeddable":true,"href":"https:\/\/haberulus.net\/index.php?rest_route=\/wp\/v2\/users\/1"}],"replies":[{"embeddable":true,"href":"https:\/\/haberulus.net\/index.php?rest_route=%2Fwp%2Fv2%2Fcomments&post=109721"}],"version-history":[{"count":1,"href":"https:\/\/haberulus.net\/index.php?rest_route=\/wp\/v2\/posts\/109721\/revisions"}],"predecessor-version":[{"id":109723,"href":"https:\/\/haberulus.net\/index.php?rest_route=\/wp\/v2\/posts\/109721\/revisions\/109723"}],"wp:featuredmedia":[{"embeddable":true,"href":"https:\/\/haberulus.net\/index.php?rest_route=\/wp\/v2\/media\/109722"}],"wp:attachment":[{"href":"https:\/\/haberulus.net\/index.php?rest_route=%2Fwp%2Fv2%2Fmedia&parent=109721"}],"wp:term":[{"taxonomy":"category","embeddable":true,"href":"https:\/\/haberulus.net\/index.php?rest_route=%2Fwp%2Fv2%2Fcategories&post=109721"},{"taxonomy":"post_tag","embeddable":true,"href":"https:\/\/haberulus.net\/index.php?rest_route=%2Fwp%2Fv2%2Ftags&post=109721"}],"curies":[{"name":"wp","href":"https:\/\/api.w.org\/{rel}","templated":true}]}}