{"id":110066,"date":"2023-08-09T07:51:03","date_gmt":"2023-08-09T07:51:03","guid":{"rendered":"https:\/\/haberulus.net\/?p=110066"},"modified":"2023-08-09T07:51:03","modified_gmt":"2023-08-09T07:51:03","slug":"memura-toplu-sozlesme-gorusmelerinde-son-durum-ne-2-toplanti-ne-zaman","status":"publish","type":"post","link":"https:\/\/haberulus.net\/?p=110066","title":{"rendered":"Memura toplu s\u00f6zle\u015fme g\u00f6r\u00fc\u015fmelerinde son durum ne, 2. toplant\u0131 ne zaman?"},"content":{"rendered":"<p>Toplu i\u015f s\u00f6zle\u015fmesi g\u00f6r\u00fc\u015fmesi ilk toplant\u0131s\u0131 ge\u00e7ti\u011fimiz g\u00fcnlerde ger\u00e7ekle\u015ftirildi ve yakla\u015f\u0131k bir ay s\u00fcrecek olan g\u00f6r\u00fc\u015fmelerin yol haritas\u0131 belirlendi. Toplu s\u00f6zle\u015fmenin bundan sonraki a\u015famas\u0131nda, komisyon \u00e7al\u0131\u015fmalar\u0131nda ortaya \u00e7\u0131kan raporlar \u0131\u015f\u0131\u011f\u0131nda teklifler m\u00fczakere edilecek.<\/p>\n<p><b>TOPLU S\u00d6ZLE\u015eME SON DURUM NE?<\/b><\/p>\n<p>Toplu s\u00f6zle\u015fmenin bundan sonraki a\u015famas\u0131nda, komisyon \u00e7al\u0131\u015fmalar\u0131nda ortaya \u00e7\u0131kan raporlar \u0131\u015f\u0131\u011f\u0131nda teklifler m\u00fczakere edilecek.<\/p>\n<p>M\u00fczakere s\u00fcreci yar\u0131n ba\u015flay\u0131p, 12 A\u011fustos&#8217;ta sona erecek. Kamu i\u015fveren heyetinin ilk teklifi 14 A\u011fustos&#8217;ta sunmas\u0131 planlan\u0131yor.<\/p>\n<p>Genele ili\u015fkin tekliflerin m\u00fczakeresine 15 A\u011fustos&#8217;ta ge\u00e7ilecek toplu s\u00f6zle\u015fme g\u00f6r\u00fc\u015fmelerinde, h\u00fck\u00fcmetin ikinci teklifi ise 17 A\u011fustos&#8217;ta sunmas\u0131 bekleniyor. (AA)<\/p>\n<p><b>MEMURA TOPLU S\u00d6ZLE\u015eME \u0130K\u0130NC\u0130 TOPLANTI NE ZAMAN?<\/b><\/p>\n<p>7&#8217;nci D\u00f6nem Toplu S\u00f6zle\u015fme g\u00f6r\u00fc\u015fmelerine ili\u015fkin taslak takvimini Bakan Vedat I\u015f\u0131khan ile netle\u015ftirdiklerini belirten Memur-Sen Genel Ba\u015fkan\u0131 Ali Yal\u00e7\u0131n, \u201cHizmet kollar\u0131na ili\u015fkin toplu s\u00f6zle\u015fme tekliflerinin tasnifiyle s\u00fcre\u00e7 devam edecek. Daha sonra genele ili\u015fkin tekliflerin tasnifiyle ilerleyecek. Sonra hizmet koluna ili\u015fkin tekliflerin m\u00fczakeresi, devam\u0131nda genele ili\u015fkin tekliflerin m\u00fczakeresiyle s\u00fcrecek. 14 A\u011fustosta heyet bug\u00fcnk\u00fc gibi tekrar bir araya gelecek ve kamu i\u015fveren heyeti teklifini sunmu\u015f olacak. Devam\u0131nda yine hizmet koluna ve genele ili\u015fkin m\u00fczakereler muhataplar\u0131yla s\u00fcrecek. 17 A\u011fustos&#8217;ta 2&#8217;nci bir toplant\u0131 yap\u0131lacak ve yeni teklifler bekliyoruz. Pe\u015finden m\u00fczakereler s\u00fcrecek ve 21 A\u011fustos g\u00fcn\u00fc s\u00fcrecin nihayete, 22 A\u011fustos&#8217;ta ise s\u00fcrecin mutabakatla sonu\u00e7lan\u0131p sonu\u00e7lanmayaca\u011f\u0131 konusunun netle\u015fece\u011fi bir zemin olacak. E\u011fer konu mutabakats\u0131zl\u0131kla sonu\u00e7lan\u0131rsa konfederasyonun ve ilgili sendikalar\u0131n 3 g\u00fcnl\u00fck d\u00fc\u015f\u00fcnme s\u00fcreci olacak. 26-31 A\u011fustos tarihleri aras\u0131nda da kamu g\u00f6revlileri hakem kurulu e\u011fer kendisine g\u00f6rev d\u00fc\u015fecekse o g\u00f6revi yerine getirecek. 31 A\u011fustos itibariyle toplu s\u00f6zle\u015fme s\u00fcreci tamamlanm\u0131\u015f olacak\u201d ifadelerini kulland\u0131. (ANKA, DHA)<\/p>\n<p><b>TOPLU \u0130\u015e S\u00d6ZLE\u015eMES\u0130 NE ZAMAN \u0130MZALANACAK?<\/b><\/p>\n<p>Memurlar\u0131n alaca\u011f\u0131 zamlar\u0131n belirlenece\u011fi toplu i\u015f s\u00f6zle\u015fmesi g\u00f6r\u00fc\u015fmeleri a\u011fustos ay\u0131 boyunca 1 ay devam edecek.<\/p>\n<p>G\u00f6r\u00fc\u015fmelerde uzla\u015fma \u00e7\u0131kmamas\u0131 halinde memur ve emeklinin zam oranlar\u0131n\u0131 Kamu G\u00f6revlileri Hakem Kurulu belirleyecek.<\/p>\n","protected":false},"excerpt":{"rendered":"<p>Memur ve memur emeklilerinin 2024-2025 y\u0131llar\u0131ndaki mali ve sosyal haklar\u0131n\u0131n belirlenece\u011fi toplu s\u00f6zle\u015fmesi g\u00f6r\u00fc\u015fmeleri i\u00e7in m\u00fczakere s\u00fcreci 10 A\u011fustos&#8217;ta ba\u015flayacak, 12 A\u011fustos\u2019ta sona erecek. Memura toplu s\u00f6zle\u015fme g\u00f6r\u00fc\u015fmelerinde 2. toplant\u0131 14 A\u011fustos&#8217;ta ger\u00e7ekle\u015ftirilecek, 31 A\u011fustos itibariyle toplu s\u00f6zle\u015fme s\u00fcreci tamamlanm\u0131\u015f olacak.<\/p>\n","protected":false},"author":1,"featured_media":110067,"comment_status":"closed","ping_status":"open","sticky":false,"template":"","format":"standard","meta":{"footnotes":""},"categories":[25],"tags":[6522,5017,5104,2979,10126],"class_list":["post-110066","post","type-post","status-publish","format-standard","has-post-thumbnail","hentry","category-ekonomi","tag-agustosta","tag-iliskin","tag-muzakere","tag-teklifler","tag-toplu-sozlesme"],"_links":{"self":[{"href":"https:\/\/haberulus.net\/index.php?rest_route=\/wp\/v2\/posts\/110066","targetHints":{"allow":["GET"]}}],"collection":[{"href":"https:\/\/haberulus.net\/index.php?rest_route=\/wp\/v2\/posts"}],"about":[{"href":"https:\/\/haberulus.net\/index.php?rest_route=\/wp\/v2\/types\/post"}],"author":[{"embeddable":true,"href":"https:\/\/haberulus.net\/index.php?rest_route=\/wp\/v2\/users\/1"}],"replies":[{"embeddable":true,"href":"https:\/\/haberulus.net\/index.php?rest_route=%2Fwp%2Fv2%2Fcomments&post=110066"}],"version-history":[{"count":1,"href":"https:\/\/haberulus.net\/index.php?rest_route=\/wp\/v2\/posts\/110066\/revisions"}],"predecessor-version":[{"id":110068,"href":"https:\/\/haberulus.net\/index.php?rest_route=\/wp\/v2\/posts\/110066\/revisions\/110068"}],"wp:featuredmedia":[{"embeddable":true,"href":"https:\/\/haberulus.net\/index.php?rest_route=\/wp\/v2\/media\/110067"}],"wp:attachment":[{"href":"https:\/\/haberulus.net\/index.php?rest_route=%2Fwp%2Fv2%2Fmedia&parent=110066"}],"wp:term":[{"taxonomy":"category","embeddable":true,"href":"https:\/\/haberulus.net\/index.php?rest_route=%2Fwp%2Fv2%2Fcategories&post=110066"},{"taxonomy":"post_tag","embeddable":true,"href":"https:\/\/haberulus.net\/index.php?rest_route=%2Fwp%2Fv2%2Ftags&post=110066"}],"curies":[{"name":"wp","href":"https:\/\/api.w.org\/{rel}","templated":true}]}}