{"id":110246,"date":"2023-08-09T11:21:03","date_gmt":"2023-08-09T11:21:03","guid":{"rendered":"https:\/\/haberulus.net\/?p=110246"},"modified":"2023-08-09T11:21:03","modified_gmt":"2023-08-09T11:21:03","slug":"gultan-kisanak-ablasinin-cenaze-torenine-katildi","status":"publish","type":"post","link":"https:\/\/haberulus.net\/?p=110246","title":{"rendered":"G\u00fcltan K\u0131\u015fanak ablas\u0131n\u0131n cenaze t\u00f6renine kat\u0131ld\u0131"},"content":{"rendered":"<p>Kand\u0131ra F Tipi Y\u00fcksek G\u00fcvenlikli Cezaevi&#8217;nde tutuklu bulunan Diyarbak\u0131r B\u00fcy\u00fck\u015fehir Belediyesi eski Ba\u015fkan\u0131 G\u00fcltan K\u0131\u015fanak, bir s\u00fcredir b\u00f6brek yetmezli\u011fi olan ve d\u00fcn tedavi g\u00f6rd\u00fc\u011f\u00fc hastanede ya\u015fam\u0131n\u0131 yitiren ablas\u0131 Zeynep \u00d6zer&#8217;in cenaze t\u00f6renine kat\u0131ld\u0131.<\/p>\n<p><strong>VEK\u0130LLER DE\u00a0 CENAZE T\u00d6REN\u0130NE KATILDI<\/strong><\/p>\n<p>Kand\u0131ra&#8217;dan u\u00e7akla Elaz\u0131\u011f Havaliman\u0131&#8217;na getirilen K\u0131\u015fanak, buradan Elaz\u0131\u011f merkeze ba\u011fl\u0131 Fevzi \u00c7akmak Mahallesi&#8217;nde bulunan Ehli Beyt Cemevi&#8217;ne getirildi. Cenaze t\u00f6renine K\u0131\u015fanak&#8217;\u0131n yan\u0131 s\u0131ra Ye\u015fil Sol Parti Tunceli Milletvekili Ayten Kordu, HDP Tunceli eski milletvekili Alican \u00d6nl\u00fc ve vatanda\u015flar kat\u0131ld\u0131.\u00a0Cemevindeki cenaze t\u00f6reninin ard\u0131ndan K\u0131\u015fanak&#8217;\u0131n ablas\u0131 merkeze ba\u011fl\u0131 S\u00fcn k\u00f6y\u00fcnde topra\u011fa verildi.<\/p>\n<p><strong>BABASINI VE A\u011eABEY\u0130N\u0130 DE KAYBETM\u0130\u015eT\u0130<\/strong><\/p>\n<p>Kand\u0131ra Cezaevi\u2019nde 30 Ekim 2016\u2019dan bu yana tutuklu bulunan G\u00fcltan K\u0131\u015fanak, 7 A\u011fustos 2021\u2019de de babas\u0131n\u0131n cenazesine kat\u0131lm\u0131\u015ft\u0131. G\u00fcltan K\u0131\u015fanak, cezaevindeyken izinle kat\u0131ld\u0131\u011f\u0131 babas\u0131n\u0131n cenaze t\u00f6reninden sonra a\u011fabeyi Cumali \u00d6zer\u2019i de kaybetmi\u015fti.<\/p>\n","protected":false},"excerpt":{"rendered":"<p>Kand\u0131ra F Tipi Y\u00fcksek G\u00fcvenlikli Cezaevi\u2019nde tutuklu bulunan Diyarbak\u0131r B\u00fcy\u00fck\u015fehir Belediyesi eski Ba\u015fkan\u0131 G\u00fcltan K\u0131\u015fanak, ablas\u0131 Zeynep \u00d6zer\u2019in cenaze t\u00f6renine kat\u0131lmak i\u00e7in memleketi Elaz\u0131\u011f\u2019a getirildi.<\/p>\n","protected":false},"author":1,"featured_media":110247,"comment_status":"closed","ping_status":"open","sticky":false,"template":"","format":"standard","meta":{"footnotes":""},"categories":[26],"tags":[1230],"class_list":["post-110246","post","type-post","status-publish","format-standard","has-post-thumbnail","hentry","category-gundem","tag-cenaze"],"_links":{"self":[{"href":"https:\/\/haberulus.net\/index.php?rest_route=\/wp\/v2\/posts\/110246","targetHints":{"allow":["GET"]}}],"collection":[{"href":"https:\/\/haberulus.net\/index.php?rest_route=\/wp\/v2\/posts"}],"about":[{"href":"https:\/\/haberulus.net\/index.php?rest_route=\/wp\/v2\/types\/post"}],"author":[{"embeddable":true,"href":"https:\/\/haberulus.net\/index.php?rest_route=\/wp\/v2\/users\/1"}],"replies":[{"embeddable":true,"href":"https:\/\/haberulus.net\/index.php?rest_route=%2Fwp%2Fv2%2Fcomments&post=110246"}],"version-history":[{"count":1,"href":"https:\/\/haberulus.net\/index.php?rest_route=\/wp\/v2\/posts\/110246\/revisions"}],"predecessor-version":[{"id":110248,"href":"https:\/\/haberulus.net\/index.php?rest_route=\/wp\/v2\/posts\/110246\/revisions\/110248"}],"wp:featuredmedia":[{"embeddable":true,"href":"https:\/\/haberulus.net\/index.php?rest_route=\/wp\/v2\/media\/110247"}],"wp:attachment":[{"href":"https:\/\/haberulus.net\/index.php?rest_route=%2Fwp%2Fv2%2Fmedia&parent=110246"}],"wp:term":[{"taxonomy":"category","embeddable":true,"href":"https:\/\/haberulus.net\/index.php?rest_route=%2Fwp%2Fv2%2Fcategories&post=110246"},{"taxonomy":"post_tag","embeddable":true,"href":"https:\/\/haberulus.net\/index.php?rest_route=%2Fwp%2Fv2%2Ftags&post=110246"}],"curies":[{"name":"wp","href":"https:\/\/api.w.org\/{rel}","templated":true}]}}