{"id":110285,"date":"2023-08-09T12:21:03","date_gmt":"2023-08-09T12:21:03","guid":{"rendered":"https:\/\/haberulus.net\/?p=110285"},"modified":"2023-08-09T12:21:03","modified_gmt":"2023-08-09T12:21:03","slug":"beyaz-et-uretimindeki-sert-dususun-altindan-secim-kaygisi-cikti","status":"publish","type":"post","link":"https:\/\/haberulus.net\/?p=110285","title":{"rendered":"Beyaz et \u00fcretimindeki sert d\u00fc\u015f\u00fc\u015f\u00fcn alt\u0131ndan se\u00e7im kayg\u0131s\u0131 \u00e7\u0131kt\u0131"},"content":{"rendered":"<p>Vatanda\u015f, fiyatlar\u0131n geldi\u011fi seviye nedeniyle k\u0131rm\u0131z\u0131 etten sonra beyaz eti de yiyemez hale gelirken \u00fcretici ise \u00f6n\u00fcn\u00fc g\u00f6remedi\u011fi i\u00e7in \u00fcretim kapasitelerinde daralmaya gitti.<\/p>\n<p>Hayvanc\u0131l\u0131k sekt\u00f6r\u00fcnde ya\u015fanan kriz s\u00fct ve s\u00fct \u00fcr\u00fcnleri \u00fcretimini d\u00fc\u015f\u00fcrmeye, perakende fiyatlar\u0131 art\u0131rmaya devam ederken \u00fcretimde daha sert bir d\u00fc\u015f\u00fc\u015f kanatl\u0131 hayvan eti taraf\u0131nda ya\u015fand\u0131.<\/p>\n<p>T\u00dc\u0130K\u2019in bug\u00fcn a\u00e7\u0131klad\u0131\u011f\u0131 verilere g\u00f6re, haziran ay\u0131nda tavuk eti \u00fcretimi ayl\u0131k bazda y\u00fczde 16,1, y\u0131ll\u0131k bazda ise y\u00fczde 19,7 azalarak 176 bin 179 tonun alt\u0131na geriledi ve son 4 ay\u0131n en sert d\u00fc\u015f\u00fcn\u00fcn\u00fc kaydetti.<\/p>\n<p>Ge\u00e7en yaz kilosu 40-50 TL&#8217;den sat\u0131lan kanat bu yaz 130-140 TL&#8217;den sat\u0131l\u0131yor.<\/p>\n<p>Kesilen tavuk say\u0131s\u0131 haziranda ayl\u0131k bazda y\u00fczde 16,5 azal\u0131rken y\u0131ll\u0131k bazdaki d\u00fc\u015f\u00fc\u015f y\u00fczde 22,2\u2019yi buldu.<\/p>\n<p>Hindi eti \u00fcretimi ise ayl\u0131k y\u00fczde 25,8, y\u0131ll\u0131k y\u00fczde 30,2 azald\u0131.<\/p>\n<p>T\u00fcrkiye Kanatl\u0131 Hayvan Eti \u00dcreticileri Birli\u011fi\u2019nden ald\u0131\u011f\u0131m\u0131z bilgilere g\u00f6re, bu d\u00fc\u015f\u00fc\u015fte \u00fcretim maliyetlerindeki art\u0131\u015f\u0131n yan\u0131 s\u0131ra, hem zamlanan fiyatlar hem de turizmcinin istenen doluluklar\u0131 yakalayamamas\u0131 nedeniyle t\u00fcketim taraf\u0131ndaki d\u00fc\u015f\u00fc\u015f etkili oldu.<\/p>\n<p>Sekt\u00f6r temsilcilerine g\u00f6re bir di\u011fer \u00f6ne \u00e7\u0131kan neden ise, se\u00e7im \u00f6ncesi yeni h\u00fck\u00fcmet ve ekonomi politikalar\u0131na ili\u015fkin belirsizli\u011fin hem \u00fcreticiler hem de ihracat\u00e7\u0131da yaratt\u0131\u011f\u0131 kayg\u0131\u2026<\/p>\n<p><b>\u2018SE\u00c7\u0130M BEL\u0130RS\u0130ZL\u0130\u011e\u0130 \u00dcRET\u0130M KAPAS\u0130TES\u0130N\u0130 DARALTTI\u2019<\/b><\/p>\n<p>Turgutlu Ahmetli Kanatl\u0131 Hayvan Eti \u00dcreticileri Birli\u011fi Ba\u015fkan\u0131 Mazlum \u00d6zt\u00fcrk, \u00fclke genelindeki entegre tesislerin se\u00e7imlerin yaratt\u0131\u011f\u0131 belirsizli\u011fin etkisiyle \u00f6n\u00fcn\u00fc g\u00f6remedi\u011fine, mart ay\u0131ndan itibaren de \u00fcretim kapasitelerinde daralmaya gitmeye ba\u015flad\u0131klar\u0131n\u0131 s\u00f6yledi.<\/p>\n<p>\u00d6zt\u00fcrk, \u201c\u00dcretimdeki daralma nisan ay\u0131nda belirginle\u015fti. T\u00dc\u0130K\u2019in bug\u00fcn a\u00e7\u0131klad\u0131\u011f\u0131 haziran ay\u0131 \u00fcretim verileri, may\u0131s ay\u0131nda kapasite kullan\u0131m oran\u0131ndaki azalmay\u0131 ortaya koyuyor\u201d dedi.<\/p>\n<p>\u00d6zt\u00fcrk\u2019\u00fcn i\u015faret etti\u011fi nisan ay\u0131na T\u00dc\u0130K\u2019in \u00fcretim verisi \u00fczerinden bak\u0131ld\u0131\u011f\u0131nda da, tavuk eti \u00fcretiminin nisanda y\u0131ll\u0131k bazda y\u00fczde 9,4 ve kesilen tavuk say\u0131s\u0131n\u0131n y\u00fczde 12,7 azald\u0131\u011f\u0131 g\u00f6r\u00fcl\u00fcyor.<\/p>\n<p>\u00d6zt\u00fcrk, bunun yan\u0131 s\u0131ra yine se\u00e7imlerin t\u00fcm sekt\u00f6rler \u00fczerinde yaratt\u0131\u011f\u0131 belirsizlik nedeniyle T\u00fcrkiye\u2019nin ihracat\u00e7\u0131 oldu\u011fu pazarlarda da kayg\u0131lar olu\u015ftu\u011funa i\u015faret ederek \u015f\u00f6yle devam etti:<\/p>\n<p>\u201cBizden mal alanlar taleplerini azalt\u0131nca ihracat geriledi. Bu da kapasitedeki daralmay\u0131 destekleyen bir di\u011fer nokta oldu.\u201d<\/p>\n<p>\u0130hracattaki bu geli\u015fmede ayr\u0131ca, Ticaret Bakanl\u0131\u011f\u0131\u2019n\u0131n may\u0131s ay\u0131 ba\u015f\u0131nda k\u00fcmes hayvanlar\u0131n\u0131n etleri ve yenilen sakatatlar\u0131n\u0131 \u201cihrac\u0131 kayda ba\u011fl\u0131 mallar listesine\u201d eklemesinin de etkili oldu\u011fu belirtildi.<\/p>\n<p><b>VATANDA\u015e VE TUR\u0130ZM TARAFINDAK\u0130 T\u00dcKET\u0130M D\u00dc\u015e\u00dc\u015e\u00dc DE ETK\u0130LED\u0130<\/b><\/p>\n<p>T\u00fcrkiye Kanatl\u0131 Hayvan Eti \u00dcreticileri Birli\u011fi\u2019nden bir yetkili, beyaz et \u00fcretimi i\u00e7in gerekli girdilerin neredeyse tamam\u0131n\u0131n ithal oldu\u011funu, artan d\u00f6viz kuru nedeniyle maliyetlerin katlanmas\u0131n\u0131n da \u00fcretimdeki d\u00fc\u015f\u00fc\u015fte etkili oldu\u011funu s\u00f6yledi.<\/p>\n<p>Bir di\u011fer \u00f6nemli nedenin ise t\u00fcketimdeki daralma oldu\u011funu kaydeden yetkili, \u201cAileler kasaptan ya da marketten tavuk alamaz oldu. B\u00fct\u00fcn tavuk fiyatlar\u0131 bir senede 30 liradan 70 liraya \u00e7\u0131kt\u0131. Kanat gibi baz\u0131 \u00fcr\u00fcnlerdeki fiyat art\u0131\u015f\u0131 y\u00fczde 200\u2019\u00fc de buldu\u201d de\u011ferlendirmesinde bulundu ve \u015f\u00f6yle devam etti:<\/p>\n<p>\u201cTurizmde de asl\u0131nda arzu edilen doluluklara ula\u015f\u0131lamad\u0131. Otellere giri\u015f \u00e7\u0131k\u0131\u015f yapanlar d\u0131\u015far\u0131da yemek yemese de otel i\u00e7indeki a\u00e7\u0131k b\u00fcfelerde sat\u0131lanlara talep g\u00f6sterirdi, burada da daralma olunca t\u00fcketimdeki d\u00fc\u015f\u00fc\u015f derinle\u015fti.\u201d<\/p>\n<p><b>ZAMLI F\u0130YATLAR SATI\u015eLARI Y\u00dcZDE 55 D\u00dc\u015e\u00dcRM\u00dc\u015eT\u00dc<\/b><\/p>\n<p>Ge\u00e7en hafta sozcu.com.tr&#8217;ye konu\u015fan T\u00fcrkiye Kasaplar Besiciler Et ve Et \u00dcr\u00fcnleri Federasyon Ba\u015fkan\u0131 Osman Yard\u0131mc\u0131, artan et tavuk fiyatlar\u0131n\u0131n etkisiyle bu yaz mangall\u0131k \u00fcr\u00fcn fiyatlar\u0131n\u0131n bir \u00f6nceki yaz d\u00f6nemine k\u0131yasla y\u00fczde 200&#8217;\u00fcn \u00fczerinde zamland\u0131\u011f\u0131n\u0131, sat\u0131\u015flar\u0131n da en az y\u00fczde 30-40 oran\u0131nda azald\u0131\u011f\u0131n\u0131 s\u00f6ylemi\u015fti.<\/p>\n<p>\u0130stanbul Perakendeci Kasaplar Esnaf Odas\u0131 Ba\u015fkan\u0131 Ayd\u0131n T\u00fcfek\u00e7i ise, \u0130stanbul&#8217;daki sat\u0131\u015flarda d\u00fc\u015f\u00fc\u015f oran\u0131 y\u00fczde 55&#8217;e ula\u015ft\u0131\u011f\u0131n\u0131 ifade etmi\u015fti.<\/p>\n<p><b>\u00dcRET\u0130C\u0130 F\u0130RMA SAYISI DA BEL\u0130RG\u0130N \u015eEK\u0130LDE D\u00dc\u015eT\u00dc<\/b><\/p>\n<p>\u00d6te yandan, 2019\u2019da artan konkordato dalgas\u0131 kanatl\u0131 sekt\u00f6r\u00fcn\u00fc de vurmu\u015f; \u00fclke genelinde 18 entegre tesiste \u00fcretim yapt\u0131ran dev firmalar bir bir konkordato ilan etmeye ba\u015flam\u0131\u015ft\u0131.<\/p>\n<p>Sadece 2018 Kas\u0131m&#8217;da Sakarya-Kocaeli B\u00f6lgesi&#8217;ndeki 1465 \u00fcretici firman\u0131n 470&#8217;i; Ege B\u00f6lgesi&#8217;ndeki 3 bin firman\u0131n da 400&#8217;\u00fc artan maliyetlere dayanamay\u0131p \u00fcretimini sonland\u0131rm\u0131\u015ft\u0131.<\/p>\n<p>Gelinen noktada, \u00fcretimden \u00e7ekilen firmalarla birlikte entegre tesis say\u0131s\u0131n\u0131n 18\u2019den 15\u2019e; \u00fcretici firma say\u0131s\u0131n\u0131n da 17 bin seviyesinden 12 bine indi\u011fi belirtiliyor.<\/p>\n","protected":false},"excerpt":{"rendered":"<p>Artan \u00fcretim maliyetleri, fiyat art\u0131\u015flar\u0131n\u0131n talebi bask\u0131lamas\u0131 ve se\u00e7im belirsizli\u011finin yaratt\u0131\u011f\u0131 kayg\u0131 ile \u00fcretim kapasitelerindeki daralma beyaz et \u00fcretiminde sert d\u00fc\u015f\u00fc\u015fe neden oldu.<\/p>\n","protected":false},"author":1,"featured_media":110286,"comment_status":"closed","ping_status":"open","sticky":false,"template":"","format":"standard","meta":{"footnotes":""},"categories":[25],"tags":[2188,1426,5316,510,628],"class_list":["post-110285","post","type-post","status-publish","format-standard","has-post-thumbnail","hentry","category-ekonomi","tag-dusus","tag-eti","tag-tavuk","tag-uretici","tag-uretim"],"_links":{"self":[{"href":"https:\/\/haberulus.net\/index.php?rest_route=\/wp\/v2\/posts\/110285","targetHints":{"allow":["GET"]}}],"collection":[{"href":"https:\/\/haberulus.net\/index.php?rest_route=\/wp\/v2\/posts"}],"about":[{"href":"https:\/\/haberulus.net\/index.php?rest_route=\/wp\/v2\/types\/post"}],"author":[{"embeddable":true,"href":"https:\/\/haberulus.net\/index.php?rest_route=\/wp\/v2\/users\/1"}],"replies":[{"embeddable":true,"href":"https:\/\/haberulus.net\/index.php?rest_route=%2Fwp%2Fv2%2Fcomments&post=110285"}],"version-history":[{"count":1,"href":"https:\/\/haberulus.net\/index.php?rest_route=\/wp\/v2\/posts\/110285\/revisions"}],"predecessor-version":[{"id":110287,"href":"https:\/\/haberulus.net\/index.php?rest_route=\/wp\/v2\/posts\/110285\/revisions\/110287"}],"wp:featuredmedia":[{"embeddable":true,"href":"https:\/\/haberulus.net\/index.php?rest_route=\/wp\/v2\/media\/110286"}],"wp:attachment":[{"href":"https:\/\/haberulus.net\/index.php?rest_route=%2Fwp%2Fv2%2Fmedia&parent=110285"}],"wp:term":[{"taxonomy":"category","embeddable":true,"href":"https:\/\/haberulus.net\/index.php?rest_route=%2Fwp%2Fv2%2Fcategories&post=110285"},{"taxonomy":"post_tag","embeddable":true,"href":"https:\/\/haberulus.net\/index.php?rest_route=%2Fwp%2Fv2%2Ftags&post=110285"}],"curies":[{"name":"wp","href":"https:\/\/api.w.org\/{rel}","templated":true}]}}