{"id":110357,"date":"2023-08-09T13:51:08","date_gmt":"2023-08-09T13:51:08","guid":{"rendered":"https:\/\/haberulus.net\/?p=110357"},"modified":"2023-08-09T13:51:08","modified_gmt":"2023-08-09T13:51:08","slug":"ferdi-kadioglu-biraz-daha-zorlu-bir-rakibe-karsi-oynayacagiz","status":"publish","type":"post","link":"https:\/\/haberulus.net\/?p=110357","title":{"rendered":"Ferdi Kad\u0131o\u011flu: Biraz daha zorlu bir rakibe kar\u015f\u0131 oynayaca\u011f\u0131z"},"content":{"rendered":"<p>Fenerbah\u00e7e, UEFA Konferans Ligi 3\u2019\u00fcnc\u00fc Eleme Turu ilk ma\u00e7\u0131nda yar\u0131n sahas\u0131nda Slovenya ekibi Maribor\u2019u konuk edecek. Yar\u0131n oynanacak m\u00fccadele \u00f6ncesinde sar\u0131-lacivertli ekibin milli futbolcusu Ferdi Kad\u0131o\u011flu bas\u0131n toplant\u0131s\u0131nda a\u00e7\u0131klamalarda bulundu.<\/p>\n<p>Bir \u00f6nceki tura g\u00f6re daha zor bir rakibe kar\u015f\u0131 oynayacaklar\u0131n\u0131 s\u00f6yleyen Ferdi Kad\u0131o\u011flu, \u201cBizler a\u00e7\u0131s\u0131ndan fazlas\u0131yla iyi bir ma\u00e7 olacak. Taraftarlar\u0131m\u0131z da son oynad\u0131\u011f\u0131m\u0131z ma\u00e7tan keyif alm\u0131\u015flard\u0131r. \u0130yi bir performans ortaya koydu\u011fumuz i\u00e7in. Umar\u0131m yar\u0131n yine ayn\u0131 performans\u0131 ortaya koyar\u0131z. Biraz daha zorlu bir rakibe kar\u015f\u0131 oynayaca\u011f\u0131m\u0131z\u0131 s\u00f6yleyebilirim. Lige iyi ba\u015flad\u0131lar. Zor bir ma\u00e7 olacak ama biz taraftar\u0131m\u0131zla beraber sava\u015f\u0131m\u0131z\u0131 verece\u011fiz saha i\u00e7inde. Umut ediyorum ki iyi bir performans ortaya koyaca\u011f\u0131z\u201d ifadelerini kulland\u0131.<\/p>\n<p><b>\u201cHER TURNUVADA BA\u015eARILI OLUP, KUPALAR KAZANMAK \u0130ST\u0130YORUZ\u201d<\/b><\/p>\n<p>Oynad\u0131klar\u0131 her kulvarda kupa hedeflediklerini dile getiren Kad\u0131o\u011flu, \u201cBizim amac\u0131m\u0131z, iste\u011fimiz oynad\u0131\u011f\u0131m\u0131z her turnuvada ba\u015far\u0131l\u0131 olmak, her turnuvay\u0131 kazanabilmek. Bu kupa, lig ya da Avrupa olur bu \u00f6nemli de\u011fil. Her turnuvada ba\u015far\u0131l\u0131 olup, kupalar kazanmak istiyoruz. Sava\u015f\u0131m\u0131z\u0131 s\u00fcrd\u00fcrece\u011fiz. Tak\u0131m\u0131m\u0131za yeni oyuncular kat\u0131ld\u0131. Hepsi burada olmaktan dolay\u0131 fazlas\u0131yla mutlu. Fazlas\u0131yla tak\u0131ma yard\u0131mc\u0131 oluyorlar. Bu da g\u00fc\u00e7l\u00fc, g\u00fczel bir rekabet olu\u015fturuyor. Hocam\u0131z geri d\u00f6nd\u00fc. Hoca ile daha \u00f6nce \u00e7al\u0131\u015fm\u0131\u015ft\u0131k. \u015eu ana kadar her \u015fey iyi gidiyor. Herkes pozitif, mutlu. Umar\u0131m bu mantalitede, bu \u015fekilde devam edece\u011fiz\u201d \u015feklinde konu\u015ftu.<\/p>\n<p><b>\u201cDAHA FAZLA GOL ATMAK \u0130ST\u0130YORUM\u201d<\/b><\/p>\n<p>Tak\u0131m\u0131na daha fazla gol katk\u0131s\u0131 vermek istedi\u011fini ifade eden Ferdi Kad\u0131o\u011flu, \u201c\u015eu ana kadar Konferans Ligi\u2019nde 4 ma\u00e7 oynad\u0131m ve 2 gol atma f\u0131rsat\u0131 buldum. Umar\u0131m \u00e7ok daha fazla gol atabilirim. Bu atm\u0131\u015f oldu\u011fum golleri de sol bek oynarken buldum. Gelecekte neler olaca\u011f\u0131n\u0131 g\u00f6rece\u011fiz. Tabii ki daha fazla gol atmak istiyorum\u201d diye konu\u015ftu.<\/p>\n","protected":false},"excerpt":{"rendered":"<p>Fenerbah\u00e7e&#8217;nin milli futbolcusu Ferdi Kad\u0131o\u011flu, &#8220;Bizim amac\u0131m\u0131z, iste\u011fimiz oynad\u0131\u011f\u0131m\u0131z her turnuvada ba\u015far\u0131l\u0131 olmak, her turnuvay\u0131 kazanabilmek. Bu kupa, lig ya da Avrupa olur bu \u00f6nemli de\u011fil. Her turnuvada ba\u015far\u0131l\u0131 olup, kupalar kazanmak istiyoruz. Sava\u015f\u0131m\u0131z\u0131 s\u00fcrd\u00fcrece\u011fiz&#8221; dedi.<\/p>\n","protected":false},"author":1,"featured_media":110358,"comment_status":"closed","ping_status":"open","sticky":false,"template":"","format":"standard","meta":{"footnotes":""},"categories":[31],"tags":[323,290],"class_list":["post-110357","post","type-post","status-publish","format-standard","has-post-thumbnail","hentry","category-spor","tag-gol","tag-mac"],"_links":{"self":[{"href":"https:\/\/haberulus.net\/index.php?rest_route=\/wp\/v2\/posts\/110357","targetHints":{"allow":["GET"]}}],"collection":[{"href":"https:\/\/haberulus.net\/index.php?rest_route=\/wp\/v2\/posts"}],"about":[{"href":"https:\/\/haberulus.net\/index.php?rest_route=\/wp\/v2\/types\/post"}],"author":[{"embeddable":true,"href":"https:\/\/haberulus.net\/index.php?rest_route=\/wp\/v2\/users\/1"}],"replies":[{"embeddable":true,"href":"https:\/\/haberulus.net\/index.php?rest_route=%2Fwp%2Fv2%2Fcomments&post=110357"}],"version-history":[{"count":1,"href":"https:\/\/haberulus.net\/index.php?rest_route=\/wp\/v2\/posts\/110357\/revisions"}],"predecessor-version":[{"id":110359,"href":"https:\/\/haberulus.net\/index.php?rest_route=\/wp\/v2\/posts\/110357\/revisions\/110359"}],"wp:featuredmedia":[{"embeddable":true,"href":"https:\/\/haberulus.net\/index.php?rest_route=\/wp\/v2\/media\/110358"}],"wp:attachment":[{"href":"https:\/\/haberulus.net\/index.php?rest_route=%2Fwp%2Fv2%2Fmedia&parent=110357"}],"wp:term":[{"taxonomy":"category","embeddable":true,"href":"https:\/\/haberulus.net\/index.php?rest_route=%2Fwp%2Fv2%2Fcategories&post=110357"},{"taxonomy":"post_tag","embeddable":true,"href":"https:\/\/haberulus.net\/index.php?rest_route=%2Fwp%2Fv2%2Ftags&post=110357"}],"curies":[{"name":"wp","href":"https:\/\/api.w.org\/{rel}","templated":true}]}}