{"id":110360,"date":"2023-08-09T13:51:09","date_gmt":"2023-08-09T13:51:09","guid":{"rendered":"https:\/\/haberulus.net\/?p=110360"},"modified":"2023-08-09T13:51:09","modified_gmt":"2023-08-09T13:51:09","slug":"servet-yardimci-euro-2032-icin-turkiye-ve-italya-ortakligindan-baska-aday-olmayacak","status":"publish","type":"post","link":"https:\/\/haberulus.net\/?p=110360","title":{"rendered":"Servet Yard\u0131mc\u0131: EURO 2032 i\u00e7in T\u00fcrkiye ve \u0130talya ortakl\u0131\u011f\u0131ndan ba\u015fka aday olmayacak"},"content":{"rendered":"<p>UEFA Y\u00f6netim Kurulu \u00dcyesi Servet Yard\u0131mc\u0131, Anadolu Ajans\u0131\u2019na yapt\u0131\u011f\u0131 ziyarette, T\u00fcrkiye ile \u0130talya\u2019n\u0131n EURO 2032 ev sahipli\u011fi i\u00e7in ortak adayl\u0131k ba\u015fvurusunu de\u011ferlendirdi.<\/p>\n<p>Yard\u0131mc\u0131, FIFA ve UEFA\u2019da son y\u0131llarda bir\u00e7ok b\u00fcy\u00fck organizasyona ev sahipli\u011fi i\u00e7in ortak adayl\u0131k ba\u015fvurusunun bir trende d\u00f6n\u00fc\u015ft\u00fc\u011f\u00fcn\u00fc belirterek \u015f\u00f6yle konu\u015ftu:<\/p>\n<p>\u201cYeni Zelanda ve Avustralya FIFA Kad\u0131nlar D\u00fcnya Kupas\u0131\u2019n\u0131 organize ediyor. EURO 2028 i\u00e7in Birle\u015fik Krall\u0131k\u2019\u0131n adayl\u0131\u011f\u0131 var, \u0130ngiltere, \u0130sko\u00e7ya, Galler ve \u0130rlanda ev sahipli\u011fi i\u00e7in ba\u015fvurdu. 2026 D\u00fcnya Kupas\u0131, \u00fclkelerin aras\u0131ndaki mesafe \u00e7ok uzun olmas\u0131na ra\u011fmen ABD, Meksika ve Kanada\u2019da d\u00fczenlenecek. 2030 D\u00fcnya Kupas\u0131 i\u00e7in Portekiz, \u0130spanya ve Fas ortak adayl\u0131\u011fa haz\u0131rlan\u0131yor. B\u00f6yle bir trend var. T\u00fcrkiye ve \u0130talya\u2019n\u0131n ortak adayl\u0131\u011f\u0131 da \u00e7ok olumlu bir ad\u0131m. T\u00fcrkiye ve \u0130talya \u00f6nemli futbol \u00fclkeleri, iki \u00fclkenin de b\u00fcy\u00fck bir tarihi ve k\u00fclt\u00fcrel miras\u0131 var. Ama tabii altyap\u0131 ve tesisle\u015fme a\u00e7\u0131s\u0131ndan bizim \u00e7ok iyi oldu\u011fumuzu s\u00f6yleyebilirim. Organizasyonel yeteneklerimiz, tesislerimiz muazzam, kesinlikle b\u00fcy\u00fck bir turnuvay\u0131 hak ediyoruz. T\u00fcrkiye ve \u0130talya\u2019n\u0131n EURO 2032\u2019ye birlikte ev sahipli\u011fi \u00e7ok do\u011fru bir fikir. Bu s\u00fcre\u00e7te hem futbol hem siyasi hem de bir\u00e7ok farkl\u0131 alanda \u0130talya ile ili\u015fkilerimizin ve i\u015f birliklerimizin daha da peki\u015fece\u011fine inan\u0131yorum.\u201d<\/p>\n<p><b>\u201cTURNUVA EN G\u00dcZEL AVRUPA \u015eAMP\u0130YONASI OLACAKTIR\u201d<\/b><\/p>\n<p>\u201cEURO 2032\u2019e ev sahipli\u011fi adayl\u0131\u011f\u0131 i\u00e7in son ba\u015fvuru tarihi ge\u00e7en sene sonunda bitti. Bu nedenle EURO 2032 i\u00e7in T\u00fcrkiye ve \u0130talya ortakl\u0131\u011f\u0131ndan ba\u015fka aday olmayacak.\u201d a\u00e7\u0131klamas\u0131nda bulunan Servet Yard\u0131mc\u0131, \u015fu ifadeleri kulland\u0131:<\/p>\n<p>\u201cEURO 2032 i\u00e7in \u0130talya ile yar\u0131\u015facakt\u0131k ancak ortak adayl\u0131k karar\u0131yla \u00e7eki\u015fme ortadan kalkt\u0131. Bu iki \u00fclke ad\u0131na da \u00e7ok olumlu bir geli\u015fme. EURO 2032 i\u00e7in T\u00fcrkiye ve \u0130talya 5\u2019er \u015fehir belirleyecek. Toplam 10 \u015fehirde \u015fampiyona d\u00fczenlenecek. T\u00fcrkiye ve \u0130talya, Akdeniz \u00e7ana\u011f\u0131n\u0131n en g\u00fczel iki \u00fclkesi. B\u00f6yle bir i\u015f birli\u011finin olmas\u0131 \u00e7ok de\u011ferli. Avrupa futbolu i\u00e7in en g\u00fczel \u00e7\u00f6z\u00fcm ortaya \u00e7\u0131kacak. T\u00fcrkiye ve \u0130talya\u2019n\u0131n ev sahipli\u011findeki turnuva en g\u00fczel Avrupa \u015eampiyonas\u0131 olacakt\u0131r. Harika bir organizasyon olaca\u011f\u0131na inan\u0131yorum.\u201d<\/p>\n<p><b>\u201cSON KARAR EK\u0130M AYINDAK\u0130 TOPLANTIDA\u2026\u201d<\/b><\/p>\n<p>EURO 2028 ve EURO 2032 i\u00e7in ev sahipli\u011fi yapacak \u00fclkelerin UEFA taraf\u0131ndan a\u00e7\u0131klanma s\u00fcreci hakk\u0131nda da konu\u015fan Yard\u0131mc\u0131 \u015funlar\u0131 s\u00f6yledi:<\/p>\n<p>\u201c\u0130ki \u00fclkenin, UEFA\u2019n\u0131n norm, kriter ve beklentilerini kar\u015f\u0131layacak adayl\u0131k dosyalar\u0131n\u0131 revize ederek ekim ay\u0131na kadar eksiksiz tamamlamas\u0131 \u00e7ok \u00f6nemli. \u00c7\u00fcnk\u00fc bu dosyalar UEFA\u2019da \u00e7ok s\u0131k\u0131 \u015fekilde incelenir, ele al\u0131n\u0131r, uzun raporlar haline d\u00f6n\u00fc\u015ft\u00fcr\u00fcl\u00fcr ve y\u00f6netim kuruluna sunulur. Ard\u0131ndan da y\u00f6netim kurulunun oylamas\u0131yla nihai karar verilir. Bu andan itibaren in\u015fallah bir aksilik \u00e7\u0131kmaz diye d\u00fc\u015f\u00fcn\u00fcyorum. Son karar UEFA\u2019n\u0131n ekim ay\u0131ndaki toplant\u0131s\u0131nda a\u00e7\u0131klanacakt\u0131r. Ekim ay\u0131ndaki toplant\u0131ya kadar ev sahibi \u015fehirleri belirlemesine gerek yok. \u00dc\u00e7 sene i\u00e7erisinde a\u00e7\u0131l\u0131\u015f, kapan\u0131\u015f, grup ma\u00e7lar\u0131 ve finaller nerede oynanacak, bunlar netle\u015fir.\u201d<\/p>\n<p>T\u00fcrkiye\u2019nin bug\u00fcne kadar bir\u00e7ok \u00f6nemli organizasyona ev sahipli\u011fi yapt\u0131\u011f\u0131n\u0131 ve deneyimi bulundu\u011funu hat\u0131rlatan Yard\u0131mc\u0131, \u201c\u0130ki \u015eampiyonlar Ligi finali, UEFA Avrupa Kupas\u0131 finali, UEFA S\u00fcper Kupa finali, FIFA 20 Ya\u015f Alt\u0131 D\u00fcnya Futbol \u015eampiyonas\u0131\u2019na ev sahipli\u011fi yapt\u0131k. T\u00fcrkiye\u2019nin UEFA\u2019daki lobisi olduk\u00e7a iyi. \u015eampiyonlar Ligi, Avrupa Ligi ve Konferans Ligi kura \u00e7ekimlerini de son iki y\u0131lda \u0130stanbul\u2019da yapt\u0131k. \u0130stanbul d\u00fcnya futbolunun kalbi. UEFA i\u00e7in \u00e7ok \u00f6nemli. Di\u011fer \u015fehirlerimiz de \u00e7ok \u00f6nemli, EURO 2032 ile di\u011fer \u015fehirlerimizi de k\u00fclt\u00fcr, tarih ve mutfa\u011f\u0131yla tan\u0131tma f\u0131rsat\u0131n\u0131 yakalayaca\u011f\u0131z. Bu \u015fehirlerimizin de \u00f6ne \u00e7\u0131kmas\u0131 \u00fclkemiz ad\u0131na \u00f6nemli.\u201d \u015feklinde konu\u015ftu. (AA)<\/p>\n","protected":false},"excerpt":{"rendered":"<p>UEFA Y\u00f6netim Kurulu \u00dcyesi Servet Yard\u0131mc\u0131, T\u00fcrkiye ve \u0130talya&#8217;n\u0131n 2032 Avrupa Futbol \u015eampiyonas\u0131&#8217;na (EURO 2032) ev sahipli\u011fi i\u00e7in ortak ba\u015fvurusunun harika bir geli\u015fme oldu\u011funu s\u00f6yledi.<\/p>\n","protected":false},"author":1,"featured_media":110361,"comment_status":"closed","ping_status":"open","sticky":false,"template":"","format":"standard","meta":{"footnotes":""},"categories":[31],"tags":[271,13209,3788,2516,160],"class_list":["post-110360","post","type-post","status-publish","format-standard","has-post-thumbnail","hentry","category-spor","tag-aday","tag-euro-2032","tag-ev-sahipligi","tag-uefa","tag-ulke"],"_links":{"self":[{"href":"https:\/\/haberulus.net\/index.php?rest_route=\/wp\/v2\/posts\/110360","targetHints":{"allow":["GET"]}}],"collection":[{"href":"https:\/\/haberulus.net\/index.php?rest_route=\/wp\/v2\/posts"}],"about":[{"href":"https:\/\/haberulus.net\/index.php?rest_route=\/wp\/v2\/types\/post"}],"author":[{"embeddable":true,"href":"https:\/\/haberulus.net\/index.php?rest_route=\/wp\/v2\/users\/1"}],"replies":[{"embeddable":true,"href":"https:\/\/haberulus.net\/index.php?rest_route=%2Fwp%2Fv2%2Fcomments&post=110360"}],"version-history":[{"count":1,"href":"https:\/\/haberulus.net\/index.php?rest_route=\/wp\/v2\/posts\/110360\/revisions"}],"predecessor-version":[{"id":110362,"href":"https:\/\/haberulus.net\/index.php?rest_route=\/wp\/v2\/posts\/110360\/revisions\/110362"}],"wp:featuredmedia":[{"embeddable":true,"href":"https:\/\/haberulus.net\/index.php?rest_route=\/wp\/v2\/media\/110361"}],"wp:attachment":[{"href":"https:\/\/haberulus.net\/index.php?rest_route=%2Fwp%2Fv2%2Fmedia&parent=110360"}],"wp:term":[{"taxonomy":"category","embeddable":true,"href":"https:\/\/haberulus.net\/index.php?rest_route=%2Fwp%2Fv2%2Fcategories&post=110360"},{"taxonomy":"post_tag","embeddable":true,"href":"https:\/\/haberulus.net\/index.php?rest_route=%2Fwp%2Fv2%2Ftags&post=110360"}],"curies":[{"name":"wp","href":"https:\/\/api.w.org\/{rel}","templated":true}]}}