{"id":110408,"date":"2023-08-09T15:21:03","date_gmt":"2023-08-09T15:21:03","guid":{"rendered":"https:\/\/haberulus.net\/?p=110408"},"modified":"2023-08-09T15:21:03","modified_gmt":"2023-08-09T15:21:03","slug":"festival-kuraklik-ve-urun-azligi-nedeniyle-iptal-edildi","status":"publish","type":"post","link":"https:\/\/haberulus.net\/?p=110408","title":{"rendered":"Festival, kurakl\u0131k ve \u00fcr\u00fcn azl\u0131\u011f\u0131 nedeniyle iptal edildi"},"content":{"rendered":"<p>\u0130zmir\u2019in G\u00fczelbah\u00e7e il\u00e7esinde belediye taraf\u0131nda her y\u0131l d\u00fczenlenen Payaml\u0131 Bardac\u0131k Festivali bu y\u0131l kurakl\u0131k ve \u00fcr\u00fcn azl\u0131\u011f\u0131 nedeniyle iptal edildi.<\/p>\n<p>G\u00fczelbah\u00e7e Belediye Ba\u015fkan\u0131 Mustafa \u0130nce, yapt\u0131\u011f\u0131 a\u00e7\u0131klamada \u201cDe\u011ferli G\u00fczelbah\u00e7e Sakinleri, Her y\u0131l b\u00fcy\u00fck bir co\u015fkuyla d\u00fczenledi\u011fimiz \u2018Payaml\u0131 Bardac\u0131k Festivali\u2019, bu y\u0131l maalesef mevsimsel kurakl\u0131k ve \u00fcr\u00fcn azl\u0131\u011f\u0131 sebebiyle iptal etmek zorunda kald\u0131k. Bu karar\u0131 almak bizim i\u00e7in de zor olmu\u015ftur. Umuyoruz ki, gelecek y\u0131l topraklar\u0131m\u0131z daha bereketli, festivalimiz ise daha co\u015fkulu olur. Bu vesileyle sizlere en i\u00e7ten sayg\u0131lar\u0131m\u0131z\u0131 sunuyoruz\u201d dedi. ANKA<\/p>\n","protected":false},"excerpt":{"rendered":"<p>\u0130zmir&#8217;in G\u00fczelbah\u00e7e il\u00e7esinde her y\u0131l d\u00fczenlenen &#8216;Payaml\u0131 Bardac\u0131k Festivali&#8217; kurakl\u0131k ve \u00fcr\u00fcn azl\u0131\u011f\u0131 nedeniyle iptal edildi.<\/p>\n","protected":false},"author":1,"featured_media":110409,"comment_status":"closed","ping_status":"open","sticky":false,"template":"","format":"standard","meta":{"footnotes":""},"categories":[27],"tags":[],"class_list":["post-110408","post","type-post","status-publish","format-standard","has-post-thumbnail","hentry","category-kultur-sanat"],"_links":{"self":[{"href":"https:\/\/haberulus.net\/index.php?rest_route=\/wp\/v2\/posts\/110408","targetHints":{"allow":["GET"]}}],"collection":[{"href":"https:\/\/haberulus.net\/index.php?rest_route=\/wp\/v2\/posts"}],"about":[{"href":"https:\/\/haberulus.net\/index.php?rest_route=\/wp\/v2\/types\/post"}],"author":[{"embeddable":true,"href":"https:\/\/haberulus.net\/index.php?rest_route=\/wp\/v2\/users\/1"}],"replies":[{"embeddable":true,"href":"https:\/\/haberulus.net\/index.php?rest_route=%2Fwp%2Fv2%2Fcomments&post=110408"}],"version-history":[{"count":1,"href":"https:\/\/haberulus.net\/index.php?rest_route=\/wp\/v2\/posts\/110408\/revisions"}],"predecessor-version":[{"id":110410,"href":"https:\/\/haberulus.net\/index.php?rest_route=\/wp\/v2\/posts\/110408\/revisions\/110410"}],"wp:featuredmedia":[{"embeddable":true,"href":"https:\/\/haberulus.net\/index.php?rest_route=\/wp\/v2\/media\/110409"}],"wp:attachment":[{"href":"https:\/\/haberulus.net\/index.php?rest_route=%2Fwp%2Fv2%2Fmedia&parent=110408"}],"wp:term":[{"taxonomy":"category","embeddable":true,"href":"https:\/\/haberulus.net\/index.php?rest_route=%2Fwp%2Fv2%2Fcategories&post=110408"},{"taxonomy":"post_tag","embeddable":true,"href":"https:\/\/haberulus.net\/index.php?rest_route=%2Fwp%2Fv2%2Ftags&post=110408"}],"curies":[{"name":"wp","href":"https:\/\/api.w.org\/{rel}","templated":true}]}}