{"id":110441,"date":"2023-08-09T16:51:02","date_gmt":"2023-08-09T16:51:02","guid":{"rendered":"https:\/\/haberulus.net\/?p=110441"},"modified":"2023-08-09T16:51:02","modified_gmt":"2023-08-09T16:51:02","slug":"kahramanmarasta-binalarin-en-fazla-kac-kat-olacagi-aciklandi","status":"publish","type":"post","link":"https:\/\/haberulus.net\/?p=110441","title":{"rendered":"Kahramanmara\u015f\u2019ta binalar\u0131n en fazla ka\u00e7 kat olaca\u011f\u0131 a\u00e7\u0131kland\u0131"},"content":{"rendered":"<p>Depremlerde Kahramanmara\u015f\u2019\u0131n en \u00e7ok hasar alan \u015fehrin merkeziyle ilgili y\u00fcr\u00fct\u00fclen Kentsel D\u00f6n\u00fc\u015f\u00fcm Projesi tamamland\u0131. Konuyla ilgili bas\u0131n toplant\u0131s\u0131 d\u00fczenleyen Kahramanmara\u015f B\u00fcy\u00fck\u015fehir Belediye Ba\u015fkan\u0131 Hayrettin G\u00fcng\u00f6r, \u015fehrin imar ve in\u015fas\u0131 noktas\u0131nda \u00e7al\u0131\u015fmaya devam ettiklerini s\u00f6yledi.<\/p>\n<p>\u015eehrin yeniden imar ve in\u015fas\u0131 i\u00e7in zeminin nas\u0131l oldu\u011funun belirlenmesi a\u00e7\u0131s\u0131ndan kapsaml\u0131 bir \u00e7al\u0131\u015fma yap\u0131ld\u0131\u011f\u0131n\u0131 kaydeden G\u00fcng\u00f6r, \u015f\u00f6yle konu\u015ftu:<\/p>\n<p>* \u201cZemin et\u00fct \u00e7al\u0131\u015fmalar\u0131n\u0131n ard\u0131ndan projeler hayata ge\u00e7irilmeye ba\u015fland\u0131. Bir taraftan kal\u0131c\u0131 konutlar\u0131m\u0131z y\u00fckselirken bir taraftan tamamlanan k\u00f6y evlerinin teslimi yap\u0131l\u0131yor. \u015eehir merkezimizde de \u00c7evre, \u015eehircilik ve \u0130klim De\u011fi\u015fikli\u011fi Bakanl\u0131\u011f\u0131, TOK\u0130, Emlak Konut ve payda\u015f kurumlar\u0131m\u0131z i\u015f birli\u011fiyle kentsel tasar\u0131m \u00e7al\u0131\u015fmas\u0131 hayata ge\u00e7iriliyor.<\/p>\n<p>* 10 A\u011fustos Per\u015fembe g\u00fcn\u00fc \u00c7evre, \u015eehircilik ve \u0130klim De\u011fi\u015fikli\u011fi Bakan\u0131m\u0131z Say\u0131n Mehmet \u00d6zhaseki\u2019nin kat\u0131l\u0131m\u0131yla Kahramanmara\u015f Merkez Kentsel D\u00f6n\u00fc\u015f\u00fcm projesinin temel atma t\u00f6renini ger\u00e7ekle\u015ftirece\u011fiz. Saat 13.00\u2019da yap\u0131lacak bu t\u00f6rene t\u00fcm hem\u015fehrilerimizi bekliyoruz. Kentsel tasar\u0131m projemiz bu alandan ba\u015flay\u0131p geni\u015fleyerek devam edecek. Yeni Kahramanmara\u015f\u0131 el birli\u011fiyle in\u015fa edece\u011fiz.\u201d<\/p>\n<p><img decoding=\"async\" src=\"https:\/\/i01.sozcucdn.com\/wp-content\/uploads\/2023\/08\/09\/33-maras.jpg\" alt=\"\" title=\"\"><\/p>\n<p><strong>MERKEZ EN FAZLA ZEM\u0130N ARTI 4 KATLI B\u0130NA OLACAK<\/strong><\/p>\n<p>\u00c7evre, \u0130klim ve \u015eehircilik Bakan\u0131 Mehmet \u00d6zhaseki\u2019nin kat\u0131l\u0131m\u0131yla temeli yar\u0131n at\u0131lacak proje kapsam\u0131nda merkezde y\u00fcksek katl\u0131 binalara izin verilmeyecek.<\/p>\n<p>D\u00fcnyan\u0131n en sa\u00e7ma binas\u0131 olarak an\u0131lan ve ge\u00e7en y\u0131l y\u0131k\u0131lan 18 katl\u0131 \u0130l \u00d6zel \u0130dare Binas\u0131 d\u0131\u015f\u0131nda merkezde kot fark\u0131yla birlikte zemin art\u0131 10 kata kadar olan binalar art\u0131k yerini zemin art\u0131 4 katl\u0131 binalara b\u0131rakacak.<\/p>\n<p>Yeni projeyle \u0130smetpa\u015fa Mahallesi\u2019nde zemin art\u0131 4 kat, H\u00fck\u00fcmet Bulvar\u0131\u2019nda zemin art\u0131 3 kat ofis ve i\u015f yeri Azerbaycan Mahallesi (Hayrullah Mahallesi) zemin art\u0131 4 kat konut olacak. (DHA)<\/p>\n","protected":false},"excerpt":{"rendered":"<p>6 \u015eubat depremlerinin merkez \u00fcss\u00fc Kahramanmara\u015f&#8217;ta deprem \u00f6ncesi kot fark\u0131yla zemin art\u0131 10 kata kadar binalar\u0131n yer ald\u0131\u011f\u0131 \u015fehir merkezinde, yar\u0131n temeli at\u0131lacak Kentsel D\u00f6n\u00fc\u015f\u00fcm Projesi ile binalar en fazla zemin art\u0131 4 kat olacak.<\/p>\n","protected":false},"author":1,"featured_media":110442,"comment_status":"closed","ping_status":"open","sticky":false,"template":"","format":"standard","meta":{"footnotes":""},"categories":[26],"tags":[474,2325,646,684],"class_list":["post-110441","post","type-post","status-publish","format-standard","has-post-thumbnail","hentry","category-gundem","tag-bina","tag-kat","tag-merkez","tag-proje"],"_links":{"self":[{"href":"https:\/\/haberulus.net\/index.php?rest_route=\/wp\/v2\/posts\/110441","targetHints":{"allow":["GET"]}}],"collection":[{"href":"https:\/\/haberulus.net\/index.php?rest_route=\/wp\/v2\/posts"}],"about":[{"href":"https:\/\/haberulus.net\/index.php?rest_route=\/wp\/v2\/types\/post"}],"author":[{"embeddable":true,"href":"https:\/\/haberulus.net\/index.php?rest_route=\/wp\/v2\/users\/1"}],"replies":[{"embeddable":true,"href":"https:\/\/haberulus.net\/index.php?rest_route=%2Fwp%2Fv2%2Fcomments&post=110441"}],"version-history":[{"count":1,"href":"https:\/\/haberulus.net\/index.php?rest_route=\/wp\/v2\/posts\/110441\/revisions"}],"predecessor-version":[{"id":110443,"href":"https:\/\/haberulus.net\/index.php?rest_route=\/wp\/v2\/posts\/110441\/revisions\/110443"}],"wp:featuredmedia":[{"embeddable":true,"href":"https:\/\/haberulus.net\/index.php?rest_route=\/wp\/v2\/media\/110442"}],"wp:attachment":[{"href":"https:\/\/haberulus.net\/index.php?rest_route=%2Fwp%2Fv2%2Fmedia&parent=110441"}],"wp:term":[{"taxonomy":"category","embeddable":true,"href":"https:\/\/haberulus.net\/index.php?rest_route=%2Fwp%2Fv2%2Fcategories&post=110441"},{"taxonomy":"post_tag","embeddable":true,"href":"https:\/\/haberulus.net\/index.php?rest_route=%2Fwp%2Fv2%2Ftags&post=110441"}],"curies":[{"name":"wp","href":"https:\/\/api.w.org\/{rel}","templated":true}]}}