{"id":110474,"date":"2023-08-09T18:35:04","date_gmt":"2023-08-09T18:35:04","guid":{"rendered":"https:\/\/haberulus.net\/?p=110474"},"modified":"2023-08-09T18:35:04","modified_gmt":"2023-08-09T18:35:04","slug":"dilek-kocaktan-altin-madalya","status":"publish","type":"post","link":"https:\/\/haberulus.net\/?p=110474","title":{"rendered":"Dilek Ko\u00e7ak\u2019tan alt\u0131n madalya"},"content":{"rendered":"<p>20 Ya\u015f Alt\u0131 Avrupa Atletizm \u015eampiyonas\u0131, \u0130srail\u2019de devam ediyor. Bug\u00fcn ger\u00e7ekle\u015ftirilen 1500 metre finalinde milli atlet Dilek Ko\u00e7ak, 4.16.86\u2019l\u0131k derece elde ederek alt\u0131n madalyan\u0131n sahibi oldu.<\/p>\n<p>M\u00fccadelenin ard\u0131ndan T\u00fcrkiye Atletizm Federasyonu Ba\u015fkan\u0131 Fatih \u00c7intimar ve milli atlet Dilek Ko\u00e7ak, bas\u0131n mensuplar\u0131n a\u00e7\u0131klamalarda bulundu.<\/p>\n<p>Dilek Ko\u00e7ak\u2019\u0131n b\u00fcy\u00fck bir ba\u015far\u0131 elde etti\u011fini dile getiren T\u00fcrkiye Atletizm Federasyonu Ba\u015fkan\u0131 Fatih \u00c7intimar, \u201cBug\u00fcn hep beraber seyrettik 1500 metreyi. \u0130nan\u0131lmaz bir performans, inan\u0131lmaz bir yar\u0131\u015f oldu. Son 130 metreye kadar \u00f6nde gidip, sonra geri d\u00fc\u015f\u00fcp, tekrar son 20 metrede yapt\u0131\u011f\u0131 g\u00fc\u00e7l\u00fc atakla Avrupa \u015fampiyonlu\u011funu kazand\u0131. Ben hem Dilek\u2019i hem Fesih hocay\u0131 hem de b\u00fct\u00fcn ekibi tebrik ediyorum. \u0130nan\u0131lmaz b\u00fcy\u00fck bir ba\u015far\u0131yd\u0131. Hem kendi en iyisini ko\u015farak hem de 1500 metre gen\u00e7 bayanlarda Avrupa \u015fampiyonu olarak \u00fclkemizi burada en iyi \u015fekilde temsil etti. Ben tekrar k\u0131z\u0131m\u0131za da b\u00fct\u00fcn ekibe de te\u015fekk\u00fcr ediyorum. Atletizmin altyap\u0131s\u0131 g\u00fcmb\u00fcr g\u00fcmb\u00fcr geliyor. \u0130n\u015fallah bundan \u00f6nce ald\u0131\u011f\u0131m\u0131z madalyalar gibi buradan da fazlas\u0131yla madalyayla \u00fclkemize d\u00f6nece\u011fiz\u201d ifadelerini kulland\u0131.<\/p>\n<p><b>D\u0130LEK KO\u00c7AK: M\u0130LLET\u0130M VE VATANIM \u0130\u00c7\u0130N D\u0130REND\u0130M<\/b><\/p>\n<p>Alt\u0131n madalya ald\u0131\u011f\u0131 i\u00e7in \u00e7ok mutlu oldu\u011funu dile getiren Dilek Ko\u00e7ak, \u201c\u00d6ncelikle milletim ve vatan\u0131m ad\u0131na ald\u0131\u011f\u0131m madalyadan dolay\u0131 \u00e7ok mutluyum, gururluyum. Ayn\u0131 zamanda 800 metre var. Umar\u0131m yine ayn\u0131 performansla orada da madalya alabilirim. Nasip olur in\u015fallah. Yar\u0131\u015f g\u00fczel ge\u00e7ti. Son ana kadar milletim ve vatan\u0131m i\u00e7in direndim ve alt\u0131n madalya ald\u0131m. Son 100 metrede, g\u00fcc\u00fcm orada art\u0131k bitmi\u015fti, bir ara 2\u2019ncili\u011fi kabul etmi\u015ftim ama rakibim yava\u015flad\u0131 ve alt\u0131n madalya i\u00e7in geldi\u011fimi hat\u0131rlad\u0131m. O y\u00fczden g\u00fcc\u00fcm\u00fcn sonuna kadar sava\u015ft\u0131m ve alt\u0131n madalya ald\u0131m. Yar\u0131n 800 metre var. Orada da ayn\u0131 performansla alt\u0131n madalya almay\u0131 d\u00fc\u015f\u00fcn\u00fcyorum. Rakiplerim ne kadar zorlu olsa da biz T\u00fcrk milleti olarak daha zoruz. \u0130n\u015fallah yar\u0131n da bir madalya gelir\u201d \u015feklinde konu\u015ftu.<\/p>\n<p>Dilek Ko\u00e7ak\u2019\u0131n antren\u00f6r\u00fc Fesih Do\u011fan da yar\u0131\u015f sonunda b\u00fcy\u00fck sevin\u00e7 ya\u015fad\u0131. (DHA)<\/p>\n","protected":false},"excerpt":{"rendered":"<p>Kud\u00fcs&#8217;te d\u00fczenlenen 20 Ya\u015f Alt\u0131 Avrupa Atletizm \u015eampiyonas\u0131&#8217;nda 1500 metrede 4.16.86&#8217;l\u0131k derece yapan Dilek Ko\u00e7ak, alt\u0131n madalyan\u0131n sahibi oldu.<\/p>\n","protected":false},"author":1,"featured_media":110475,"comment_status":"closed","ping_status":"open","sticky":false,"template":"","format":"standard","meta":{"footnotes":""},"categories":[31],"tags":[1125,3427,1121,194,756],"class_list":["post-110474","post","type-post","status-publish","format-standard","has-post-thumbnail","hentry","category-spor","tag-altin-madalya","tag-atlet","tag-dilek","tag-madalya","tag-metre"],"_links":{"self":[{"href":"https:\/\/haberulus.net\/index.php?rest_route=\/wp\/v2\/posts\/110474","targetHints":{"allow":["GET"]}}],"collection":[{"href":"https:\/\/haberulus.net\/index.php?rest_route=\/wp\/v2\/posts"}],"about":[{"href":"https:\/\/haberulus.net\/index.php?rest_route=\/wp\/v2\/types\/post"}],"author":[{"embeddable":true,"href":"https:\/\/haberulus.net\/index.php?rest_route=\/wp\/v2\/users\/1"}],"replies":[{"embeddable":true,"href":"https:\/\/haberulus.net\/index.php?rest_route=%2Fwp%2Fv2%2Fcomments&post=110474"}],"version-history":[{"count":1,"href":"https:\/\/haberulus.net\/index.php?rest_route=\/wp\/v2\/posts\/110474\/revisions"}],"predecessor-version":[{"id":110476,"href":"https:\/\/haberulus.net\/index.php?rest_route=\/wp\/v2\/posts\/110474\/revisions\/110476"}],"wp:featuredmedia":[{"embeddable":true,"href":"https:\/\/haberulus.net\/index.php?rest_route=\/wp\/v2\/media\/110475"}],"wp:attachment":[{"href":"https:\/\/haberulus.net\/index.php?rest_route=%2Fwp%2Fv2%2Fmedia&parent=110474"}],"wp:term":[{"taxonomy":"category","embeddable":true,"href":"https:\/\/haberulus.net\/index.php?rest_route=%2Fwp%2Fv2%2Fcategories&post=110474"},{"taxonomy":"post_tag","embeddable":true,"href":"https:\/\/haberulus.net\/index.php?rest_route=%2Fwp%2Fv2%2Ftags&post=110474"}],"curies":[{"name":"wp","href":"https:\/\/api.w.org\/{rel}","templated":true}]}}