{"id":110477,"date":"2023-08-09T18:51:03","date_gmt":"2023-08-09T18:51:03","guid":{"rendered":"https:\/\/haberulus.net\/?p=110477"},"modified":"2023-08-09T18:51:03","modified_gmt":"2023-08-09T18:51:03","slug":"stjepan-tomas-her-seye-haziriz","status":"publish","type":"post","link":"https:\/\/haberulus.net\/?p=110477","title":{"rendered":"Stjepan Tomas: Her \u015feye haz\u0131r\u0131z"},"content":{"rendered":"<p>UEFA Avrupa Konferans Ligi 3\u2019nc\u00fc Eleme Turu\u2019nda yar\u0131n H\u0131rvatistan temsilcisi Osijek, Adana Demirspor\u2019a konuk olacak.<\/p>\n<p>Kar\u015f\u0131la\u015fma \u00f6ncesinde Yeni Adana Stadyumu\u2019nda d\u00fczenlenen bas\u0131n toplant\u0131s\u0131nda konu\u015fan Osijek Teknik Direkt\u00f6r\u00fc Stjepan Tomas, \u201cAdana Demirspor\u2019un ne kadar g\u00fc\u00e7l\u00fc ve \u00f6nemli bir tak\u0131m oldu\u011funu biliyoruz. Ka\u00e7 sene \u00f6nce Adana Demirspor neredeydi, \u015fimdi nerede biliyoruz. Murat Sancak tak\u0131m\u0131 g\u00f6t\u00fcrd\u00fc. Bireysel anlamda \u00e7ok iyi oyunculara sahip ancak biz de f\u0131rsat bekliyoruz. Bizim de amac\u0131m\u0131z var. \u0130yi \u00e7al\u0131\u015ft\u0131k ve lige iyi ba\u015flad\u0131k. Turu ge\u00e7ip, gruplara kalmak istiyoruz\u201d ifadelerini kulland\u0131.<\/p>\n<p>Adana\u2019n\u0131n kavurucu s\u0131caklar\u0131n\u0131n kendilerini etkilemeyece\u011fini dile getiren Tomas, \u201cY\u0131llar \u00f6nce Adana\u2019ya gelmi\u015ftim ve o zaman daha s\u0131cakt\u0131. \u015eimdi \u00e7ok s\u0131cak bir hava yok. Adana Demirspor\u2019un taraftarlar\u0131n\u0131 da biliyorum. Bizi nas\u0131l bir atmosfer kar\u015f\u0131layacak biliyorum. Ancak her \u015feye haz\u0131r\u0131z\u201d diye konu\u015ftu. (DHA)<\/p>\n","protected":false},"excerpt":{"rendered":"<p>Osijek\u00a0Teknik Direkt\u00f6r\u00fc\u00a0Stjepan Tomas,\u00a0Adana Demirspor ma\u00e7\u0131 \u00f6ncesi d\u00fczenlenen bas\u0131n toplant\u0131s\u0131nda &#8220;Bizi nas\u0131l bir atmosfer kar\u015f\u0131layacak biliyorum. Ancak her \u015feye haz\u0131r\u0131z&#8221; dedi.<\/p>\n","protected":false},"author":1,"featured_media":110478,"comment_status":"closed","ping_status":"open","sticky":false,"template":"","format":"standard","meta":{"footnotes":""},"categories":[31],"tags":[1427],"class_list":["post-110477","post","type-post","status-publish","format-standard","has-post-thumbnail","hentry","category-spor","tag-adana"],"_links":{"self":[{"href":"https:\/\/haberulus.net\/index.php?rest_route=\/wp\/v2\/posts\/110477","targetHints":{"allow":["GET"]}}],"collection":[{"href":"https:\/\/haberulus.net\/index.php?rest_route=\/wp\/v2\/posts"}],"about":[{"href":"https:\/\/haberulus.net\/index.php?rest_route=\/wp\/v2\/types\/post"}],"author":[{"embeddable":true,"href":"https:\/\/haberulus.net\/index.php?rest_route=\/wp\/v2\/users\/1"}],"replies":[{"embeddable":true,"href":"https:\/\/haberulus.net\/index.php?rest_route=%2Fwp%2Fv2%2Fcomments&post=110477"}],"version-history":[{"count":1,"href":"https:\/\/haberulus.net\/index.php?rest_route=\/wp\/v2\/posts\/110477\/revisions"}],"predecessor-version":[{"id":110479,"href":"https:\/\/haberulus.net\/index.php?rest_route=\/wp\/v2\/posts\/110477\/revisions\/110479"}],"wp:featuredmedia":[{"embeddable":true,"href":"https:\/\/haberulus.net\/index.php?rest_route=\/wp\/v2\/media\/110478"}],"wp:attachment":[{"href":"https:\/\/haberulus.net\/index.php?rest_route=%2Fwp%2Fv2%2Fmedia&parent=110477"}],"wp:term":[{"taxonomy":"category","embeddable":true,"href":"https:\/\/haberulus.net\/index.php?rest_route=%2Fwp%2Fv2%2Fcategories&post=110477"},{"taxonomy":"post_tag","embeddable":true,"href":"https:\/\/haberulus.net\/index.php?rest_route=%2Fwp%2Fv2%2Ftags&post=110477"}],"curies":[{"name":"wp","href":"https:\/\/api.w.org\/{rel}","templated":true}]}}