{"id":110540,"date":"2023-08-09T22:05:03","date_gmt":"2023-08-09T22:05:03","guid":{"rendered":"https:\/\/haberulus.net\/?p=110540"},"modified":"2023-08-09T22:05:03","modified_gmt":"2023-08-09T22:05:03","slug":"bursada-nilufer-muzik-festivaline-alkol-ve-kamp-yasagi-getirildi","status":"publish","type":"post","link":"https:\/\/haberulus.net\/?p=110540","title":{"rendered":"Bursa\u2019da Nil\u00fcfer M\u00fczik Festivali\u2019ne alkol ve kamp yasa\u011f\u0131 getirildi"},"content":{"rendered":"<p>Cemaatlerden ve Cumhur \u0130ttifak\u0131 destek\u00e7isi partilerden son d\u00f6nemde pe\u015f pe\u015fe belediye konserlerine kar\u015f\u0131 itirazlar ve iptal talepleri geliyordu.<\/p>\n<p>Bursa\u2019da Eyl\u00fcl ay\u0131nda d\u00fczenlenecek olan Nil\u00fcfer M\u00fczik Festivali\u2019ne kamp ve alkol yasa\u011f\u0131 getirildi.<\/p>\n<p><strong>KAMP VE ALKOL YASA\u011eI GET\u0130R\u0130LD\u0130<\/strong><\/p>\n<p>Bursa Valili\u011fi, CHP\u2019li Nil\u00fcfer Belediyesi\u2019nin 1-2-3 Eyl\u00fcl tarihlerinde Balat Atat\u00fcrk Orman\u0131\u2019nda 7\u2019ncisini d\u00fczenleyece\u011fi Nil\u00fcfer M\u00fczik Festivali\u2019nde kamp yap\u0131lmas\u0131n\u0131 ve alkol al\u0131nmas\u0131n\u0131 yasaklad\u0131.<\/p>\n<p><strong>\u201cB\u0130RTAKIM YASAKLAMALAR \u0130LE KAR\u015eILA\u015eTIK\u201d<\/strong><\/p>\n<p>Nil\u00fcfer M\u00fczik Fest hesab\u0131ndan konuya ili\u015fkin a\u00e7\u0131klamada \u015f\u00f6yle denildi:<\/p>\n<p>* \u201cHer sene oldu\u011fu gibi Eyl\u00fcl ay\u0131n\u0131n ilk haftasonunda binlerce vatanda\u015f\u0131m\u0131z\u0131n kat\u0131ld\u0131\u011f\u0131 Nil\u00fcfer M\u00fczik Festivali ile ilgili haz\u0131rl\u0131klar\u0131m\u0131z devam ederken birtak\u0131m yasaklamalarla kar\u015f\u0131la\u015ft\u0131k. Konu ile ilgili detayl\u0131 bas\u0131n a\u00e7\u0131klamas\u0131 yar\u0131n saat 11:00\u2019de kamuoyu ile payla\u015f\u0131lacakt\u0131r.\u201d<\/p>\n<p><strong>60 B\u0130N\u0130 A\u015eKIN M\u00dcZ\u0130K TUTKUNU FEST\u0130VALE KATILMI\u015eTI<\/strong><\/p>\n<p>Ge\u00e7ti\u011fimiz y\u0131l T\u00fcrkiye&#8217;nin d\u00f6rt bir yan\u0131ndan 60 bini a\u015fk\u0131n m\u00fczik tutkunu Bursa&#8217;da Balat Atat\u00fcrk Orman\u0131&#8217;nda d\u00fczenlenen Nil\u00fcfer M\u00fczik Festivali&#8217;ne kat\u0131lm\u0131\u015ft\u0131. Nil\u00fcfer Belediyesi&#8217;nin \u201cD\u00fcnyay\u0131 sev, geyi\u011fi \u00f6p, festivale gel\u201d slogan\u0131yla d\u00fczenledi\u011fi Nil\u00fcfer M\u00fczik Festivali, 2 Eyl\u00fcl&#8217;de ba\u015flam\u0131\u015f 4 Eyl\u00fcl&#8217;de sona ermi\u015fti.<\/p>\n<p>Ge\u00e7en y\u0131l da festivale, son anda al\u0131nan alkol yasa\u011f\u0131 damgas\u0131n\u0131 vurmu\u015f, festivali d\u00fczenleyen Nil\u00fcfer Belediyesi&#8217;ne te\u015fekk\u00fcr eden sanat\u00e7\u0131lar yasak karar\u0131na m\u00fczikleriyle tepki g\u00f6stermi\u015fti.<\/p>\n<p><img decoding=\"async\" src=\"https:\/\/i01.sozcucdn.com\/wp-content\/uploads\/2023\/08\/09\/bursa-1.jpg\" alt=\"\" title=\"\"><\/p>\n","protected":false},"excerpt":{"rendered":"<p>Bursa&#8217;da valilik, CHP&#8217;li Nil\u00fcfer Belediyesi&#8217;nin Eyl\u00fcl ay\u0131n\u0131n ilk haftas\u0131nda 7&#8217;ncisini d\u00fczenleyece\u011fi Nil\u00fcfer M\u00fczik Festivali&#8217;ne kamp ve alkol yasa\u011f\u0131 getirdi.<\/p>\n","protected":false},"author":1,"featured_media":110541,"comment_status":"closed","ping_status":"open","sticky":false,"template":"","format":"standard","meta":{"footnotes":""},"categories":[27],"tags":[3462],"class_list":["post-110540","post","type-post","status-publish","format-standard","has-post-thumbnail","hentry","category-kultur-sanat","tag-eylul"],"_links":{"self":[{"href":"https:\/\/haberulus.net\/index.php?rest_route=\/wp\/v2\/posts\/110540","targetHints":{"allow":["GET"]}}],"collection":[{"href":"https:\/\/haberulus.net\/index.php?rest_route=\/wp\/v2\/posts"}],"about":[{"href":"https:\/\/haberulus.net\/index.php?rest_route=\/wp\/v2\/types\/post"}],"author":[{"embeddable":true,"href":"https:\/\/haberulus.net\/index.php?rest_route=\/wp\/v2\/users\/1"}],"replies":[{"embeddable":true,"href":"https:\/\/haberulus.net\/index.php?rest_route=%2Fwp%2Fv2%2Fcomments&post=110540"}],"version-history":[{"count":1,"href":"https:\/\/haberulus.net\/index.php?rest_route=\/wp\/v2\/posts\/110540\/revisions"}],"predecessor-version":[{"id":110542,"href":"https:\/\/haberulus.net\/index.php?rest_route=\/wp\/v2\/posts\/110540\/revisions\/110542"}],"wp:featuredmedia":[{"embeddable":true,"href":"https:\/\/haberulus.net\/index.php?rest_route=\/wp\/v2\/media\/110541"}],"wp:attachment":[{"href":"https:\/\/haberulus.net\/index.php?rest_route=%2Fwp%2Fv2%2Fmedia&parent=110540"}],"wp:term":[{"taxonomy":"category","embeddable":true,"href":"https:\/\/haberulus.net\/index.php?rest_route=%2Fwp%2Fv2%2Fcategories&post=110540"},{"taxonomy":"post_tag","embeddable":true,"href":"https:\/\/haberulus.net\/index.php?rest_route=%2Fwp%2Fv2%2Ftags&post=110540"}],"curies":[{"name":"wp","href":"https:\/\/api.w.org\/{rel}","templated":true}]}}