{"id":110606,"date":"2023-08-10T06:35:04","date_gmt":"2023-08-10T06:35:04","guid":{"rendered":"https:\/\/haberulus.net\/?p=110606"},"modified":"2023-08-10T06:35:04","modified_gmt":"2023-08-10T06:35:04","slug":"erdogan-temelini-atmisti-isciler-is-birakti","status":"publish","type":"post","link":"https:\/\/haberulus.net\/?p=110606","title":{"rendered":"Erdo\u011fan temelini atm\u0131\u015ft\u0131\u2026 \u0130\u015f\u00e7iler i\u015f b\u0131rakt\u0131"},"content":{"rendered":"<p>Samsun, Tekkek\u00f6y Devlet Hastanesi in\u015faat\u0131nda \u00e7al\u0131\u015fan i\u015f\u00e7iler, maa\u015flar\u0131n\u0131 alamad\u0131klar\u0131 gerek\u00e7esiyle i\u015f b\u0131rakt\u0131.<\/p>\n<p><strong>SE\u00c7\u0130M AR\u0130FES\u0130NDE, GECE YARISI TEMEL\u0130 ATMI\u015eTI<\/strong><\/p>\n<p>\u0130halesi 30.07.2018 tarihinde 126 milyon 900 bin lira bedelle yap\u0131lan 250 yatakl\u0131 Tekkek\u00f6y Devlet Hastanesi\u2019nin temelini Cumhurba\u015fkan\u0131 ve AKP Genel Ba\u015fkan\u0131 Recep Tayyip Erdo\u011fan, 31 Mart 2019 se\u00e7imleri \u00f6ncesi miting i\u00e7in geldi\u011fi Samsun\u2019dan d\u00f6nerken, gece yar\u0131s\u0131 il\u00e7eye u\u011frayarak att\u0131.<\/p>\n<p><img decoding=\"async\" src=\"https:\/\/i01.sozcucdn.com\/wp-content\/uploads\/2023\/08\/10\/c39058a6-d7da-4fed-b240-6854a97637b3.jpg\" alt=\"\" title=\"\"><\/p>\n<p><strong>ERDO\u011eAN VATANDA\u015eLARIN \u00d6N\u00dcNDE \u201cB\u0130T\u0130R\u0130LME S\u00d6Z\u00dc\u201d ALDI<\/strong><\/p>\n<p>Erdo\u011fan, 750 g\u00fcnde tamamlanmas\u0131 planlanan hastane i\u00e7in m\u00fcteahhit firmadan 600 g\u00fcnde bitirilmesi i\u00e7in de vatanda\u015flar\u0131n \u00f6n\u00fcnde s\u00f6z ald\u0131.<\/p>\n<p>\u00d6nce yer tahsisinde sorunla kar\u015f\u0131la\u015fan hastanenin daha sonra temellerinde de baz\u0131 sorunlar ya\u015fand\u0131.<\/p>\n<p>Bir s\u00fcre sonra in\u015faat tamamen durdu. 2022 y\u0131l\u0131n\u0131n sonlar\u0131na do\u011fru ise \u00e7al\u0131\u015fmalar yeniden ba\u015flad\u0131.<\/p>\n<p><img decoding=\"async\" src=\"https:\/\/i01.sozcucdn.com\/wp-content\/uploads\/2023\/08\/10\/cfba1535-524e-46ca-b651-f16b650264da.jpg\" alt=\"\" title=\"\"><\/p>\n<p><strong>SE\u00c7\u0130M \u00d6NCES\u0130NDE ESK\u0130 BAKAN 2024\u2019DE B\u0130TECEK DEM\u0130\u015eT\u0130<\/strong><\/p>\n<p>14 may\u0131s se\u00e7imlerinde Samsun\u2019dan Milletvekili aday\u0131 g\u00f6sterilen eski Ticaret Bakan\u0131 Mehmet Mu\u015f, se\u00e7im \u00e7al\u0131\u015fmalar\u0131 s\u0131ras\u0131nda il\u00e7eye yapt\u0131\u011f\u0131 ziyarette hastane hakk\u0131nda da bilgi alm\u0131\u015f ve hastanenin 2024 y\u0131l\u0131 i\u00e7erisinde tamamen bitece\u011fini a\u00e7\u0131klam\u0131\u015ft\u0131.<\/p>\n<p>Ancak, hastane in\u015faat\u0131nda \u00e7al\u0131\u015fan i\u015f\u00e7iler 2 ayd\u0131r maa\u015flar\u0131n\u0131 y\u00fcklenici firmadan alamad\u0131klar\u0131 i\u00e7in i\u015f b\u0131rakt\u0131.<\/p>\n<p>Yakla\u015f\u0131k 70 i\u015f\u00e7i, alacaklar\u0131n\u0131n \u00f6denmemesi halinde \u00e7al\u0131\u015fmayacaklar\u0131n\u0131 belirterek, in\u015faat alan\u0131ndan ayr\u0131ld\u0131. Bitirilmesi i\u00e7in 600 g\u00fcnl\u00fck takvim a\u00e7\u0131klanan hastane yine yar\u0131m kald\u0131.<\/p>\n","protected":false},"excerpt":{"rendered":"<p>Cumhurba\u015fkan\u0131 Erdo\u011fan, 31 Mart se\u00e7imleri \u00f6ncesinde miting i\u00e7in Samsun\u2019a geldi\u011finde, temelini att\u0131\u011f\u0131 Tekkek\u00f6y il\u00e7esindeki Devlet Hastanesi&#8217;nin in\u015faat\u0131nda \u00e7al\u0131\u015fan i\u015f\u00e7iler 2 ayd\u0131r maa\u015flar\u0131n\u0131 alamad\u0131klar\u0131n\u0131 ileri s\u00fcrerek i\u015f b\u0131rakt\u0131.<\/p>\n","protected":false},"author":1,"featured_media":110607,"comment_status":"closed","ping_status":"open","sticky":false,"template":"","format":"standard","meta":{"footnotes":""},"categories":[26],"tags":[1003,83,320],"class_list":["post-110606","post","type-post","status-publish","format-standard","has-post-thumbnail","hentry","category-gundem","tag-hastane","tag-is","tag-secim"],"_links":{"self":[{"href":"https:\/\/haberulus.net\/index.php?rest_route=\/wp\/v2\/posts\/110606","targetHints":{"allow":["GET"]}}],"collection":[{"href":"https:\/\/haberulus.net\/index.php?rest_route=\/wp\/v2\/posts"}],"about":[{"href":"https:\/\/haberulus.net\/index.php?rest_route=\/wp\/v2\/types\/post"}],"author":[{"embeddable":true,"href":"https:\/\/haberulus.net\/index.php?rest_route=\/wp\/v2\/users\/1"}],"replies":[{"embeddable":true,"href":"https:\/\/haberulus.net\/index.php?rest_route=%2Fwp%2Fv2%2Fcomments&post=110606"}],"version-history":[{"count":1,"href":"https:\/\/haberulus.net\/index.php?rest_route=\/wp\/v2\/posts\/110606\/revisions"}],"predecessor-version":[{"id":110608,"href":"https:\/\/haberulus.net\/index.php?rest_route=\/wp\/v2\/posts\/110606\/revisions\/110608"}],"wp:featuredmedia":[{"embeddable":true,"href":"https:\/\/haberulus.net\/index.php?rest_route=\/wp\/v2\/media\/110607"}],"wp:attachment":[{"href":"https:\/\/haberulus.net\/index.php?rest_route=%2Fwp%2Fv2%2Fmedia&parent=110606"}],"wp:term":[{"taxonomy":"category","embeddable":true,"href":"https:\/\/haberulus.net\/index.php?rest_route=%2Fwp%2Fv2%2Fcategories&post=110606"},{"taxonomy":"post_tag","embeddable":true,"href":"https:\/\/haberulus.net\/index.php?rest_route=%2Fwp%2Fv2%2Ftags&post=110606"}],"curies":[{"name":"wp","href":"https:\/\/api.w.org\/{rel}","templated":true}]}}