{"id":110618,"date":"2023-08-10T06:51:03","date_gmt":"2023-08-10T06:51:03","guid":{"rendered":"https:\/\/haberulus.net\/?p=110618"},"modified":"2023-08-10T06:51:03","modified_gmt":"2023-08-10T06:51:03","slug":"2-gune-dikkat-meteoroloji-yurdun-kuzeyini-uyardi","status":"publish","type":"post","link":"https:\/\/haberulus.net\/?p=110618","title":{"rendered":"2 g\u00fcne dikkat! Meteoroloji yurdun kuzeyini uyard\u0131\u2026"},"content":{"rendered":"<p>S\u0131caklardan bunalan vatanda\u015flar T\u00fcrkiye\u2019nin kuzeyinde bulutlu ve serin havan\u0131n hakim oldu\u011fu g\u00fcnlerle birlikte bir \u2018oh\u2019 \u00e7ekti. Yurdun kuzeyinde yer yer etkili olan sa\u011fanak ya\u011f\u0131\u015f\u0131n bug\u00fcn ve yar\u0131n daha geni\u015f bir alanda kendini g\u00f6stermesi bekleniyor. Ya\u011f\u0131\u015flar\u0131n g\u00f6r\u00fcld\u00fc\u011f\u00fc \u015fehirlerde hava s\u0131cakl\u0131klar\u0131 hissedilir derecede d\u00fc\u015ferken, cumartesi g\u00fcn\u00fcnden itibaren ya\u011f\u0131\u015flar\u0131n etkisini yitirerek yerel olarak g\u00f6r\u00fclece\u011fi tahmin ediliyor.<\/p>\n<p><img decoding=\"async\" src=\"https:\/\/i01.sozcucdn.com\/wp-content\/uploads\/2023\/08\/10\/2.jpg\" alt=\"\" title=\"\"><\/p>\n<p><strong>YEREL YA\u011eI\u015eLAR B\u0130R\u00c7OK \u015eEH\u0130RDE G\u00d6R\u00dcLECEK<\/strong><\/p>\n<p>Meteoroloji Genel M\u00fcd\u00fcrl\u00fc\u011f\u00fc taraf\u0131ndan yap\u0131lan son de\u011ferlendirmelere g\u00f6re: Yurdun kuzey kesimlerinin par\u00e7al\u0131, yer yer \u00e7ok bulutlu, Marmara\u2019n\u0131n do\u011fusu, Bat\u0131 Karadeniz, Orta ve Do\u011fu Karadeniz k\u0131y\u0131lar\u0131, K\u0131rklareli, Eski\u015fehir, \u00c7ank\u0131r\u0131 \u00e7evreleri, K\u00fctahya\u2019n\u0131n do\u011fu kesimleri ile Ankara\u2019n\u0131n kuzeybat\u0131 kesimlerinin yerel olmak \u00fczere sa\u011fanak ve yer yer g\u00f6k g\u00fcr\u00fclt\u00fcl\u00fc sa\u011fanak ya\u011f\u0131\u015fl\u0131, di\u011fer yerlerin az bulutlu ve a\u00e7\u0131k ge\u00e7ece\u011fi tahmin ediliyor.<\/p>\n<p>Hava s\u0131cakl\u0131klar\u0131n\u0131n \u0130\u00e7 Anadolu ve Karadeniz b\u00f6lgelerinde mevsim normallerinin \u00fczerinde, di\u011fer yerlerde mevsim normalleri civar\u0131nda seyretmesi bekleniyor.<\/p>\n","protected":false},"excerpt":{"rendered":"<p>Meteoroloji&#8217;nin tahminlerine g\u00f6re yurdun kuzey k\u0131y\u0131lar\u0131n\u0131n b\u00fcy\u00fck k\u0131sm\u0131nda sa\u011fanak ya\u011f\u0131\u015f etkili olacak. \u0130stanbul ve \u00e7evresinde bug\u00fcn ve yar\u0131n ya\u011fmur bekleniyor, ya\u011f\u0131\u015flar cumartesi g\u00fcn\u00fc Karadeniz&#8217;in do\u011fusuna kayarak yurdu terk edecek.<\/p>\n","protected":false},"author":1,"featured_media":110619,"comment_status":"closed","ping_status":"open","sticky":false,"template":"","format":"standard","meta":{"footnotes":""},"categories":[26],"tags":[],"class_list":["post-110618","post","type-post","status-publish","format-standard","has-post-thumbnail","hentry","category-gundem"],"_links":{"self":[{"href":"https:\/\/haberulus.net\/index.php?rest_route=\/wp\/v2\/posts\/110618","targetHints":{"allow":["GET"]}}],"collection":[{"href":"https:\/\/haberulus.net\/index.php?rest_route=\/wp\/v2\/posts"}],"about":[{"href":"https:\/\/haberulus.net\/index.php?rest_route=\/wp\/v2\/types\/post"}],"author":[{"embeddable":true,"href":"https:\/\/haberulus.net\/index.php?rest_route=\/wp\/v2\/users\/1"}],"replies":[{"embeddable":true,"href":"https:\/\/haberulus.net\/index.php?rest_route=%2Fwp%2Fv2%2Fcomments&post=110618"}],"version-history":[{"count":1,"href":"https:\/\/haberulus.net\/index.php?rest_route=\/wp\/v2\/posts\/110618\/revisions"}],"predecessor-version":[{"id":110620,"href":"https:\/\/haberulus.net\/index.php?rest_route=\/wp\/v2\/posts\/110618\/revisions\/110620"}],"wp:featuredmedia":[{"embeddable":true,"href":"https:\/\/haberulus.net\/index.php?rest_route=\/wp\/v2\/media\/110619"}],"wp:attachment":[{"href":"https:\/\/haberulus.net\/index.php?rest_route=%2Fwp%2Fv2%2Fmedia&parent=110618"}],"wp:term":[{"taxonomy":"category","embeddable":true,"href":"https:\/\/haberulus.net\/index.php?rest_route=%2Fwp%2Fv2%2Fcategories&post=110618"},{"taxonomy":"post_tag","embeddable":true,"href":"https:\/\/haberulus.net\/index.php?rest_route=%2Fwp%2Fv2%2Ftags&post=110618"}],"curies":[{"name":"wp","href":"https:\/\/api.w.org\/{rel}","templated":true}]}}