{"id":110642,"date":"2023-08-10T07:35:02","date_gmt":"2023-08-10T07:35:02","guid":{"rendered":"https:\/\/haberulus.net\/?p=110642"},"modified":"2023-08-10T07:35:02","modified_gmt":"2023-08-10T07:35:02","slug":"egirdir-ve-beysehir-golleri-kritik-duzeyin-altinda-bir-damla-dahi-su-almayin-uyarisi","status":"publish","type":"post","link":"https:\/\/haberulus.net\/?p=110642","title":{"rendered":"E\u011firdir ve Bey\u015fehir g\u00f6lleri kritik d\u00fczeyin alt\u0131nda: \u2018Bir damla dahi su almay\u0131n\u2019 uyar\u0131s\u0131"},"content":{"rendered":"<p>\u0130klim de\u011fi\u015fikli\u011fi, tar\u0131m sekt\u00f6r\u00fcnde a\u015f\u0131r\u0131 ve vah\u015fi tar\u0131msal sulama gibi sorunlara bu y\u0131l El-Nino s\u0131cakl\u0131klar\u0131 da eklenince su kaynaklar\u0131n\u0131n su seviyelerindeki d\u00fc\u015f\u00fc\u015f h\u0131zland\u0131. T\u00fcrkiye Tabiat\u0131n\u0131 Koruma Derne\u011fi (TTKD) Bilim Dan\u0131\u015fman\u0131 Dr. Erol Kesici, E\u011firdir ve Bey\u015fehir g\u00f6llerindeki su seviyesinin kritik seviyesinin alt\u0131na d\u00fc\u015ft\u00fc\u011f\u00fcn\u00fc, E\u011firdir\u2019de DS\u0130\u2019ye ait baz\u0131 noktalardaki \u00f6l\u00e7\u00fcm cihazlar\u0131n\u0131n \u00f6l\u00e7\u00fcm yapamaz hale geldi\u011fini a\u00e7\u0131klad\u0131.<\/p>\n<p>E\u011firdir ve Bey\u015fehir g\u00f6llerinin T\u00fcrkiye\u2019nin en b\u00fcy\u00fck do\u011fal tatl\u0131 su kaynaklar\u0131ndan oldu\u011funu belirten Dr. Erol Kesici, \u201cBu g\u00f6llerimiz stratejik \u00f6neme sahip, i\u00e7me ve kullanma suyu olarak de\u011ferlendirilmektedir. Bu g\u00f6llerin korunmas\u0131yla ilgili uzun y\u0131llar \u00e7e\u015fitli yasa ve y\u00f6netmelikler \u00e7\u0131kar\u0131lmas\u0131na ra\u011fmen iki g\u00f6lde de a\u015f\u0131r\u0131 su kullan\u0131m\u0131ndan kaynakl\u0131 g\u00f6l seviyelerindeki azalmalar giderek art\u0131yor\u201d dedi.<\/p>\n<div><img decoding=\"async\" src=\"https:\/\/i01.sozcucdn.com\/wp-content\/uploads\/2023\/08\/10\/resimid_235096481_23509648.jpg\" alt=\"\" title=\"\"><\/p>\n<p>Dr. Erol Kesici<\/p>\n<\/div>\n<p><strong>B\u0130R DAMLA DAH\u0130 SU ALINAMAZ<\/strong><\/p>\n<p>Son y\u0131llarda \u00e7\u0131kart\u0131lan \u00f6zel h\u00fck\u00fcmler do\u011frultusunda E\u011firdir G\u00f6l\u00fc\u2019ndeki kritik su seviyesinin 914,74 metre, Bey\u015fehir G\u00f6l\u00fc\u2019nde ise 1120,40 metre olarak belirlendi\u011fini bildiren Dr. Erol Kesici, \u201cBu iki g\u00f6l\u00fcn de kendi \u00f6zel h\u00fck\u00fcm yasalar\u0131nda, belirtilen kritik su seviyelerinin alt\u0131na d\u00fc\u015f\u00fclmesi halinde bir damla dahi su al\u0131namayaca\u011f\u0131 belirtilmektedir. Bug\u00fcn geldi\u011fimiz noktada, bir damla dahi su al\u0131nmamas\u0131 gereken kot seviyesi her iki g\u00f6lde de belirtilen miktarlar\u0131n alt\u0131na d\u00fc\u015fm\u00fc\u015ft\u00fcr. Bu rakam E\u011firdir\u2019de 914,70\u2019in yakla\u015f\u0131k 11 santimetre, Bey\u015fehir\u2019de 1120,40\u2019\u0131n yakla\u015f\u0131k 14 santimetre alt\u0131na d\u00fc\u015fen de\u011ferlerdir\u201d diye konu\u015ftu.<\/p>\n<p><strong>SONDAJLAR 300 METREY\u0130 BULUYOR<\/strong><\/p>\n<p>Bu iki g\u00f6l\u00fcn korunmas\u0131 i\u00e7in 10-12 y\u0131l \u00f6ncesinde \u00f6zel h\u00fck\u00fcm yasalar \u00e7\u0131kart\u0131l\u0131rken, belirtilen kritik su seviyesi miktarlar\u0131n\u0131 kabul etmediklerini s\u00f6yleyen Dr. Erol Kesici, \u201cO y\u0131llarda, \u2018E\u011fer siz E\u011firdir G\u00f6l\u00fc i\u00e7in 914,74\u2019\u00fc kritik seviye olarak belirlerseniz, bu g\u00f6l\u00fcn \u015fimdiden \u00f6l\u00fcm ferman\u0131n\u0131 haz\u0131rlamak anlam\u0131na gelecektir\u2019 demi\u015ftik. Bu gelinen nokta o durumdad\u0131r. A\u011fustos ay\u0131n\u0131n ba\u015f\u0131nday\u0131z, bir damla dahi su al\u0131namaz hale gelmi\u015ftir. Elma yeti\u015ftiricileri, \u00fcreticiler, hayvanc\u0131lar hepsi tela\u015f ve isyan halinde \u00e7\u00fcnk\u00fc suya gereksinim giderek artmakta, su alamamaktad\u0131rlar. Ayn\u0131 \u015fekilde yer alt\u0131 su kaynaklar\u0131 da ciddi oranda azald\u0131. G\u00f6llerin etraf\u0131nda yo\u011fun sondaj \u00e7al\u0131\u015fmalar\u0131 var, 300 metreye kadar su \u00e7\u0131kart\u0131labiliyor ifadelerini kulland\u0131.<\/p>\n<p><strong>SULAK TARIMI TE\u015eV\u0130K ETMEY\u0130N<\/strong><\/p>\n<p>\u0130ki g\u00f6lle ilgili y\u00f6relerinde tar\u0131msal \u00fcretimde susuzlu\u011fun giderilemeyi\u015finin \u00e7ok ciddi sorun oldu\u011funu anlatan Dr. Kesici, \u201c\u00d6rne\u011fin kalite ve verimde d\u00fc\u015f\u00fc\u015fler s\u00f6z konusu. D\u0131\u015far\u0131dan gelen hastal\u0131klara kar\u015f\u0131 bitkilerin diren\u00e7leri giderek azalmakta ve bir\u00e7ok kurtlanma olay\u0131 nedeniyle daha \u00e7ok kimyasal g\u00fcbre kullan\u0131m\u0131na neden olmaktad\u0131r. B\u00f6lgede y\u0131llard\u0131r s\u00f6yledi\u011fimiz Bey\u015fehir ve \u00e7evresinde iklimin kurak olmas\u0131na ra\u011fmen halen sulak tar\u0131m\u0131n yap\u0131lmas\u0131, ayn\u0131 \u015fekilde Isparta\u2019da ay\u00e7i\u00e7e\u011fi \u00fcretiminin y\u00fczde 50 artmas\u0131na neden olan te\u015fvikler, pancar, yem bitkileri gibi \u00fcretimlerin yap\u0131lmas\u0131 ve suya ihtiya\u00e7 daha \u00e7ok artt\u0131\u011f\u0131ndan bug\u00fcn bir\u00e7ok \u00e7ift\u00e7i su alamaz vaziyete gelmi\u015ftir. Hastal\u0131klara kar\u015f\u0131 diren\u00e7 giderek azalm\u0131\u015ft\u0131r\u201d dedi.<\/p>\n<p><img decoding=\"async\" src=\"https:\/\/i01.sozcucdn.com\/wp-content\/uploads\/2023\/08\/10\/resimid_235096551_23509655.jpg\" alt=\"\" title=\"\"><\/p>\n<p><strong>G\u00dcNDE 1-2 SANT\u0130M \u00c7EK\u0130LME YA\u015eANIYOR<\/strong><\/p>\n<p>G\u00f6llerdeki en b\u00fcy\u00fck tehlikenin su seviyesinin kritik kot d\u00fczeyin alt\u0131na inmesine ba\u011fl\u0131 dip sular\u0131 oldu\u011funu belirten Dr. Kesici, \u201cDip sular\u0131 hem sa\u011fl\u0131k a\u00e7\u0131s\u0131ndan tehlikelidir hem de a\u015f\u0131r\u0131 \u015fekilde buharla\u015fmaya neden oluyor. E\u011firdir ve Bey\u015fehir\u2019de her g\u00fcn neredeyse 1-2 santimlik \u00e7ekilme vard\u0131r. \u015eiddetli buharla\u015fma, su seviyesinin azalmas\u0131n\u0131n sonucudur. Su seviyesi azald\u0131k\u00e7a buharla\u015fma artmaktad\u0131r. Dip sular\u0131 ya\u015famsal tehlike olu\u015fturmaktad\u0131r. \u00c7\u00fcnk\u00fc su i\u00e7erisindeki mavi-ye\u015fil alglerin artmas\u0131 sonucu giderek oksijen seviyesi d\u00fc\u015f\u00fcyor, siyanobakteri faaliyetleri neticesinde artan kirlilik, bakteri konsantrasyonunu daha \u00fcst seviyeye \u00e7\u0131karmaktad\u0131r\u201d diye konu\u015ftu.<\/p>\n<p><strong>NELER YAPILMASI GEREK\u0130YOR?<\/strong><\/p>\n<p>G\u00f6llerdeki su \u00fcr\u00fcnleri verimlili\u011finin de giderek d\u00fc\u015ft\u00fc\u011f\u00fcn\u00fc vurgulayan Dr. Kesici, \u201cBu nedenle mutlaka g\u00f6llerin biyolojik olarak su seviye kotlar\u0131n\u0131n korunmas\u0131 gerekiyor. B\u00f6lgedeki tar\u0131m ve \u00fcretim bi\u00e7iminin yeniden d\u00fczenlemesi gerekiyor. Su kullan\u0131m\u0131nda pop\u00fclist yakla\u015f\u0131mlar yerine bilimsel y\u00f6ntemler gerekiyor. Y\u0131llard\u0131r belirtti\u011fimiz nokta, iklimimiz neyse tar\u0131m\u0131m\u0131z da kentlerimiz de k\u00f6ylerimiz de ona g\u00f6re d\u00fczenlenmelidir. Ya\u011fmur suyu hasad\u0131 mutlaka yap\u0131lmal\u0131, a\u00e7\u0131k y\u00f6ntemlerle suyun ta\u015f\u0131nmas\u0131, g\u00f6let yap\u0131mlar\u0131ndan vazge\u00e7ilmelidir. Suyun ar\u0131t\u0131larak tekrar tekrar kullan\u0131m\u0131 zorunlulu\u011funun zaman\u0131 geldi de ge\u00e7iyor bile. O nedenle geri su kullan\u0131m\u0131 ve ya\u011fmur suyu hasad\u0131n\u0131 mutlaka yerine getirmeli ve suyu \u00e7ok iyi y\u00f6netmemiz gerekiyor\u201d ifadelerini kulland\u0131. (DHA)<\/p>\n","protected":false},"excerpt":{"rendered":"<p>T\u00fcrkiye&#8217;nin en b\u00fcy\u00fck do\u011fal tatl\u0131 su g\u00f6llerinden E\u011firdir ve Bey\u015fehir g\u00f6llerindeki su seviyesi, kritik seviye olarak belirtilen kotlar\u0131n alt\u0131na indi. E\u011firdir G\u00f6l\u00fc&#8217;nde 11 santim, Bey\u015fehir&#8217;de 14 santim kritik su seviyesinin alt\u0131na inildi\u011fini belirten Dr. Erol Kesici, \u00f6zel h\u00fck\u00fcmler i\u00e7eren yasalara g\u00f6re iki g\u00f6lden bir damla dahi su al\u0131namayaca\u011f\u0131n\u0131 s\u00f6yledi.<\/p>\n","protected":false},"author":1,"featured_media":110643,"comment_status":"closed","ping_status":"open","sticky":false,"template":"","format":"standard","meta":{"footnotes":""},"categories":[26],"tags":[451,5343,323,7797,1232],"class_list":["post-110642","post","type-post","status-publish","format-standard","has-post-thumbnail","hentry","category-gundem","tag-beysehir","tag-egirdir","tag-gol","tag-kritik","tag-tarim"],"_links":{"self":[{"href":"https:\/\/haberulus.net\/index.php?rest_route=\/wp\/v2\/posts\/110642","targetHints":{"allow":["GET"]}}],"collection":[{"href":"https:\/\/haberulus.net\/index.php?rest_route=\/wp\/v2\/posts"}],"about":[{"href":"https:\/\/haberulus.net\/index.php?rest_route=\/wp\/v2\/types\/post"}],"author":[{"embeddable":true,"href":"https:\/\/haberulus.net\/index.php?rest_route=\/wp\/v2\/users\/1"}],"replies":[{"embeddable":true,"href":"https:\/\/haberulus.net\/index.php?rest_route=%2Fwp%2Fv2%2Fcomments&post=110642"}],"version-history":[{"count":1,"href":"https:\/\/haberulus.net\/index.php?rest_route=\/wp\/v2\/posts\/110642\/revisions"}],"predecessor-version":[{"id":110644,"href":"https:\/\/haberulus.net\/index.php?rest_route=\/wp\/v2\/posts\/110642\/revisions\/110644"}],"wp:featuredmedia":[{"embeddable":true,"href":"https:\/\/haberulus.net\/index.php?rest_route=\/wp\/v2\/media\/110643"}],"wp:attachment":[{"href":"https:\/\/haberulus.net\/index.php?rest_route=%2Fwp%2Fv2%2Fmedia&parent=110642"}],"wp:term":[{"taxonomy":"category","embeddable":true,"href":"https:\/\/haberulus.net\/index.php?rest_route=%2Fwp%2Fv2%2Fcategories&post=110642"},{"taxonomy":"post_tag","embeddable":true,"href":"https:\/\/haberulus.net\/index.php?rest_route=%2Fwp%2Fv2%2Ftags&post=110642"}],"curies":[{"name":"wp","href":"https:\/\/api.w.org\/{rel}","templated":true}]}}