{"id":110678,"date":"2023-08-10T08:51:05","date_gmt":"2023-08-10T08:51:05","guid":{"rendered":"https:\/\/haberulus.net\/?p=110678"},"modified":"2023-08-10T08:51:05","modified_gmt":"2023-08-10T08:51:05","slug":"chpli-ozgur-ozel-adayliga-karar-verdigimde-bunu-once-ailemle-sonra-genel-baskan-ile-paylasacagim","status":"publish","type":"post","link":"https:\/\/haberulus.net\/?p=110678","title":{"rendered":"CHP&#8217;li \u00d6zg\u00fcr \u00d6zel: Adayl\u0131\u011fa karar verdi\u011fimde bunu \u00f6nce ailemle sonra genel ba\u015fkan ile payla\u015faca\u011f\u0131m"},"content":{"rendered":"<p> <strong>Se\u00e7im<\/strong> sonras\u0131 kongre s\u00fcreci ba\u015flayan CHP&#8217;de liderlik de\u011fi\u015fiminin yan\u0131 s\u0131ra program ve t\u00fcz\u00fck de\u011fi\u015fikli\u011fi de konu\u015fuluyor. Ad\u0131 genel ba\u015fkan adayl\u0131\u011f\u0131 i\u00e7in ge\u00e7en CHP Grup Ba\u015fkan\u0131 \u00d6zg\u00fcr \u00d6zel, istifa ederek genel ba\u015fkanl\u0131k i\u00e7in Anadolu turuna \u00e7\u0131kaca\u011f\u0131na iddialar\u0131na ili\u015fkin &#8220;Adayl\u0131\u011fa karar verdi\u011fimde bunu \u00f6nce ailemle sonra genel ba\u015fkanla payla\u015faca\u011f\u0131m. Genel ba\u015fkanla bunu payla\u015ft\u0131\u011f\u0131mda nas\u0131l d\u00fc\u015f\u00fcn\u00fcyorum onu s\u00f6yleyece\u011fim, genel ba\u015fkan\u0131n da nas\u0131l d\u00fc\u015f\u00fcnd\u00fc\u011f\u00fcn\u00fc \u00f6\u011frenmek isteyece\u011fim&#8221; ifadelerini kulland\u0131.<\/p>\n<p><b>\u0130ST\u0130FA \u0130DD\u0130ALARINI YALANLADI<\/b><\/p>\n<p>Meclis&#8217;te bir grup gazetecinin sorular\u0131n\u0131 yan\u0131tlayan CHP Grup Ba\u015fkan\u0131 \u00d6zg\u00fcr \u00d6zel, istifa edece\u011fi y\u00f6n\u00fcnde haberlerin do\u011fru olmad\u0131\u011f\u0131n\u0131 s\u00f6yledi, bu konunun kendi tasarrufu d\u0131\u015f\u0131nda tart\u0131\u015f\u0131lmas\u0131n\u0131 iyi niyetli bulmad\u0131\u011f\u0131n\u0131 kaydetti.<\/p>\n<p><b>&#8220;BUNU YAPACAKSAM BENDEN DUYARLAR&#8221;<\/b><\/p>\n<p>Genel ba\u015fkan adayl\u0131\u011f\u0131 ile ilgili sorulara daha \u00f6nce &#8220;Sorumluluk almaktan ka\u00e7mayaca\u011f\u0131m&#8221; y\u00f6n\u00fcnde a\u00e7\u0131klamalar\u0131n\u0131 hat\u0131rlatarak yan\u0131t veren \u00d6zel ayn\u0131 noktada oldu\u011funu kaydetti. Birileri s\u00f6yl\u00fcyor diye istifa edip Anadolu turuna \u00e7\u0131kma gibi bir durum olmad\u0131\u011f\u0131n\u0131 ifade eden \u00d6zel, &#8220;Bunu yapacaksam benden duyarlar. Birileri s\u00f6yl\u00fcyor diye ve basitle\u015ftirerek ve indirgeyici bir anlay\u0131\u015fla onlar\u0131n s\u00f6yledi\u011fi zamana ve zemine mahkum olmadan \u00e7ok daha g\u00fc\u00e7l\u00fc ve \u00e7ok daha T\u00fcrkiye&#8217;ye umut verecek \u015fekilde yapabiliriz. Bu da bir ki\u015finin de\u011fil bir anlay\u0131\u015f\u0131n harekete ge\u00e7mesi ile m\u00fcmk\u00fcn. Adayl\u0131\u011fa karar verdi\u011fimde bunu \u00f6nce ailemle sonra genel ba\u015fkanla payla\u015faca\u011f\u0131m. Genel ba\u015fkanla bunu payla\u015ft\u0131\u011f\u0131mda nas\u0131l d\u00fc\u015f\u00fcn\u00fcyorum onu s\u00f6yleyece\u011fim, genel ba\u015fkan\u0131n da nas\u0131l d\u00fc\u015f\u00fcnd\u00fc\u011f\u00fcn\u00fc \u00f6\u011frenmek isteyece\u011fim&#8221; dedi.<\/p>\n<p><b>&#8220;\u00d6RG\u00dcT\u00dcN SE\u00c7MENDEN KOPUK OLDU\u011eU VARSAYIMI \u00d6RG\u00dcTE HAKARET&#8221;<\/b><\/p>\n<p>Kurultay\u0131n yerel se\u00e7imlerden \u00f6nce yap\u0131lmas\u0131 gerekti\u011fi g\u00f6r\u00fc\u015f\u00fcn\u00fc tekrarlayan \u00d6zel, partinin kurultay yapmadan yerel se\u00e7imlere gitmesinin se\u00e7menin i\u00e7inde bulundu\u011fu ruh hali d\u00fc\u015f\u00fcn\u00fcld\u00fc\u011f\u00fcnde sa\u011fl\u0131kl\u0131 olmayaca\u011f\u0131n\u0131 s\u00f6yledi. &#8220;De\u011fi\u015fim iste\u011fi se\u00e7mende var, \u00f6rg\u00fctte yok&#8221; y\u00f6n\u00fcnde de\u011ferlendirmeleri reddeden \u00d6zel, &#8220;\u00d6rg\u00fct\u00fcn se\u00e7menden kopuk oldu\u011fu varsay\u0131m\u0131 \u00f6rg\u00fcte hakaret. Bunu kabul etmek \u00f6rg\u00fct\u00fc k\u00fc\u00e7\u00fcmsemek olur. D\u0131\u015far\u0131da ba\u015fka bir tansiyon var, \u00f6rg\u00fct\u00fcm\u00fcz bunu hissetmiyorsa kabul etmem. O nedenle se\u00e7men, bize g\u00f6n\u00fcl verenler neyi s\u00f6yl\u00fcyorsa bunu \u00f6rg\u00fct de, biz de duyuyoruz. Hepimizin duymas\u0131 laz\u0131m&#8221; dedi.<\/p>\n<p><b>&#8220;MEVCUT MET\u0130NLER\u0130 SADELE\u015eT\u0130RMEK YETMEZ&#8221;<\/b><\/p>\n<p>Dikkatli \u015fekilde s\u00fcreci takip etti\u011fini kaydeden \u00d6zel tart\u0131\u015fmay\u0131 ki\u015fi ya da ki\u015filere indirgememek gerekti\u011fini s\u00f6yledi, genel merkezin ba\u015flatt\u0131\u011f\u0131 t\u00fcz\u00fck ve program de\u011fi\u015fikli\u011fi \u00e7al\u0131\u015fmalar\u0131n\u0131 de\u011ferlendirdi. \u00d6zel, &#8220;Sadece genel ba\u015fkan\u0131, MYK&#8217;y\u0131 tart\u0131\u015farak yapmamak laz\u0131m. Ama meseleyi sadece t\u00fcz\u00fc\u011fe de indirgememek laz\u0131m. Biz t\u00fcz\u00fck \u00e7al\u0131\u015f\u0131yoruz, \u00e7ok g\u00fczel olacak! Mevcut t\u00fcz\u00fc\u011f\u00fcn nas\u0131l uyguland\u0131\u011f\u0131n\u0131 da konu\u015fmak laz\u0131m&#8221; dedi. \u00d6zel parti program\u0131n\u0131n yenilenmesiyle ilgili \u00e7al\u0131\u015fmayla ilgili de, &#8220;Program meselesine biraz daha kapsaml\u0131 bakmak gerekiyor. \u0130\u00e7inde bulundu\u011fumuz siyasi konjonkt\u00fcr, d\u00fcnyan\u0131n i\u00e7inde bulundu\u011fu konjonkt\u00fcr\u00fc, \u00e7a\u011f\u0131n gereklerini g\u00f6ren bir \u00e7al\u0131\u015fma olmal\u0131. Yeni s\u00f6zlerin, duru\u015fun, ihtiya\u00e7lar\u0131n daha net ifade edildi\u011fi ve partinin kiminle ileti\u015fim kurdu\u011funu bilen bir programa ihtiya\u00e7 var. Partinin k\u00f6klerini, tarihini, sorumluluklar\u0131n\u0131 inkar etmeyen ama yeni ku\u015fak se\u00e7menle de sa\u011fl\u0131kl\u0131 ve etkili ileti\u015fim kurabilen metinler \u00e7\u0131karmak laz\u0131m. Mevcut metinleri sadele\u015ftirmek, bunun \u00fczerine g\u00f6r\u00fc\u015f toplamak yerine daha interaktif, gen\u00e7lerle, kad\u0131nlarla, \u00f6rg\u00fctlerle, parti d\u0131\u015f\u0131 siyasetle de konu\u015fan, ama kendisini de do\u011fru tarif eden bir programa ihtiya\u00e7 var. D\u00fcnyaya \u00f6rnek olacak bir de\u011fi\u015fim d\u00f6n\u00fc\u015f\u00fcm i\u00e7in iddial\u0131 olmak da gerekiyor. Ama bunun i\u00e7in de d\u00fcnyayla da etkile\u015fim kurabiliyor olmak laz\u0131m. Bu tip haz\u0131rl\u0131klar\u0131 \u00f6nemsiyorum&#8221; de\u011ferlendirmesinde bulundu.<\/p>\n<p><b>&#8220;YEN\u0130 NES\u0130L Y\u00d6NET\u0130ME \u0130HT\u0130YA\u00c7 VAR&#8221;<\/b><\/p>\n<p>CHP Grup Ba\u015fkan\u0131 \u00d6zel parti \u00f6rg\u00fct\u00fc yap\u0131lanmas\u0131nda da k\u00f6kl\u00fc de\u011fi\u015fiklik gerekti\u011fine i\u015faret ederek \u015funlar\u0131 s\u00f6yledi; &#8220;\u00d6rg\u00fct yap\u0131s\u0131 a\u00e7\u0131s\u0131ndan y\u00fckselen baz\u0131 milliyet\u00e7i sa\u011f ak\u0131mlara benzeyen, korku siyaseti, tehdit \u00fczerine kampanya kuran, bir yandan Orban&#8217;a, Putin&#8217;e benzemekten Trump&#8217;\u0131n yapt\u0131\u011f\u0131 i\u015flere \u00f6yk\u00fcnmekten geri durmayan bir siyasetle rekabet ederken bunlardan farkl\u0131la\u015fmak laz\u0131m. Liderin g\u00fc\u00e7l\u00fc oldu\u011fu, b\u00fct\u00fcn genel ba\u015fkan yard\u0131mc\u0131lar\u0131n\u0131n da lider taraf\u0131ndan atand\u0131\u011f\u0131 bir anlay\u0131\u015ftan, \u00f6rg\u00fct\u00fcn ve t\u00fcm se\u00e7ilmi\u015flerin kendi a\u011f\u0131rl\u0131\u011f\u0131n\u0131 bildi\u011fi ve t\u00fcm kademelerde y\u00f6netime m\u00fcdahil olabildikleri bir s\u00fcreci tarif etti\u011fimiz yeni bir \u00f6rg\u00fct mimarisine, yeni nesil bir y\u00f6netime ihtiya\u00e7 var. Y\u00f6neti\u015fim meselesi ile ilgili mesafeler kaydedilmi\u015fken rakiplerimizin g\u00fc\u00e7l\u00fc liderlik \u00fczerine muhafaza ettikleri hantal \u00f6rg\u00fct ve \u00f6rg\u00fctlenme yap\u0131lar\u0131n\u0131 tekrar edemeyiz. O nedenle bir \u00e7al\u0131\u015fma yapmak laz\u0131m. Bunun \u00e7ok kapsaml\u0131 \u00e7ok \u00e7a\u011fda\u015f ve \u00e7ok etkile\u015fimli modellerle yapmay\u0131 planl\u0131yoruz. \u00d6n\u00fcm\u00fczdeki d\u00f6nemde bu tip aray\u0131\u015flar\u0131n \u00e7abalar\u0131n i\u00e7inde de olaca\u011f\u0131z.&#8221;<\/p>\n","protected":false},"excerpt":{"rendered":"<p>CHP Grup Ba\u015fkan\u0131 \u00d6zg\u00fcr \u00d6zel, g\u00f6revinden istifa ederek genel ba\u015fkanl\u0131k i\u00e7in Anadolu turuna \u00e7\u0131kaca\u011f\u0131 iddialar\u0131yla ilgili konu\u015ftu. \u0130ddialar\u0131n do\u011fru olmad\u0131\u011f\u0131n\u0131 ve bu konunun kendi tasarrufu d\u0131\u015f\u0131nda tart\u0131\u015f\u0131lmas\u0131n\u0131 iyi niyetli bulmad\u0131\u011f\u0131n\u0131 belirten \u00d6zel, &#8220;Adayl\u0131\u011fa karar verdi\u011fimde bunu \u00f6nce ailemle sonra genel ba\u015fkanla payla\u015faca\u011f\u0131m&#8221; dedi.<\/p>\n","protected":false},"author":1,"featured_media":110679,"comment_status":"closed","ping_status":"open","sticky":false,"template":"","format":"standard","meta":{"footnotes":""},"categories":[28],"tags":[3039,88,1043,442,3660],"class_list":["post-110678","post","type-post","status-publish","format-standard","has-post-thumbnail","hentry","category-politika","tag-genel-baskan","tag-orgut","tag-orgutu","tag-parti","tag-program"],"_links":{"self":[{"href":"https:\/\/haberulus.net\/index.php?rest_route=\/wp\/v2\/posts\/110678","targetHints":{"allow":["GET"]}}],"collection":[{"href":"https:\/\/haberulus.net\/index.php?rest_route=\/wp\/v2\/posts"}],"about":[{"href":"https:\/\/haberulus.net\/index.php?rest_route=\/wp\/v2\/types\/post"}],"author":[{"embeddable":true,"href":"https:\/\/haberulus.net\/index.php?rest_route=\/wp\/v2\/users\/1"}],"replies":[{"embeddable":true,"href":"https:\/\/haberulus.net\/index.php?rest_route=%2Fwp%2Fv2%2Fcomments&post=110678"}],"version-history":[{"count":1,"href":"https:\/\/haberulus.net\/index.php?rest_route=\/wp\/v2\/posts\/110678\/revisions"}],"predecessor-version":[{"id":110680,"href":"https:\/\/haberulus.net\/index.php?rest_route=\/wp\/v2\/posts\/110678\/revisions\/110680"}],"wp:featuredmedia":[{"embeddable":true,"href":"https:\/\/haberulus.net\/index.php?rest_route=\/wp\/v2\/media\/110679"}],"wp:attachment":[{"href":"https:\/\/haberulus.net\/index.php?rest_route=%2Fwp%2Fv2%2Fmedia&parent=110678"}],"wp:term":[{"taxonomy":"category","embeddable":true,"href":"https:\/\/haberulus.net\/index.php?rest_route=%2Fwp%2Fv2%2Fcategories&post=110678"},{"taxonomy":"post_tag","embeddable":true,"href":"https:\/\/haberulus.net\/index.php?rest_route=%2Fwp%2Fv2%2Ftags&post=110678"}],"curies":[{"name":"wp","href":"https:\/\/api.w.org\/{rel}","templated":true}]}}