{"id":110699,"date":"2023-08-10T09:05:02","date_gmt":"2023-08-10T09:05:02","guid":{"rendered":"https:\/\/haberulus.net\/?p=110699"},"modified":"2023-08-10T09:05:02","modified_gmt":"2023-08-10T09:05:02","slug":"bakan-simsek-turkiyeye-para-akisi-icin-2-kritere-dikkat-cekti-dunya-normlarina-uygun-kurala-dayali-politikalar-gudersek-sorun-olmaz","status":"publish","type":"post","link":"https:\/\/haberulus.net\/?p=110699","title":{"rendered":"Bakan \u015eim\u015fek T\u00fcrkiye&#8217;ye para ak\u0131\u015f\u0131 i\u00e7in 2 kritere dikkat \u00e7ekti: D\u00fcnya normlar\u0131na uygun, kurala dayal\u0131 politikalar g\u00fcdersek sorun olmaz"},"content":{"rendered":"<p> <strong>Mehmet \u015eim\u015fek<\/strong>&#8216;in Hazine ve Maliye Bakanl\u0131\u011f\u0131&#8217;na, Hafize Gaye Erkan&#8217;\u0131n Merkez Bankas\u0131 Ba\u015fkanl\u0131\u011f\u0131&#8217;na getirilmesiyle ekonomide yeni d\u00f6nem resmen ba\u015flad\u0131. Bu kapsamda \u00fclkeye yat\u0131r\u0131mc\u0131 \u00e7ekilmesi ve enflasyonun d\u00fc\u015f\u00fcr\u00fclmesi i\u00e7in \u00e7al\u0131\u015fmalar h\u0131zla devam ediyor. Ekonomiye ili\u015fkin de\u011ferlendirmelerde bulunan Bakan \u015eim\u015fek, d\u00fcnya normlar\u0131na uygun ve kurala dayal\u0131 politikalar g\u00fcd\u00fcld\u00fc\u011f\u00fc s\u00fcrece T\u00fcrkiye&#8217;ye kaynak ak\u0131\u015f\u0131nda sorun olmayaca\u011f\u0131n\u0131 s\u00f6yledi. <\/p>\n<p><b>&#8220;6&#8217;NCI \u00dcLKE T\u00dcRK\u0130YE&#8221;<\/b><\/p>\n<p>Yeni \u015eafak gazetesine konu\u015fan Bakan \u015eim\u015fek, ge\u00e7ti\u011fimiz hafta JP Morgan&#8217;\u0131n \u0130stanbul&#8217;daorganize etti\u011fi yat\u0131r\u0131mc\u0131 toplant\u0131s\u0131na ilginin olduk\u00e7a b\u00fcy\u00fck oldu\u011funu s\u00f6yledi. \u015eim\u015fek, &#8220;\u0130stanbul&#8217;da JP Morgan&#8217;\u0131n ev sahipli\u011finde yapt\u0131\u011f\u0131m\u0131z toplant\u0131ya ilgi \u00e7ok b\u00fcy\u00fckt\u00fc. Yat\u0131r\u0131mc\u0131lara da anlatt\u0131m sunumumda. O toplant\u0131da &#8216;Bana d\u00fcnyada n\u00fcfusu 85 milyon ve ki\u015fi ba\u015f\u0131na milli geliri 10 bin dolar olan ka\u00e7 \u00fclke sayabilir misiniz?&#8217; dedim. &#8216;T\u00fcrkiye hari\u00e7 5 tane \u00fclke var&#8217; dediler. ABD, \u00c7in, Rusya, Meksika ve Japonya\u2026 6&#8217;nc\u0131 \u00fclkeyi sayamazs\u0131n\u0131z. 6&#8217;nc\u0131 \u00fclke T\u00fcrkiye.&#8221; dedi. <\/p>\n<p><b>&#8220;BEKLE G\u00d6R MODUNDALAR&#8221;<\/b><\/p>\n<p>\u00dclkeye yat\u0131r\u0131mc\u0131 gelmesi i\u00e7in 2 kritere dikkat \u00e7eken \u015eim\u015fek, &#8220;Dolay\u0131s\u0131yla T\u00fcrkiye potansiyeli de pazar b\u00fcy\u00fckl\u00fc\u011f\u00fc de \u00e7ok b\u00fcy\u00fck bir \u00fclke. Biz d\u00fcnya normlar\u0131na uygun, kurala dayal\u0131 politikalar g\u00fcdersek T\u00fcrkiye&#8217;ye kaynak ak\u0131\u015f\u0131nda herhangi bir sorun olmaz. Potansiyel kesinlikle vard\u0131 g\u00f6r\u00fc\u015fmelerimizde. Biraz bekle g\u00f6r modundalar, do\u011fru ad\u0131mlar at\u0131ld\u0131\u011f\u0131na inan\u0131yorlar. Bunlar\u0131n devam\u0131 gelir mi, noktas\u0131nda bir bekle g\u00f6r modundalar.&#8221; ifadelerini kulland\u0131.<\/p>\n<p><b>&#8220;AMA\u00c7 KALICI B\u0130R \u015eEK\u0130LDE ENFLASYONU A\u015eA\u011eI \u00c7EKMEK&#8221;<\/b><\/p>\n<p>At\u0131lan ad\u0131mlarla enflasyonun kal\u0131c\u0131 bir \u015fekilde d\u00fc\u015f\u00fcr\u00fclmeye \u00e7al\u0131\u015f\u0131ld\u0131\u011f\u0131n\u0131 belirten \u015eim\u015fek, &#8220;Amac\u0131m\u0131z, bir ge\u00e7i\u015f d\u00f6nemi sonras\u0131 kal\u0131c\u0131 bir \u015fekilde enflasyonu a\u015fa\u011f\u0131 \u00e7ekmek. Merkez Bankas\u0131&#8217;n\u0131n da tahminlerinden g\u00f6rece\u011finiz gibi, enflasyon \u00f6n\u00fcm\u00fczdeki birka\u00e7 ay i\u00e7erisinde ge\u00e7ici baz\u0131 fakt\u00f6rler nedeniyle art\u0131\u015fa devam edecek. Bizim b\u00fct\u00e7e dengelerini iyile\u015ftirmek, depremin yaralar\u0131n\u0131 sarmak i\u00e7in yapt\u0131\u011f\u0131m\u0131z baz\u0131 vergi d\u00fczenlemeleri var. Bu vergi d\u00fczenlemeleri de tabii enflasyonist ama bu bir daha tekrarlanmayacak. Bir kerelik yapt\u0131\u011f\u0131m\u0131z bir d\u00fczenleme bu.&#8221; \u015feklinde konu\u015ftu.<\/p>\n<p><b>&#8220;T\u00dcRK\u0130YE&#8217;YE KAYNAK G\u0130R\u0130\u015e\u0130 ARTACAK&#8221; <\/b><\/p>\n<p>\u015eim\u015fek s\u00f6zlerini \u015f\u00f6yle tamamlad\u0131: &#8220;Yine bu sene vatanda\u015flar\u0131m\u0131z\u0131n, toplumun de\u011fi\u015fik kesimlerinin ge\u00e7mi\u015f enflasyona kar\u015f\u0131 kay\u0131plar\u0131n\u0131 telafi i\u00e7in ciddi \u00fccret art\u0131\u015flar\u0131 oldu. Biz inan\u0131yoruz ki uygulayaca\u011f\u0131m\u0131z programla \u00f6ng\u00f6r\u00fclebilirlik artacak. T\u00fcrkiye&#8217;ye kaynak giri\u015fi artacak ve \u00f6n\u00fcm\u00fczdeki d\u00f6nemde belirsizlik azald\u0131k\u00e7a, cari a\u00e7\u0131k darald\u0131k\u00e7a inan\u0131yorum ki kurda g\u00f6receli bir istikrara do\u011fru gidece\u011fiz. Bu da enflasyonu ve beklentileri olumlu y\u00f6nde etkileyecek.&#8221;<\/p>\n","protected":false},"excerpt":{"rendered":"<p>T\u00fcrkiye&#8217;nin potansiyelinin olduk\u00e7a y\u00fcksek oldu\u011funu belirten Hazine ve Maliye Bakan\u0131 Mehmet \u015eim\u015fek, ekonomide ta\u015flar\u0131 yerine oturtmak i\u00e7in 2 kritere dikkat \u00e7ekti. T\u00fcrkiye&#8217;nin n\u00fcfusu 85 milyon olup milli geliri 10 bin dolar olan 6 \u00fclkeden biri oldu\u011funu belirten \u015eim\u015fek, &#8220;T\u00fcrkiye potansiyeli de pazar b\u00fcy\u00fckl\u00fc\u011f\u00fc de \u00e7ok b\u00fcy\u00fck bir \u00fclke. Biz d\u00fcnya normlar\u0131na uygun, kurala dayal\u0131 politikalar g\u00fcdersek T\u00fcrkiye&#8217;ye kaynak ak\u0131\u015f\u0131nda herhangi bir sorun olmaz.&#8221; dedi.<\/p>\n","protected":false},"author":1,"featured_media":110700,"comment_status":"closed","ping_status":"open","sticky":false,"template":"","format":"standard","meta":{"footnotes":""},"categories":[28],"tags":[691,1495,616,15,160],"class_list":["post-110699","post","type-post","status-publish","format-standard","has-post-thumbnail","hentry","category-politika","tag-enflasyonu","tag-gor","tag-simsek","tag-turkiye","tag-ulke"],"_links":{"self":[{"href":"https:\/\/haberulus.net\/index.php?rest_route=\/wp\/v2\/posts\/110699","targetHints":{"allow":["GET"]}}],"collection":[{"href":"https:\/\/haberulus.net\/index.php?rest_route=\/wp\/v2\/posts"}],"about":[{"href":"https:\/\/haberulus.net\/index.php?rest_route=\/wp\/v2\/types\/post"}],"author":[{"embeddable":true,"href":"https:\/\/haberulus.net\/index.php?rest_route=\/wp\/v2\/users\/1"}],"replies":[{"embeddable":true,"href":"https:\/\/haberulus.net\/index.php?rest_route=%2Fwp%2Fv2%2Fcomments&post=110699"}],"version-history":[{"count":1,"href":"https:\/\/haberulus.net\/index.php?rest_route=\/wp\/v2\/posts\/110699\/revisions"}],"predecessor-version":[{"id":110701,"href":"https:\/\/haberulus.net\/index.php?rest_route=\/wp\/v2\/posts\/110699\/revisions\/110701"}],"wp:featuredmedia":[{"embeddable":true,"href":"https:\/\/haberulus.net\/index.php?rest_route=\/wp\/v2\/media\/110700"}],"wp:attachment":[{"href":"https:\/\/haberulus.net\/index.php?rest_route=%2Fwp%2Fv2%2Fmedia&parent=110699"}],"wp:term":[{"taxonomy":"category","embeddable":true,"href":"https:\/\/haberulus.net\/index.php?rest_route=%2Fwp%2Fv2%2Fcategories&post=110699"},{"taxonomy":"post_tag","embeddable":true,"href":"https:\/\/haberulus.net\/index.php?rest_route=%2Fwp%2Fv2%2Ftags&post=110699"}],"curies":[{"name":"wp","href":"https:\/\/api.w.org\/{rel}","templated":true}]}}