{"id":110957,"date":"2023-08-10T15:05:06","date_gmt":"2023-08-10T15:05:06","guid":{"rendered":"https:\/\/haberulus.net\/?p=110957"},"modified":"2023-08-10T15:05:06","modified_gmt":"2023-08-10T15:05:06","slug":"disisleri-bakani-fidan-taliban-yetkilileriyle-gorustu","status":"publish","type":"post","link":"https:\/\/haberulus.net\/?p=110957","title":{"rendered":"D\u0131\u015fi\u015fleri Bakan\u0131 Fidan, Taliban yetkilileriyle g\u00f6r\u00fc\u015ft\u00fc"},"content":{"rendered":"<div>D\u0131\u015fi\u015fleri Bakanl\u0131\u011f\u0131n\u0131n eski ad\u0131yla Twitter olan sosyal medya platformu X\u2019ten yapt\u0131\u011f\u0131 payla\u015f\u0131ma g\u00f6re, D\u0131\u015fi\u015fleri Bakan\u0131 Hakan Fidan, Molla Abdulgani Birader ile Ankara\u2019da g\u00f6r\u00fc\u015ft\u00fc.<\/p>\n<p><img decoding=\"async\" src=\"https:\/\/i01.sozcucdn.com\/wp-content\/uploads\/2023\/08\/10\/fidan-aa.jpg\" alt=\"\" title=\"\"><\/p>\n<p>Payla\u015f\u0131mda, ba\u015f ba\u015fa ve heyetler aras\u0131 g\u00f6r\u00fc\u015fmeye ili\u015fkin foto\u011fraflara da yer verildi.<\/p>\n<p><img decoding=\"async\" src=\"https:\/\/i01.sozcucdn.com\/wp-content\/uploads\/2023\/08\/10\/fidan.jpg\" alt=\"\" title=\"\"><\/div>\n","protected":false},"excerpt":{"rendered":"<p>D\u0131\u015fi\u015fleri Bakan\u0131 Hakan Fidan, Afganistan&#8217;daki Taliban h\u00fck\u00fcmetinin Ba\u015fbakan Yard\u0131mc\u0131s\u0131 Vekili Molla Abdulgani Birader ile g\u00f6r\u00fc\u015ft\u00fc.<\/p>\n","protected":false},"author":1,"featured_media":110958,"comment_status":"closed","ping_status":"open","sticky":false,"template":"","format":"standard","meta":{"footnotes":""},"categories":[24],"tags":[],"class_list":["post-110957","post","type-post","status-publish","format-standard","has-post-thumbnail","hentry","category-dunya"],"_links":{"self":[{"href":"https:\/\/haberulus.net\/index.php?rest_route=\/wp\/v2\/posts\/110957","targetHints":{"allow":["GET"]}}],"collection":[{"href":"https:\/\/haberulus.net\/index.php?rest_route=\/wp\/v2\/posts"}],"about":[{"href":"https:\/\/haberulus.net\/index.php?rest_route=\/wp\/v2\/types\/post"}],"author":[{"embeddable":true,"href":"https:\/\/haberulus.net\/index.php?rest_route=\/wp\/v2\/users\/1"}],"replies":[{"embeddable":true,"href":"https:\/\/haberulus.net\/index.php?rest_route=%2Fwp%2Fv2%2Fcomments&post=110957"}],"version-history":[{"count":1,"href":"https:\/\/haberulus.net\/index.php?rest_route=\/wp\/v2\/posts\/110957\/revisions"}],"predecessor-version":[{"id":110959,"href":"https:\/\/haberulus.net\/index.php?rest_route=\/wp\/v2\/posts\/110957\/revisions\/110959"}],"wp:featuredmedia":[{"embeddable":true,"href":"https:\/\/haberulus.net\/index.php?rest_route=\/wp\/v2\/media\/110958"}],"wp:attachment":[{"href":"https:\/\/haberulus.net\/index.php?rest_route=%2Fwp%2Fv2%2Fmedia&parent=110957"}],"wp:term":[{"taxonomy":"category","embeddable":true,"href":"https:\/\/haberulus.net\/index.php?rest_route=%2Fwp%2Fv2%2Fcategories&post=110957"},{"taxonomy":"post_tag","embeddable":true,"href":"https:\/\/haberulus.net\/index.php?rest_route=%2Fwp%2Fv2%2Ftags&post=110957"}],"curies":[{"name":"wp","href":"https:\/\/api.w.org\/{rel}","templated":true}]}}