{"id":111020,"date":"2023-08-10T18:05:03","date_gmt":"2023-08-10T18:05:03","guid":{"rendered":"https:\/\/haberulus.net\/?p=111020"},"modified":"2023-08-10T18:05:03","modified_gmt":"2023-08-10T18:05:03","slug":"baskan-adayini-oldurup-kutlama-yaptilar-peki-kimdir-bu-los-lobos-cetesi-neden-o-isareti-yapiyorlar","status":"publish","type":"post","link":"https:\/\/haberulus.net\/?p=111020","title":{"rendered":"Ba\u015fkan aday\u0131n\u0131 \u00f6ld\u00fcr\u00fcp kutlama yapt\u0131lar! Peki kimdir bu Los Lobos \u00e7etesi, neden o i\u015fareti yap\u0131yorlar?"},"content":{"rendered":"<p>Ekvador&#8217;da 20 A\u011fustos&#8217;ta yap\u0131lmas\u0131 planlanan devlet ba\u015fkanl\u0131\u011f\u0131 se\u00e7imine g\u00f6lge d\u00fc\u015ft\u00fc. Yolsuzlu\u011fa kar\u015f\u0131 duru\u015fuyla tan\u0131nan ba\u015fkan aday\u0131 Fernando Villavicencio, ba\u015fkent Kito&#8217;da kat\u0131ld\u0131\u011f\u0131 bir etkinli\u011fin ard\u0131ndan arac\u0131na bindi\u011fi esnada sald\u0131rgan taraf\u0131ndan ba\u015f\u0131na 3 el ate\u015f edilerek \u00f6ld\u00fcr\u00fcld\u00fc.<\/p>\n<p><img decoding=\"async\" src=\"https:\/\/i.hbrcdn.com\/haber\/2023\/08\/10\/baskan-adayini-oldurup-kutlama-yaptilar-peki-16216664_1729_m.jpg\" alt=\"\" title=\"\"><span>Fernando Villavicencio<\/span><\/p>\n<p><b>NEDEN &#8220;KURT \u0130\u015eARET\u0130&#8221;<\/b><\/p>\n<p>Kanl\u0131 suikast\u0131 \u00fclkenin en b\u00fcy\u00fck ve tehlikeli \u00e7etelerinden olan &#8220;<strong>Los Lobos<\/strong>&#8221; \u00fcstlendi. Sosyal medyadan video yay\u0131nlayan \u00e7ete \u00fcyeleri zafer naralar\u0131 atarken, bir ayr\u0131nt\u0131 hemen g\u00f6ze \u00e7arpt\u0131. \u00c7ete \u00fcyelerinin &#8220;kurt i\u015fareti&#8221; yapt\u0131\u011f\u0131 g\u00f6r\u00fcld\u00fc. Peki Los Lobos \u00fcyeleri neden kurt i\u015fareti yap\u0131yor?<\/p>\n<p><img decoding=\"async\" src=\"https:\/\/i.hbrcdn.com\/haber\/2023\/08\/10\/baskan-adayini-oldurup-kutlama-yaptilar-peki-16216664_9951_m.jpg\" alt=\"\" title=\"\"><span>Los Lobos \u0130spanyolca&#8217;da &#8220;kurtlar&#8221; anlam\u0131na geliyor.<\/span><\/p>\n<p><b>LOS LOBOS \u0130SPANYOLCA&#8217;DA &#8220;KURTLAR&#8221; ANLAMINA GEL\u0130YOR?<\/b><\/p>\n<p>&#8220;Los Lobos&#8221; \u0130spanyolca&#8217;da &#8220;kurtlar&#8221; anlam\u0131na geliyor. \u00c7ete \u00fcyeleri bu nedenle &#8220;kurt i\u015fareti&#8221;ni simgeleri olarak kullan\u0131yor.<\/p>\n<p>Ekvador&#8217;un bir\u00e7ok \u00e7etesi gibi, Lobolar da bir zamanlar Ekvador&#8217;un ana su\u00e7 grubu olan Choneros&#8217;a muhalif olarak ba\u015flad\u0131. Ekvador&#8217;daki baz\u0131 ana su\u00e7 gruplar\u0131n\u0131n par\u00e7alanmas\u0131n\u0131n ard\u0131ndan 2020&#8217;de \u00f6ne \u00e7\u0131kt\u0131lar. Lobos&#8217;un lideri &#8220;Ariel&#8221; takma isimli Alex\u00e1nder Quesada&#8217;d\u0131r.<\/p>\n<p><b>KANLI SALDIRILAR<\/b><\/p>\n<p>Eyl\u00fcl 2021&#8217;de Guayaquil&#8217;deki bir hapishanede Choneros ve Lobos \u00fcyelerinin \u00e7at\u0131\u015fmas\u0131nda 119 mahkum \u00f6ld\u00fc. Ayn\u0131 y\u0131l, yetkililer Choneros, Lobos ve Lagartos taraf\u0131ndan kontrol edilen cezaevlerinde y\u00fczlerce b\u00fcy\u00fck kalibreli silah ele ge\u00e7irdi. May\u0131s ay\u0131nda, Quito yak\u0131nlar\u0131ndaki Bellavista Hapishanesi&#8217;nde bir katliamda 44 ki\u015fi \u00f6ld\u00fc. Kas\u0131m ay\u0131nda, Lobolar ve m\u00fcttefikleri Tiguerones, polis memurlar\u0131n\u0131n \u00f6l\u00fcm\u00fc, bomba y\u00fckl\u00fc ara\u00e7lar ve k\u00f6pr\u00fclere as\u0131lan cesetler de dahil olmak \u00fczere t\u00fcm \u00fclkeyi sarsan bir \u015fiddet dalgas\u0131ndan sorumlu bulundu. Bu sald\u0131r\u0131lar, her iki grubun \u00fcyelerinin \u00e7o\u011funun kontrol\u00fc ve su\u00e7 gelirlerini kaybetme korkusuyla Guayaquil&#8217;deki Litoral Hapishanesi&#8217;nden nakledilmesiyle ortaya \u00e7\u0131kt\u0131.<\/p>\n<p><b>ANA GEL\u0130R KAYNAKLARI KOKA\u0130N VE YASA DI\u015eI MADENC\u0130L\u0130K<\/b><\/p>\n<p>Lobo&#8217;lar\u0131n ana gelir kayna\u011f\u0131, Ekvador \u00fczerinden ger\u00e7ekle\u015ftirilen kokain sevkiyatlar\u0131n\u0131n transferinden geliyor. \u00c7ete ayr\u0131ca Ekvador&#8217;un yasa d\u0131\u015f\u0131 madencilik sekt\u00f6r\u00fcn\u00fcn \u00e7o\u011funun kontrol\u00fcn\u00fc ele ge\u00e7irerek , bu sekt\u00f6r\u00fc su\u00e7 gelirlerinin sa\u011flam bir dayanak noktas\u0131 haline getirdi. <\/p>\n","protected":false},"excerpt":{"rendered":"<p>Ekvador&#8217;da se\u00e7imlere 10 g\u00fcn kala ba\u015fkan aday\u0131 Fernando Villavicencio ba\u015f\u0131na 3 el ate\u015f edilerek \u00f6ld\u00fcr\u00fcl\u00fcrken, d\u00fcnyan\u0131n g\u00fcndemine oturan suikast\u0131 Los Lobos \u00e7etesi \u00fcstlendi. Sosyal medyadan yay\u0131nlad\u0131klar\u0131 videoda zafer naralar\u0131 atan \u00e7ete \u00fcyelerinin &#8220;kurt i\u015fareti&#8221; yapmas\u0131 dikkat \u00e7ekti. Peki, Los Lobos \u00e7etesi neden kurt i\u015fareti yap\u0131yor?<\/p>\n","protected":false},"author":1,"featured_media":111021,"comment_status":"closed","ping_status":"open","sticky":false,"template":"","format":"standard","meta":{"footnotes":""},"categories":[28],"tags":[2477,13252,3498,9275],"class_list":["post-111020","post","type-post","status-publish","format-standard","has-post-thumbnail","hentry","category-politika","tag-cete","tag-ekvador","tag-kurt","tag-uyeleri"],"_links":{"self":[{"href":"https:\/\/haberulus.net\/index.php?rest_route=\/wp\/v2\/posts\/111020","targetHints":{"allow":["GET"]}}],"collection":[{"href":"https:\/\/haberulus.net\/index.php?rest_route=\/wp\/v2\/posts"}],"about":[{"href":"https:\/\/haberulus.net\/index.php?rest_route=\/wp\/v2\/types\/post"}],"author":[{"embeddable":true,"href":"https:\/\/haberulus.net\/index.php?rest_route=\/wp\/v2\/users\/1"}],"replies":[{"embeddable":true,"href":"https:\/\/haberulus.net\/index.php?rest_route=%2Fwp%2Fv2%2Fcomments&post=111020"}],"version-history":[{"count":1,"href":"https:\/\/haberulus.net\/index.php?rest_route=\/wp\/v2\/posts\/111020\/revisions"}],"predecessor-version":[{"id":111022,"href":"https:\/\/haberulus.net\/index.php?rest_route=\/wp\/v2\/posts\/111020\/revisions\/111022"}],"wp:featuredmedia":[{"embeddable":true,"href":"https:\/\/haberulus.net\/index.php?rest_route=\/wp\/v2\/media\/111021"}],"wp:attachment":[{"href":"https:\/\/haberulus.net\/index.php?rest_route=%2Fwp%2Fv2%2Fmedia&parent=111020"}],"wp:term":[{"taxonomy":"category","embeddable":true,"href":"https:\/\/haberulus.net\/index.php?rest_route=%2Fwp%2Fv2%2Fcategories&post=111020"},{"taxonomy":"post_tag","embeddable":true,"href":"https:\/\/haberulus.net\/index.php?rest_route=%2Fwp%2Fv2%2Ftags&post=111020"}],"curies":[{"name":"wp","href":"https:\/\/api.w.org\/{rel}","templated":true}]}}