{"id":111153,"date":"2023-08-11T07:35:11","date_gmt":"2023-08-11T07:35:11","guid":{"rendered":"https:\/\/haberulus.net\/?p=111153"},"modified":"2023-08-11T07:35:11","modified_gmt":"2023-08-11T07:35:11","slug":"perakende-satislar-haziranda-azaldi-2","status":"publish","type":"post","link":"https:\/\/haberulus.net\/?p=111153","title":{"rendered":"Perakende sat\u0131\u015flar haziranda azald\u0131"},"content":{"rendered":"<p>T\u00fcrkiye \u0130statistik Kurumu (T\u00dc\u0130K) 2023 Haziran\u2019a ili\u015fkin Perakende Sat\u0131\u015f Endekslerini a\u00e7\u0131klad\u0131.<\/p>\n<p>Buna g\u00f6re, sabit fiyatlarla perakende sat\u0131\u015f hacmi 2023 Haziran\u2019da bir \u00f6nceki y\u0131l\u0131n ayn\u0131 ay\u0131na g\u00f6re y\u00fczde 28,5 artt\u0131.<\/p>\n<p>Ayn\u0131 ayda g\u0131da, i\u00e7ecek ve t\u00fct\u00fcn sat\u0131\u015flar\u0131 y\u00fczde 26,6, g\u0131da d\u0131\u015f\u0131 sat\u0131\u015flar (otomotiv yak\u0131t\u0131 hari\u00e7) y\u00fczde 32, otomotiv yak\u0131t\u0131 sat\u0131\u015flar\u0131 ise y\u00fczde 19,4 y\u00fckseldi.<\/p>\n<p>Sabit fiyatlarla perakende sat\u0131\u015f hacmi 2023 y\u0131l\u0131 Haziran ay\u0131nda bir \u00f6nceki aya g\u00f6re ise y\u00fczde 0,1 azald\u0131.<\/p>\n<p><b>PERAKENDEDE AYLIK C\u0130RO Y\u00dcZDE 73 ARTTI<\/b><\/p>\n<p>Ayn\u0131 ayda g\u0131da, i\u00e7ecek ve t\u00fct\u00fcn sat\u0131\u015flar\u0131 y\u00fczde 2,3 artt\u0131, g\u0131da d\u0131\u015f\u0131 sat\u0131\u015flar (otomotiv yak\u0131t\u0131 hari\u00e7) y\u00fczde 1,3, otomotiv yak\u0131t\u0131 sat\u0131\u015flar\u0131 ise y\u00fczde 0,1 azald\u0131.<\/p>\n<p>Cari fiyatlarla perakende ciro 2023 y\u0131l\u0131 Haziran ay\u0131nda bir \u00f6nceki y\u0131l\u0131n ayn\u0131 ay\u0131na g\u00f6re y\u00fczde 73 artt\u0131.<\/p>\n<p>Ayn\u0131 ayda g\u0131da, i\u00e7ecek ve t\u00fct\u00fcn sat\u0131\u015flar\u0131 y\u00fczde 89,3, g\u0131da d\u0131\u015f\u0131 sat\u0131\u015flar (otomotiv yak\u0131t\u0131 hari\u00e7) y\u00fczde 96,2, otomotiv yak\u0131t\u0131 sat\u0131\u015flar\u0131 ise y\u00fczde 3,2 artt\u0131.<\/p>\n","protected":false},"excerpt":{"rendered":"<p>T\u00dc\u0130K verilerine g\u00f6re, perakende sat\u0131\u015f hacmi haziranda ayl\u0131k y\u00fczde 0,1 azald\u0131.<\/p>\n","protected":false},"author":1,"featured_media":111154,"comment_status":"closed","ping_status":"open","sticky":false,"template":"","format":"standard","meta":{"footnotes":""},"categories":[25],"tags":[1209,807],"class_list":["post-111153","post","type-post","status-publish","format-standard","has-post-thumbnail","hentry","category-ekonomi","tag-gida","tag-satis"],"_links":{"self":[{"href":"https:\/\/haberulus.net\/index.php?rest_route=\/wp\/v2\/posts\/111153","targetHints":{"allow":["GET"]}}],"collection":[{"href":"https:\/\/haberulus.net\/index.php?rest_route=\/wp\/v2\/posts"}],"about":[{"href":"https:\/\/haberulus.net\/index.php?rest_route=\/wp\/v2\/types\/post"}],"author":[{"embeddable":true,"href":"https:\/\/haberulus.net\/index.php?rest_route=\/wp\/v2\/users\/1"}],"replies":[{"embeddable":true,"href":"https:\/\/haberulus.net\/index.php?rest_route=%2Fwp%2Fv2%2Fcomments&post=111153"}],"version-history":[{"count":1,"href":"https:\/\/haberulus.net\/index.php?rest_route=\/wp\/v2\/posts\/111153\/revisions"}],"predecessor-version":[{"id":111155,"href":"https:\/\/haberulus.net\/index.php?rest_route=\/wp\/v2\/posts\/111153\/revisions\/111155"}],"wp:featuredmedia":[{"embeddable":true,"href":"https:\/\/haberulus.net\/index.php?rest_route=\/wp\/v2\/media\/111154"}],"wp:attachment":[{"href":"https:\/\/haberulus.net\/index.php?rest_route=%2Fwp%2Fv2%2Fmedia&parent=111153"}],"wp:term":[{"taxonomy":"category","embeddable":true,"href":"https:\/\/haberulus.net\/index.php?rest_route=%2Fwp%2Fv2%2Fcategories&post=111153"},{"taxonomy":"post_tag","embeddable":true,"href":"https:\/\/haberulus.net\/index.php?rest_route=%2Fwp%2Fv2%2Ftags&post=111153"}],"curies":[{"name":"wp","href":"https:\/\/api.w.org\/{rel}","templated":true}]}}