{"id":111159,"date":"2023-08-11T07:35:17","date_gmt":"2023-08-11T07:35:17","guid":{"rendered":"https:\/\/haberulus.net\/?p=111159"},"modified":"2023-08-11T07:35:17","modified_gmt":"2023-08-11T07:35:17","slug":"dis-ticaret-haddi-haziranda-artti","status":"publish","type":"post","link":"https:\/\/haberulus.net\/?p=111159","title":{"rendered":"D\u0131\u015f ticaret haddi haziranda artt\u0131"},"content":{"rendered":"<p>\u0130hracat birim de\u011fer endeksi haziran ay\u0131nda bir \u00f6nceki y\u0131l\u0131n ayn\u0131 ay\u0131na g\u00f6re y\u00fczde 1,6 azald\u0131.<\/p>\n<p>T\u00fcrkiye \u0130statistik Kurumu (T\u00dc\u0130K), haziran ay\u0131na ili\u015fkin d\u0131\u015f ticaret endekslerini a\u00e7\u0131klad\u0131.<\/p>\n<p>Buna g\u00f6re, ihracat birim de\u011fer endeksi haziranda ge\u00e7en y\u0131l\u0131n ayn\u0131 ay\u0131na g\u00f6re y\u00fczde 1,6 d\u00fc\u015ft\u00fc. Endeks bir \u00f6nceki y\u0131l\u0131n ayn\u0131 ay\u0131na g\u00f6re, g\u0131da, i\u00e7ecek ve t\u00fct\u00fcnde y\u00fczde 3,6 ve imalat sanayinde (g\u0131da, i\u00e7ecek, t\u00fct\u00fcn hari\u00e7) y\u00fczde 1,8 artarken, ham maddelerde (yak\u0131t hari\u00e7) y\u00fczde 13,6 ve yak\u0131tlarda y\u00fczde 39,8 azald\u0131.<\/p>\n<p>\u0130hracat birim de\u011fer endeksi 2023 y\u0131l\u0131 ikinci \u00e7eyrekte bir \u00f6nceki y\u0131l\u0131n ikinci \u00e7eyre\u011fine g\u00f6re y\u00fczde 0,7 azald\u0131.<\/p>\n<p>\u0130hracat miktar endeksi haziran ay\u0131nda bir \u00f6nceki y\u0131l\u0131n ayn\u0131 ay\u0131na g\u00f6re y\u00fczde 9,2 azald\u0131. Endeks bir \u00f6nceki y\u0131l\u0131n ayn\u0131 ay\u0131na g\u00f6re, g\u0131da, i\u00e7ecek ve t\u00fct\u00fcnde y\u00fczde 11,4, ham maddelerde (yak\u0131t hari\u00e7) y\u00fczde 18,9 ve imalat sanayinde (g\u0131da, i\u00e7ecek, t\u00fct\u00fcn hari\u00e7) y\u00fczde 11,4 azal\u0131rken, yak\u0131tlarda y\u00fczde 22,3 artt\u0131.<\/p>\n<p>\u0130hracat miktar endeksi 2023 y\u0131l\u0131 ikinci \u00e7eyrekte bir \u00f6nceki y\u0131l\u0131n ikinci \u00e7eyre\u011fine g\u00f6re y\u00fczde 5,1 azald\u0131.<\/p>\n<p><b>\u0130THALAT B\u0130R\u0130M DE\u011eER ENDEKS\u0130 AZALDI<\/b><\/p>\n<p>\u0130thalat birim de\u011fer endeksi haziran ay\u0131nda bir \u00f6nceki y\u0131l\u0131n ayn\u0131 ay\u0131na g\u00f6re y\u00fczde 15,6 azald\u0131. Endeks bir \u00f6nceki y\u0131l\u0131n ayn\u0131 ay\u0131na g\u00f6re, g\u0131da, i\u00e7ecek ve t\u00fct\u00fcnde y\u00fczde 11,3, ham maddelerde (yak\u0131t hari\u00e7) y\u00fczde 27,6, yak\u0131tlarda y\u00fczde 39,2 ve imalat sanayinde (g\u0131da, i\u00e7ecek, t\u00fct\u00fcn hari\u00e7) y\u00fczde 7,3 azald\u0131.<\/p>\n<p>\u0130thalat birim de\u011fer endeksi 2023 y\u0131l\u0131 ikinci \u00e7eyrekte bir \u00f6nceki y\u0131l\u0131n ikinci \u00e7eyre\u011fine g\u00f6re y\u00fczde 14,7 azald\u0131.<\/p>\n<p>Mevsim ve takvim etkilerinden ar\u0131nd\u0131r\u0131lm\u0131\u015f seriye g\u00f6re; 2023 may\u0131s ay\u0131nda 143,4 olan ihracat miktar endeksi y\u00fczde 10,6 artarak, 2023 haziran ay\u0131nda 158,7 oldu.<\/p>\n<p>Takvim etkilerinden ar\u0131nd\u0131r\u0131lm\u0131\u015f seriye g\u00f6re ise; 2022 haziran ay\u0131nda 152,4 olan ihracat miktar endeksi y\u00fczde 4,4 artarak, 2023 haziran ay\u0131nda 159,1 oldu.<\/p>\n<p>Mevsim ve takvim etkilerinden ar\u0131nd\u0131r\u0131lm\u0131\u015f seriye g\u00f6re; 2023 may\u0131s ay\u0131nda 132,1 olan ithalat miktar endeksi y\u00fczde 5,2 azalarak, 2023 haziran ay\u0131nda 125,3 oldu.<\/p>\n<p>Takvim etkilerinden ar\u0131nd\u0131r\u0131lm\u0131\u015f seriye g\u00f6re ise; 2022 haziran ay\u0131nda 112,3 olan ithalat miktar endeksi y\u00fczde 9,8 artarak, 2023 haziran ay\u0131nda 123,3 oldu.<\/p>\n<p><b>DI\u015e T\u0130CARET HADD\u0130 ARTTI<\/b><\/p>\n<p>\u0130hracat birim de\u011fer endeksinin ithalat birim de\u011fer endeksine b\u00f6l\u00fcnmesiyle hesaplanan ve 2022 y\u0131l\u0131 haziran ay\u0131nda 76,5 olarak elde edilmi\u015f olan d\u0131\u015f ticaret haddi, 12,8 puan artarak, 2023 y\u0131l\u0131 haziran ay\u0131nda 89,3 oldu.<\/p>\n<p>D\u0131\u015f ticaret haddi, 2023 y\u0131l\u0131 ikinci \u00e7eyre\u011finde, ge\u00e7en y\u0131l\u0131n ayn\u0131 d\u00f6nemine g\u00f6re 12,4 puan artarak 88,1 oldu.<\/p>\n","protected":false},"excerpt":{"rendered":"<p>\u0130hracat birim de\u011fer endeksinin ithalat birim de\u011fer endeksine b\u00f6l\u00fcnmesiyle hesaplanan d\u0131\u015f ticaret haddi, haziran ay\u0131nda ge\u00e7en y\u0131l\u0131n ayn\u0131 ay\u0131na oranla 12,8 puan artarak 89,3 oldu.<\/p>\n","protected":false},"author":1,"featured_media":111160,"comment_status":"closed","ping_status":"open","sticky":false,"template":"","format":"standard","meta":{"footnotes":""},"categories":[25],"tags":[319,810,273,5314,5315],"class_list":["post-111159","post","type-post","status-publish","format-standard","has-post-thumbnail","hentry","category-ekonomi","tag-319","tag-ihracat","tag-ikinci","tag-miktar-endeksi","tag-tutun"],"_links":{"self":[{"href":"https:\/\/haberulus.net\/index.php?rest_route=\/wp\/v2\/posts\/111159","targetHints":{"allow":["GET"]}}],"collection":[{"href":"https:\/\/haberulus.net\/index.php?rest_route=\/wp\/v2\/posts"}],"about":[{"href":"https:\/\/haberulus.net\/index.php?rest_route=\/wp\/v2\/types\/post"}],"author":[{"embeddable":true,"href":"https:\/\/haberulus.net\/index.php?rest_route=\/wp\/v2\/users\/1"}],"replies":[{"embeddable":true,"href":"https:\/\/haberulus.net\/index.php?rest_route=%2Fwp%2Fv2%2Fcomments&post=111159"}],"version-history":[{"count":1,"href":"https:\/\/haberulus.net\/index.php?rest_route=\/wp\/v2\/posts\/111159\/revisions"}],"predecessor-version":[{"id":111161,"href":"https:\/\/haberulus.net\/index.php?rest_route=\/wp\/v2\/posts\/111159\/revisions\/111161"}],"wp:featuredmedia":[{"embeddable":true,"href":"https:\/\/haberulus.net\/index.php?rest_route=\/wp\/v2\/media\/111160"}],"wp:attachment":[{"href":"https:\/\/haberulus.net\/index.php?rest_route=%2Fwp%2Fv2%2Fmedia&parent=111159"}],"wp:term":[{"taxonomy":"category","embeddable":true,"href":"https:\/\/haberulus.net\/index.php?rest_route=%2Fwp%2Fv2%2Fcategories&post=111159"},{"taxonomy":"post_tag","embeddable":true,"href":"https:\/\/haberulus.net\/index.php?rest_route=%2Fwp%2Fv2%2Ftags&post=111159"}],"curies":[{"name":"wp","href":"https:\/\/api.w.org\/{rel}","templated":true}]}}