{"id":111180,"date":"2023-08-11T08:19:03","date_gmt":"2023-08-11T08:19:03","guid":{"rendered":"https:\/\/haberulus.net\/?p=111180"},"modified":"2023-08-11T08:19:03","modified_gmt":"2023-08-11T08:19:03","slug":"bahcelinin-ittifak-cagrisina-iyi-partiden-yanit-devlet-bey-bir-milliyetciler-ligi-kurmak-istiyorsa-zaten-biz-oradayiz","status":"publish","type":"post","link":"https:\/\/haberulus.net\/?p=111180","title":{"rendered":"Bah\u00e7eli&#8217;nin ittifak \u00e7a\u011fr\u0131s\u0131na \u0130Y\u0130 Parti&#8217;den yan\u0131t: Devlet Bey bir milliyet\u00e7iler ligi kurmak istiyorsa zaten biz oraday\u0131z"},"content":{"rendered":"<p> <strong>Mhp<\/strong> Genel Ba\u015fkan Yard\u0131mc\u0131s\u0131 \u0130smail \u00d6zdemir, Genel Ba\u015fkan Devlet Bah\u00e7eli&#8217;nin  <strong>\u0130yi Parti<\/strong>&#8216;ye ittifak \u00e7a\u011fr\u0131s\u0131n\u0131 yay\u0131mlad\u0131. Mesajda, &#8220;Say\u0131n Genel Ba\u015fkan\u0131m\u0131z \u0130yi Parti&#8217;ye yeni bir \u00e7a\u011fr\u0131s\u0131n\u0131 iletiyor ve sayg\u0131de\u011fer kamuoyuyla payla\u015f\u0131yorlar. \u00c7a\u011f\u0131rd\u0131k d\u00f6nmediniz yuvaya, yerel iktidarda kom\u015fu olal\u0131m \u00fclke hayr\u0131na&#8221; ifadeleri yer ald\u0131. MHP&#8217;nin ittifak \u00e7a\u011fr\u0131s\u0131na yan\u0131t veren \u0130Y\u0130 Parti Genel Ba\u015fkan Yard\u0131mc\u0131s\u0131 Mehmet Tolga Akal\u0131n &#8220;Devlet Bey \u00fc\u00e7\u00fcnc\u00fc yol \u00e7a\u011fr\u0131s\u0131 yap\u0131yorsa, milliyet\u00e7iler ligi kurmak istiyorsa zaten biz oraday\u0131z. Buyursun gelsin&#8221; dedi.<\/p>\n<p><b>MHP&#8217;DEN \u0130Y\u0130 PART\u0130&#8217;YE \u0130TT\u0130FAK \u00c7A\u011eRISI<\/b><\/p>\n<p>2019 yerel se\u00e7imlerinde ve 14 May\u0131s&#8217;taki genel se\u00e7imlerde CHP ile Millet \u0130ttifak\u0131&#8217;n\u0131n ana payda\u015f\u0131 olan \u0130Y\u0130 Parti&#8217;nin bundan sonraki s\u00fcre\u00e7te nas\u0131l bir yol haritas\u0131 izleyece\u011fi merak konusu oldu. CHP ile yeni bir ittifaka s\u0131cak bakmayan \u0130Y\u0130 Parti&#8217;ye MHP&#8217;den davet geldi.<\/p>\n<p><b>&#8220;YEREL \u0130KT\u0130DARDA KOM\u015eU OLALIM \u00dcLKE HAYRINA&#8221;<\/b><\/p>\n<p>MHP Genel Ba\u015fkan Yard\u0131mc\u0131s\u0131 \u0130smail \u00d6zdemir, CNN T\u00fcrk&#8217;ten Hande F\u0131rat&#8217;a Genel Ba\u015fkan Devlet Bah\u00e7eli&#8217;nin \u0130Y\u0130 Parti&#8217;ye y\u00f6nelik mesaj\u0131n\u0131 g\u00f6nderdi. Mesajda, Bah\u00e7eli, \u0130Y\u0130 Parti&#8217;ye yerel se\u00e7imlerde ittifak \u00e7a\u011fr\u0131s\u0131 yapt\u0131. Mesajda \u015fu ifadeler yer ald\u0131: &#8220;Say\u0131n Genel Ba\u015fkan\u0131m\u0131z, 1 A\u011fustos 2019 tarihinde Twitter \u00fczerinden bir mesaj yay\u0131nlam\u0131\u015f ve ge\u00e7mi\u015fte MHP&#8217;de yer al\u0131p sonradan \u0130Y\u0130 Parti b\u00fcnyesine ge\u00e7en isimlere bir \u00e7a\u011fr\u0131da bulunmu\u015ftu. Yine Say\u0131n Genel Ba\u015fkan\u0131m\u0131z sizlere h\u00fcrmetlerini sunarak \u0130Y\u0130 Parti&#8217;ye yeni bir \u00e7a\u011fr\u0131s\u0131n\u0131 iletiyor ve sayg\u0131de\u011fer kamuoyuyla payla\u015f\u0131yorlar. &#8216;\u00c7a\u011f\u0131rd\u0131k d\u00f6nmediniz yuvaya, yerel iktidarda kom\u015fu olal\u0131m \u00fclke hayr\u0131na.&#8221;<\/p>\n<p><img decoding=\"async\" src=\"https:\/\/i.hbrcdn.com\/haber\/2023\/08\/11\/bahceli-nin-ittifak-cagrisina-iyi-parti-den-yanit-16218163_3784_m.jpg\" alt=\"\" title=\"\"><\/p>\n<p><b>\u0130Y\u0130 PART\u0130&#8217;DEN BAH\u00c7EL\u0130&#8217;N\u0130N \u00c7A\u011eRISINA \u0130LK YANIT<\/b><\/p>\n<p>\u0130Y\u0130 Parti&#8217;nin bu \u00e7a\u011fr\u0131ya verece\u011fi yan\u0131t b\u00fcy\u00fck merak konusu olurken, parti ad\u0131na ilk a\u00e7\u0131klama \u0130Y\u0130 Parti Genel Ba\u015fkan Yard\u0131mc\u0131s\u0131 Mehmet Tolga Akal\u0131n&#8217;dan geldi. Tamga T\u00fcrk sitesine a\u00e7\u0131klama yapan Akal\u0131n, &#8220;Devlet Bey bir \u00fc\u00e7\u00fcnc\u00fc yol \u00e7a\u011fr\u0131s\u0131 yap\u0131yorsa, yani bir milliyet\u00e7iler ligi kurmak istiyorsa zaten biz oraday\u0131z. Buyursun gelsin. Yok e\u011fer bir siyasal \u0130slamc\u0131n\u0131n \u00f6nderli\u011finde T\u00fcrk milliyet\u00e7ili\u011fini pe\u015fke\u015f \u00e7ekiyorsa zaten o gere\u011fini yap\u0131yordur bize ihtiya\u00e7 yoktur&#8221; ifadesini kulland\u0131.<\/p>\n<p><img decoding=\"async\" src=\"https:\/\/i.hbrcdn.com\/haber\/2023\/08\/11\/bahceli-nin-ittifak-cagrisina-iyi-parti-den-yanit-16218163_6828_m.jpg\" alt=\"\" title=\"\"><span>\u0130Y\u0130 Parti Genel Ba\u015fkan Yard\u0131mc\u0131s\u0131 Mehmet Tolga Akal\u0131n.<\/span><\/p>\n<p><b>T\u00dcRKKAN: HERKES 26 A\u011eUSTOS&#8217;U BEKLES\u0130N<\/b><\/p>\n<p>\u0130Y\u0130 Parti Kocaeli Milletvekili L\u00fctf\u00fc T\u00fcrkkan ise, sosyal medya hesab\u0131ndan yapt\u0131\u011f\u0131 payla\u015f\u0131mda \u0130Y\u0130 Parti Genel Ba\u015fkan\u0131 Merak Ak\u015fener&#8217;in yapaca\u011f\u0131 a\u00e7\u0131klamay\u0131 i\u015faret ederek &#8220;Herkes 26 A\u011fustosu beklesin..!&#8221; ifadelerini kulland\u0131.<\/p>\n<p><img decoding=\"async\" src=\"https:\/\/i.hbrcdn.com\/haber\/2023\/08\/11\/bahceli-nin-ittifak-cagrisina-iyi-parti-den-yanit-16218163_3792_m.jpg\" alt=\"\" title=\"\"><\/p>\n","protected":false},"excerpt":{"rendered":"<p>MHP Genel Ba\u015fkan\u0131 Devlet Bah\u00e7eli&#8217;nin &#8220;\u00dclke hayr\u0131na yerel iktidarda kom\u015fu olal\u0131m&#8221; s\u00f6zleriyle yapt\u0131\u011f\u0131 ittifak \u00e7a\u011fr\u0131s\u0131na \u0130Y\u0130 Parti&#8217;den yan\u0131t gecikmedi. Genel Ba\u015fkan Yard\u0131mc\u0131s\u0131 Mehmet Tolga Akal\u0131n &#8220;Devlet Bey \u00fc\u00e7\u00fcnc\u00fc yol \u00e7a\u011fr\u0131s\u0131 yap\u0131yorsa, milliyet\u00e7iler ligi kurmak istiyorsa zaten biz oraday\u0131z. Buyursun gelsin&#8221; ifadesini kulland\u0131.<\/p>\n","protected":false},"author":1,"featured_media":111181,"comment_status":"closed","ping_status":"open","sticky":false,"template":"","format":"standard","meta":{"footnotes":""},"categories":[28],"tags":[5097,3039,4618,2756,1557],"class_list":["post-111180","post","type-post","status-publish","format-standard","has-post-thumbnail","hentry","category-politika","tag-cagrisi","tag-genel-baskan","tag-ittifak","tag-iyi-parti","tag-mhp"],"_links":{"self":[{"href":"https:\/\/haberulus.net\/index.php?rest_route=\/wp\/v2\/posts\/111180","targetHints":{"allow":["GET"]}}],"collection":[{"href":"https:\/\/haberulus.net\/index.php?rest_route=\/wp\/v2\/posts"}],"about":[{"href":"https:\/\/haberulus.net\/index.php?rest_route=\/wp\/v2\/types\/post"}],"author":[{"embeddable":true,"href":"https:\/\/haberulus.net\/index.php?rest_route=\/wp\/v2\/users\/1"}],"replies":[{"embeddable":true,"href":"https:\/\/haberulus.net\/index.php?rest_route=%2Fwp%2Fv2%2Fcomments&post=111180"}],"version-history":[{"count":1,"href":"https:\/\/haberulus.net\/index.php?rest_route=\/wp\/v2\/posts\/111180\/revisions"}],"predecessor-version":[{"id":111182,"href":"https:\/\/haberulus.net\/index.php?rest_route=\/wp\/v2\/posts\/111180\/revisions\/111182"}],"wp:featuredmedia":[{"embeddable":true,"href":"https:\/\/haberulus.net\/index.php?rest_route=\/wp\/v2\/media\/111181"}],"wp:attachment":[{"href":"https:\/\/haberulus.net\/index.php?rest_route=%2Fwp%2Fv2%2Fmedia&parent=111180"}],"wp:term":[{"taxonomy":"category","embeddable":true,"href":"https:\/\/haberulus.net\/index.php?rest_route=%2Fwp%2Fv2%2Fcategories&post=111180"},{"taxonomy":"post_tag","embeddable":true,"href":"https:\/\/haberulus.net\/index.php?rest_route=%2Fwp%2Fv2%2Ftags&post=111180"}],"curies":[{"name":"wp","href":"https:\/\/api.w.org\/{rel}","templated":true}]}}