{"id":111270,"date":"2023-08-11T10:23:03","date_gmt":"2023-08-11T10:23:03","guid":{"rendered":"https:\/\/haberulus.net\/?p=111270"},"modified":"2023-08-11T10:23:03","modified_gmt":"2023-08-11T10:23:03","slug":"simsek-korfezden-turkiyeye-cok-onemli-imkanlar-tahsis-edilecek","status":"publish","type":"post","link":"https:\/\/haberulus.net\/?p=111270","title":{"rendered":"\u015eim\u015fek: K\u00f6rfez\u2019den T\u00fcrkiye\u2019ye \u00e7ok \u00f6nemli imkanlar tahsis edilecek"},"content":{"rendered":"<p>Hazine ve Maliye Bakan\u0131 Mehmet \u015eim\u015fek, Batman\u2019da bir organize sanayi b\u00f6lgesindeki firmaya ait Ar-Ge merkezinin a\u00e7\u0131l\u0131\u015f\u0131nda ekonomiye ili\u015fkin mesajlar verdi.<\/p>\n<p>Enflasyonu tekrar tek hanelere d\u00fc\u015f\u00fcrmek i\u00e7in b\u00fct\u00fcn politika ara\u00e7lar\u0131n\u0131 kullanacaklar\u0131n\u0131 s\u00f6yleyen \u015eim\u015fek, ihracat\u00e7\u0131lar\u0131n finansmana eri\u015fim sorunuyla ilgili de K\u00f6rfez \u00fclkelerine i\u015faret etti.<\/p>\n<p>\u015eim\u015fek, \u201cK\u00f6rfez\u2019e yapt\u0131\u011f\u0131m\u0131z ziyaretlerde biz \u00f6zellikle ihracat\u0131n finansman\u0131n\u0131 \u00f6n planda tuttuk. Ve inan\u0131yorum ki, k\u00f6rfez merkezli finans kurulu\u015flar\u0131ndan da ihracat\u0131n finansman\u0131na y\u00f6nelik \u00e7ok \u00f6nemli imkanlar T\u00fcrkiye\u2019ye tahsis edilecek. Dolay\u0131s\u0131yla ihracat\u00e7\u0131m\u0131z\u0131n finansmana eri\u015fim sorununu b\u00fcy\u00fck \u00f6l\u00e7\u00fcde \u00e7\u00f6zm\u00fc\u015f olaca\u011f\u0131z\u201d dedi.<\/p>\n<div><img decoding=\"async\" src=\"https:\/\/i01.sozcucdn.com\/wp-content\/uploads\/2023\/08\/11\/resimid_235155631_23515563.jpg\" alt=\"\" title=\"\"><\/p>\n<p>\u015eim\u015fek, Batman\u2019da bir Ar-Ge merkezinin a\u00e7\u0131l\u0131\u015f\u0131nda konu\u015ftu. (Kaynak: DHA)<\/p>\n<\/div>\n<p><b>\u2018ESAS \u00d6NCEL\u0130\u011e\u0130M\u0130Z YATIRIM\u2019<\/b><\/p>\n<p>\u201cTabii ihracat yapmak i\u00e7in \u00fcretim yapmak laz\u0131m. \u00dcretim i\u00e7in de yat\u0131r\u0131m laz\u0131m\u201d diyen \u015eim\u015fek, \u201cBizim esas \u00f6nceli\u011fimiz yat\u0131r\u0131m. Te\u015fviki oraya verece\u011fiz, kredi imkanlar\u0131n\u0131, s\u0131n\u0131rl\u0131 imkanlar\u0131 biz yat\u0131r\u0131mlara y\u00f6nlendirece\u011fiz. \u00dcretim i\u00e7in istihdam laz\u0131m\u201d diye konu\u015ftu.<\/p>\n<p>\u201cBu d\u00f6ng\u00fc, T\u00fcrkiye\u2019yi m\u00fcreffeh yapacakt\u0131r. Dolay\u0131s\u0131yla \u00f6n\u00fcm\u00fczdeki d\u00f6nemde i\u00e7 talebi yeniden dengelememiz gerekiyor\u201d diyen \u015eim\u015fek, \u201cSadece krediyle, sadece i\u00e7 taleple b\u00fcy\u00fcyen bir ekonomi, s\u00fcrd\u00fcr\u00fclebilir y\u00fcksek b\u00fcy\u00fcmeyi yakalayamaz. S\u00fcrd\u00fcr\u00fclebilir y\u00fcksek b\u00fcy\u00fcmeyi yakalamak i\u00e7in, yat\u0131r\u0131m, istihdam, \u00fcretim ve ihracat d\u00f6ng\u00fcs\u00fcn\u00fcn \u00f6nceliklendirilmesi laz\u0131m\u201d ifadelerine yer verdi.<\/p>\n<p><b>\u2018RASYONELLE\u015eME\u2019 VURGUSUNU Y\u0130NELED\u0130<\/b><\/p>\n<p>Yeni d\u00f6nemde en b\u00fcy\u00fck \u00f6nceliklerinin makro finansal istikrar\u0131n peki\u015ftirilmesi oldu\u011funu kaydeden \u015eim\u015fek, \u201cBunun i\u00e7in, bildi\u011finiz gibi para politikas\u0131nda rasyonelle\u015fmeye gidiyoruz\u201d dedi.<\/p>\n<p>\u201cMaliye politikas\u0131nda deprem etkisi ki bir kerelik etkidir, onun d\u0131\u015f\u0131nda kalan alanda yine T\u00fcrkiye\u2019nin b\u00fct\u00e7eden gelirini Maastricht kriterleri \u00f6l\u00e7\u00fcs\u00fcnde \u015fekillendiriyoruz\u201d diyen \u015eim\u015fek, \u201cDolay\u0131s\u0131yla bir yandan mali disiplini tesis ediyoruz, bir taraftan para politikas\u0131nda enflasyonu tek haneye d\u00fc\u015f\u00fcrecek bir \u00e7aba i\u00e7erisine girmi\u015f bulunmaktay\u0131z\u201d diye konu\u015ftu.<\/p>\n<p><img decoding=\"async\" src=\"https:\/\/i01.sozcucdn.com\/wp-content\/uploads\/2023\/08\/11\/resimid_235155621_23515562.jpg\" alt=\"\" title=\"\"><\/p>\n<p><b>EYL\u00dcL AYININ ORTASINDA OVP A\u00c7IKLANACAK<\/b><\/p>\n<p>T\u00fcm bunlar\u0131 desteklemek i\u00e7in yap\u0131sal reform g\u00fcndemlerinin oldu\u011funa dikkat \u00e7eken \u015eim\u015fek, \u201cEyl\u00fcl\u00fcn ba\u015f\u0131nda orta vadeli program\u0131 a\u00e7\u0131klayaca\u011f\u0131z\u201d dedi.<\/p>\n<p>\u201cOrta vadeli programda biz yap\u0131sal reformlar noktas\u0131nda da yol haritam\u0131z\u0131 payla\u015faca\u011f\u0131z\u201d diyen \u015eim\u015fek, \u015f\u00f6yle devam etti:<\/p>\n<p>\u201cDolay\u0131s\u0131yla orta vadeli program hem \u00f6zel sekt\u00f6r i\u00e7in, hem kamu i\u00e7in \u00f6nemli bir rehber, yol haritas\u0131 fonksiyonunu ifa edecek.<\/p>\n<p>Enflasyon patikas\u0131n\u0131 Merkez Bankas\u0131 payla\u015ft\u0131. 2024 ve sonras\u0131nda gerek para politikas\u0131n\u0131, gerek maliye politikas\u0131n\u0131, gerekse gelirler politikas\u0131n\u0131 biz bu \u00e7er\u00e7evede \u015fekillendirece\u011fiz.\u201d<\/p>\n<p><b>\u2018B\u00dcT\u00dcN POL\u0130T\u0130KA ARA\u00c7LARINI KULLANACA\u011eIZ\u2019<\/b><\/p>\n<p>\u015eim\u015fek ayr\u0131ca, enflasyonu tekrar tek hanelere d\u00fc\u015f\u00fcrmek i\u00e7in b\u00fct\u00fcn politika ara\u00e7lar\u0131n\u0131 kullanacaklar\u0131n\u0131 vurgulayarak, \u015funlar\u0131 s\u00f6yledi:<\/p>\n<p>\u201cFiyat istikrar\u0131 sa\u011fland\u0131\u011f\u0131nda, \u00fclkemizin \u00e7ok daha h\u0131zl\u0131 b\u00fcy\u00fcyece\u011fini ge\u00e7mi\u015fte g\u00f6sterdik.<\/p>\n<p>2022\u2019ye kadar, yani 1923 ve 2002 aras\u0131 ortalama b\u00fcy\u00fcmeye oranla son 20 y\u0131ldaki ortalama b\u00fcy\u00fcme oran\u0131n\u0131 kar\u015f\u0131la\u015ft\u0131rd\u0131\u011f\u0131n\u0131z zaman, 1 puan daha yukar\u0131day\u0131z. \u00c7\u00fcnk\u00fc uzun bir s\u00fcre enflasyonu tek hanede tutabildik. O, b\u00fcy\u00fcme performans\u0131m\u0131z\u0131 artt\u0131rd\u0131. 1 puan diye ge\u00e7i\u015ftirip durmay\u0131n, 100 y\u0131ll\u0131k bir perspektifle bakt\u0131n\u0131z zaman, T\u00fcrkiye ekonomisi \u00f6l\u00e7e\u011finde 1 puan, 1 trilyon dolara denk geliyor.<\/p>\n<p>Dolay\u0131s\u0131yla ekonomimizi e\u011fer biz fiyat istikrar\u0131n\u0131 sa\u011flayabilirsek ki bu konuda kararl\u0131y\u0131z ve b\u00fcy\u00fcmemizi yukar\u0131ya \u00e7ekebiliriz. Bu T\u00fcrkiye\u2019nin geli\u015fmi\u015f \u00fclkelerle aray\u0131 daha h\u0131zl\u0131 kapatmas\u0131n\u0131 sa\u011flayacak.\u201d (DHA)<\/p>\n","protected":false},"excerpt":{"rendered":"<p>Batman&#8217;da konu\u015fan Hazine ve Maliye Bakan\u0131 Mehmet \u015eim\u015fek, ihracat\u00e7\u0131n\u0131n ya\u015fad\u0131\u011f\u0131 finansman soruna ili\u015fkin K\u00f6rfez \u00fclkelerine i\u015faret etti ve bu \u00fclkelerden T\u00fcrkiye&#8217;ye \u00f6nemli imk\u00e2nlar\u0131n tahsis edilece\u011fini s\u00f6yledi.<\/p>\n","protected":false},"author":1,"featured_media":111271,"comment_status":"closed","ping_status":"open","sticky":false,"template":"","format":"standard","meta":{"footnotes":""},"categories":[25],"tags":[645,810,770,2121,616],"class_list":["post-111270","post","type-post","status-publish","format-standard","has-post-thumbnail","hentry","category-ekonomi","tag-buyume","tag-ihracat","tag-orta","tag-politika","tag-simsek"],"_links":{"self":[{"href":"https:\/\/haberulus.net\/index.php?rest_route=\/wp\/v2\/posts\/111270","targetHints":{"allow":["GET"]}}],"collection":[{"href":"https:\/\/haberulus.net\/index.php?rest_route=\/wp\/v2\/posts"}],"about":[{"href":"https:\/\/haberulus.net\/index.php?rest_route=\/wp\/v2\/types\/post"}],"author":[{"embeddable":true,"href":"https:\/\/haberulus.net\/index.php?rest_route=\/wp\/v2\/users\/1"}],"replies":[{"embeddable":true,"href":"https:\/\/haberulus.net\/index.php?rest_route=%2Fwp%2Fv2%2Fcomments&post=111270"}],"version-history":[{"count":1,"href":"https:\/\/haberulus.net\/index.php?rest_route=\/wp\/v2\/posts\/111270\/revisions"}],"predecessor-version":[{"id":111272,"href":"https:\/\/haberulus.net\/index.php?rest_route=\/wp\/v2\/posts\/111270\/revisions\/111272"}],"wp:featuredmedia":[{"embeddable":true,"href":"https:\/\/haberulus.net\/index.php?rest_route=\/wp\/v2\/media\/111271"}],"wp:attachment":[{"href":"https:\/\/haberulus.net\/index.php?rest_route=%2Fwp%2Fv2%2Fmedia&parent=111270"}],"wp:term":[{"taxonomy":"category","embeddable":true,"href":"https:\/\/haberulus.net\/index.php?rest_route=%2Fwp%2Fv2%2Fcategories&post=111270"},{"taxonomy":"post_tag","embeddable":true,"href":"https:\/\/haberulus.net\/index.php?rest_route=%2Fwp%2Fv2%2Ftags&post=111270"}],"curies":[{"name":"wp","href":"https:\/\/api.w.org\/{rel}","templated":true}]}}