{"id":111338,"date":"2023-08-11T11:51:17","date_gmt":"2023-08-11T11:51:17","guid":{"rendered":"https:\/\/haberulus.net\/?p=111338"},"modified":"2023-08-11T11:51:17","modified_gmt":"2023-08-11T11:51:17","slug":"fenerbahceden-wilbekin-aciklamasi-milli-takimdan-affini-istedi","status":"publish","type":"post","link":"https:\/\/haberulus.net\/?p=111338","title":{"rendered":"Fenerbah\u00e7e\u2019den Wilbekin a\u00e7\u0131klamas\u0131: Milli Tak\u0131m\u2019dan aff\u0131n\u0131 istedi"},"content":{"rendered":"<p>Fenerbah\u00e7e Kul\u00fcb\u00fc, oyuncusu Scottie Wilbekin\u2019in sakatl\u0131\u011f\u0131 nedeniyle A Milli Erkek Basketbol Tak\u0131m\u0131\u2019n\u0131n FIBA Olimpiyat \u00d6n Eleme Turnuvas\u0131 aday kadrosundan aff\u0131n\u0131 istedi\u011fini bildirdi.<\/p>\n<p>Sar\u0131-lacivertli kul\u00fcpten yap\u0131lan a\u00e7\u0131klamada, 30 ya\u015f\u0131ndaki basketbolcunun A Milli Tak\u0131m\u2019\u0131n aday kadrosuna kat\u0131lmay\u0131 reddetti\u011fi iddialar\u0131n\u0131n ger\u00e7ek d\u0131\u015f\u0131 oldu\u011fu belirtildi. Sosyal medyada A Milli Tak\u0131m Ko\u00e7u Ergin Ataman\u2019\u0131n \u015fu s\u00f6zleri g\u00fcndem olmu\u015ftu: \u201cScottie Wilbekin\u2019e ula\u015fmaya \u00e7al\u0131\u015ft\u0131k ama telefonlar\u0131m\u0131z\u0131 a\u00e7mad\u0131. B\u00f6yle olunca kul\u00fcb\u00fcne ula\u015ft\u0131k ama san\u0131r\u0131m onlar da ikna edemediler.\u201d<\/p>\n<p>Wilbekin\u2019in ge\u00e7en sezon dizinden ciddi bir sakatl\u0131k ya\u015fad\u0131\u011f\u0131 ve yakla\u015f\u0131k 3 ay boyunca sahalardan uzak kald\u0131\u011f\u0131 hat\u0131rlat\u0131larak, \u015fu ifadeler kullan\u0131ld\u0131:<\/p>\n<p><b>\u2018C\u0130DD\u0130 D\u0130Z SAKATLIKLARI\u2019<\/b><\/p>\n<p>\u201cWilbekin, yaz d\u00f6nemini, sakatl\u0131k ya\u015fad\u0131\u011f\u0131 dizini \u00f6zel program dahilinde g\u00fc\u00e7lendirmek, sakatl\u0131k \u00f6nleyici idmanlar yapmak ve yeni sezona minimum risk ile girmek ad\u0131na haz\u0131rl\u0131klar \u00fczerine programlam\u0131\u015ft\u0131r. Bu noktada, iddia edildi\u011fi gibi kendisine ula\u015f\u0131lamamas\u0131, aramalara cevap vermemesi ya da keyfi nedenlerle bu k\u0131ymetli formay\u0131 reddetmesi gibi bir durum kesinlikle s\u00f6z konusu de\u011fildir.\u201d<\/p>\n<p>Scottie Wilbekin\u2019in milli tak\u0131m yetkililerini haz\u0131rl\u0131k program\u0131yla ilgili bilgilendirdi\u011fi vurgulanarak, \u201cSporcumuz iddia edildi\u011fi gibi milli tak\u0131ma gelmeyi reddetmemi\u015f, sadece kariyerinde ilk kez ya\u015fad\u0131\u011f\u0131 ciddi diz sakatl\u0131klar\u0131 ve sonras\u0131ndaki s\u00fcre\u00e7 sebebiyle rekabet\u00e7i d\u00fczeyde ma\u00e7 oynayacak durumdan hen\u00fcz uzak oldu\u011funu belirtmi\u015f ve bu yaz oynanacak eleme ma\u00e7lar\u0131ndan aff\u0131n\u0131 istemi\u015ftir. Bu s\u00fcre\u00e7teki t\u00fcm detaylar, \u015fubemizce de T\u00fcrkiye Basketbol Federasyonu yetkililerine d\u00fczenli ve detayl\u0131 olarak aktar\u0131lm\u0131\u015ft\u0131r.\u201d g\u00f6r\u00fc\u015flerine yer verildi. (AA)<\/p>\n","protected":false},"excerpt":{"rendered":"<p>Fenerbah\u00e7e Kul\u00fcb\u00fc, Scottie Wilbekin&#8217;in A Milli Erkek Basketbol Tak\u0131m\u0131&#8217;ndan sakatl\u0131\u011f\u0131 nedeniyle aff\u0131n\u0131 istedi\u011fini a\u00e7\u0131klad\u0131.<\/p>\n","protected":false},"author":1,"featured_media":111339,"comment_status":"closed","ping_status":"open","sticky":false,"template":"","format":"standard","meta":{"footnotes":""},"categories":[31],"tags":[599,9369,192],"class_list":["post-111338","post","type-post","status-publish","format-standard","has-post-thumbnail","hentry","category-spor","tag-milli","tag-sakatlik","tag-takim"],"_links":{"self":[{"href":"https:\/\/haberulus.net\/index.php?rest_route=\/wp\/v2\/posts\/111338","targetHints":{"allow":["GET"]}}],"collection":[{"href":"https:\/\/haberulus.net\/index.php?rest_route=\/wp\/v2\/posts"}],"about":[{"href":"https:\/\/haberulus.net\/index.php?rest_route=\/wp\/v2\/types\/post"}],"author":[{"embeddable":true,"href":"https:\/\/haberulus.net\/index.php?rest_route=\/wp\/v2\/users\/1"}],"replies":[{"embeddable":true,"href":"https:\/\/haberulus.net\/index.php?rest_route=%2Fwp%2Fv2%2Fcomments&post=111338"}],"version-history":[{"count":1,"href":"https:\/\/haberulus.net\/index.php?rest_route=\/wp\/v2\/posts\/111338\/revisions"}],"predecessor-version":[{"id":111340,"href":"https:\/\/haberulus.net\/index.php?rest_route=\/wp\/v2\/posts\/111338\/revisions\/111340"}],"wp:featuredmedia":[{"embeddable":true,"href":"https:\/\/haberulus.net\/index.php?rest_route=\/wp\/v2\/media\/111339"}],"wp:attachment":[{"href":"https:\/\/haberulus.net\/index.php?rest_route=%2Fwp%2Fv2%2Fmedia&parent=111338"}],"wp:term":[{"taxonomy":"category","embeddable":true,"href":"https:\/\/haberulus.net\/index.php?rest_route=%2Fwp%2Fv2%2Fcategories&post=111338"},{"taxonomy":"post_tag","embeddable":true,"href":"https:\/\/haberulus.net\/index.php?rest_route=%2Fwp%2Fv2%2Ftags&post=111338"}],"curies":[{"name":"wp","href":"https:\/\/api.w.org\/{rel}","templated":true}]}}