{"id":111347,"date":"2023-08-11T12:05:25","date_gmt":"2023-08-11T12:05:25","guid":{"rendered":"https:\/\/haberulus.net\/?p=111347"},"modified":"2023-08-11T12:05:25","modified_gmt":"2023-08-11T12:05:25","slug":"harry-kane-bayern-munihe-120-milyon-euroya-transfer-oluyor","status":"publish","type":"post","link":"https:\/\/haberulus.net\/?p=111347","title":{"rendered":"Harry Kane, Bayern M\u00fcnih\u2019e 120 milyon Euro\u2019ya transfer oluyor"},"content":{"rendered":"<p>ESPN\u2019e konu\u015fan kaynaklar, Tottenham\u2019\u0131n forveti Harry Kane\u2019in 120 milyon Euro (131 milyon dolar) de\u011ferinde bir anla\u015fmayla Bayern M\u00fcnih\u2019e kat\u0131lmay\u0131 kabul etti\u011fini s\u00f6yledi.<\/p>\n<p>30 ya\u015f\u0131ndaki oyuncunun d\u00f6rt y\u0131ll\u0131k bir s\u00f6zle\u015fme imzalamadan \u00f6nce sa\u011fl\u0131k kontrol\u00fcnden ge\u00e7mek \u00fczere Almanya\u2019ya gitmesi bekleniyordu. Ancak son dakikada ya\u015fanan bir aksakl\u0131k seyahat planlar\u0131n\u0131 geciktirince cuma sabah\u0131 kafa kar\u0131\u015f\u0131kl\u0131\u011f\u0131 hakim oldu.<\/p>\n<p>Kaynaklar ESPN\u2019e, Tottenham\u2019\u0131n Bayern ile transfer \u00fccretinin baz\u0131 y\u00f6nlerini yeniden m\u00fczakere etmek istedi\u011fini s\u00f6yledi. Bir kaynak daha y\u00fcksek miktarda garanti \u00f6deme istediklerini belirtti ancak bu do\u011frulanmad\u0131.<\/p>\n<p>Tottenham\u2019a yak\u0131n kaynaklar transferle ilgili herhangi bir p\u00fcr\u00fcz oldu\u011funu reddetmek i\u00e7in harekete ge\u00e7ti ve Kane\u2019in Almanya\u2019ya u\u00e7mak i\u00e7in izni oldu\u011funda \u0131srar etti. Ancak Kane\u2019in Birle\u015fik Krall\u0131k\u2019tan ayr\u0131lmadan \u00f6nce bir aile evinde bekledi\u011fi anla\u015f\u0131ld\u0131.<\/p>\n<p>ESPN, bu ay\u0131n ba\u015flar\u0131nda Bayern\u2019in 100 milyon Euro art\u0131 20 milyon Euro\u2019ya kadar ek \u00f6deme yapmaya haz\u0131r oldu\u011funu ve Bayern\u2019in \u015fartlar\u0131n yap\u0131s\u0131n\u0131 revize etmesinin ard\u0131ndan bu fiyata transferin ger\u00e7ekle\u015fti\u011fini a\u00e7\u0131klad\u0131.<\/p>\n<p><img decoding=\"async\" src=\"https:\/\/i01.sozcucdn.com\/wp-content\/uploads\/2023\/08\/11\/harry-kane.jpg\" alt=\"\" title=\"\"><\/p>\n<p><b>KANE TOTTENHAM B\u0130RL\u0130KTEL\u0130\u011e\u0130 SONA ER\u0130YOR<\/b><\/p>\n<p>Kane\u2019in ayr\u0131lma karar\u0131, Spurs ile 19 y\u0131ll\u0131k birlikteli\u011fini nihayete erdiren uzun soluklu bir destan\u0131 sona erdiriyor.<\/p>\n<p>Bayern\u2019in \u00fc\u00e7 teklifi reddedilmi\u015fti ve anla\u015fmay\u0131 tamamlamak i\u00e7in ge\u00e7ti\u011fimiz cuma g\u00fcn\u00fcne kadar s\u00fcre tan\u0131d\u0131. Ancak Tottenham\u2019\u0131n isteksizce kabul etti\u011fi d\u00f6rd\u00fcnc\u00fc bir teklif sunarak Kane\u2019i gelece\u011fine karar vermek zorunda b\u0131rakt\u0131.<\/p>\n<p>\u0130ngiltere kaptan\u0131n\u0131n, yeni teknik direkt\u00f6r Ange Postecoglou\u2019nun kul\u00fcpte olumlu bir izlenim b\u0131rakmas\u0131n\u0131n ard\u0131ndan s\u00f6zle\u015fmesinin son y\u0131l\u0131n\u0131 tamamlamak i\u00e7in kalmay\u0131 ger\u00e7ekten d\u00fc\u015f\u00fcnd\u00fc\u011f\u00fcn\u00fc ancak Kane\u2019in \u015fampiyonluk kazanma arzusunun karar verici fakt\u00f6r oldu\u011fu \u00f6\u011frenildi.<\/p>\n<p><b>KANE KALMAYA HAZIRDI AMA\u2026<\/b><\/p>\n<p>Belirsizli\u011fin sezona sarkmas\u0131n\u0131 istemeyen Kane, iki kul\u00fcb\u00fcn anla\u015fmaya varamamas\u0131 halinde kalmaya haz\u0131rd\u0131 ancak Spurs\u2019\u00fcn Bayern\u2019in son teklifini kabul etmesinin ard\u0131ndan Kane de transferi kabul etmeyi se\u00e7ti.<\/p>\n<p>Bayern teknik direkt\u00f6r\u00fc Thomas Tuchel, Stamford Bridge\u2019de g\u00f6rev yapt\u0131\u011f\u0131 s\u00fcre boyunca Kane\u2019i Chelsea\u2019ye getirmek istiyordu ve \u00fcst \u00fcste 12. Bundesliga \u015fampiyonlu\u011funu hedefleyen tak\u0131m\u0131n\u0131n h\u00fccumlar\u0131na liderlik etmesi i\u00e7in en \u00f6nemli hedefini belirledi.<\/p>\n<p><img decoding=\"async\" src=\"https:\/\/i01.sozcucdn.com\/wp-content\/uploads\/2023\/08\/11\/harry-kane-bayern-munih-tottenham-transfer.jpg\" alt=\"\" title=\"\"><\/p>\n<p>Spurs, Kane\u2019in haftal\u0131k 200.000 sterlinlik maa\u015f\u0131n\u0131 iki kat\u0131na \u00e7\u0131karmaya haz\u0131rd\u0131 ancak kaynaklar ESPN\u2019e, Kane\u2019in bu yaz yeni bir anla\u015fma imzalamaya niyeti olmad\u0131\u011f\u0131n\u0131 a\u00e7\u0131k\u00e7a belirtti\u011fini, bunun \u00fczerine kul\u00fcb\u00fcn gelecek yaz onu bedavaya kaybetme riskini mi alaca\u011f\u0131na yoksa mevcut anla\u015fmas\u0131n\u0131n bitmesine 12 ay kalan bir oyuncu i\u00e7in \u00f6nemli bir \u00fccreti kabul etmek i\u00e7in son \u015fans\u0131 m\u0131 kullanaca\u011f\u0131na karar verdi\u011fini s\u00f6yledi.<\/p>\n<p>Postecoglou, Tottenham\u2019\u0131n pazar g\u00fcn\u00fc Brentford deplasman\u0131nda oynayaca\u011f\u0131 Premier Lig a\u00e7\u0131l\u0131\u015f ma\u00e7\u0131 \u00f6ncesinde cuma g\u00fcn\u00fc ilerleyen saatlerde medyaya konu\u015facak.<\/p>\n<p>Kane att\u0131\u011f\u0131 213 Premier Lig gol\u00fcyle, Alan Shearer\u2019\u0131n t\u00fcm zamanlardaki rekorunun 48 gol gerisinde kalacak.<\/p>\n","protected":false},"excerpt":{"rendered":"<p>Tottenham&#8217;\u0131n 19 y\u0131ll\u0131k gol makinesi Harry Kane, 120 milyon Euro&#8217;luk muhte\u015fem bir anla\u015fmayla Bayern M\u00fcnih&#8217;in yeni y\u0131ld\u0131z\u0131 oldu. Bu b\u00fcy\u00fck transferin ard\u0131nda yatan nedenler ve iki kul\u00fcp aras\u0131ndaki pazarl\u0131klar\u0131n t\u00fcm detaylar\u0131 haberimizde&#8230;<\/p>\n","protected":false},"author":1,"featured_media":111348,"comment_status":"closed","ping_status":"open","sticky":false,"template":"","format":"standard","meta":{"footnotes":""},"categories":[31],"tags":[469,2670,3524,12940,6158],"class_list":["post-111347","post","type-post","status-publish","format-standard","has-post-thumbnail","hentry","category-spor","tag-anlasma","tag-bayern","tag-kabul","tag-kane","tag-tottenham"],"_links":{"self":[{"href":"https:\/\/haberulus.net\/index.php?rest_route=\/wp\/v2\/posts\/111347","targetHints":{"allow":["GET"]}}],"collection":[{"href":"https:\/\/haberulus.net\/index.php?rest_route=\/wp\/v2\/posts"}],"about":[{"href":"https:\/\/haberulus.net\/index.php?rest_route=\/wp\/v2\/types\/post"}],"author":[{"embeddable":true,"href":"https:\/\/haberulus.net\/index.php?rest_route=\/wp\/v2\/users\/1"}],"replies":[{"embeddable":true,"href":"https:\/\/haberulus.net\/index.php?rest_route=%2Fwp%2Fv2%2Fcomments&post=111347"}],"version-history":[{"count":1,"href":"https:\/\/haberulus.net\/index.php?rest_route=\/wp\/v2\/posts\/111347\/revisions"}],"predecessor-version":[{"id":111349,"href":"https:\/\/haberulus.net\/index.php?rest_route=\/wp\/v2\/posts\/111347\/revisions\/111349"}],"wp:featuredmedia":[{"embeddable":true,"href":"https:\/\/haberulus.net\/index.php?rest_route=\/wp\/v2\/media\/111348"}],"wp:attachment":[{"href":"https:\/\/haberulus.net\/index.php?rest_route=%2Fwp%2Fv2%2Fmedia&parent=111347"}],"wp:term":[{"taxonomy":"category","embeddable":true,"href":"https:\/\/haberulus.net\/index.php?rest_route=%2Fwp%2Fv2%2Fcategories&post=111347"},{"taxonomy":"post_tag","embeddable":true,"href":"https:\/\/haberulus.net\/index.php?rest_route=%2Fwp%2Fv2%2Ftags&post=111347"}],"curies":[{"name":"wp","href":"https:\/\/api.w.org\/{rel}","templated":true}]}}