{"id":111383,"date":"2023-08-11T12:51:12","date_gmt":"2023-08-11T12:51:12","guid":{"rendered":"https:\/\/haberulus.net\/?p=111383"},"modified":"2023-08-11T12:51:12","modified_gmt":"2023-08-11T12:51:12","slug":"abdde-intihar-orani-artmaya-basladi","status":"publish","type":"post","link":"https:\/\/haberulus.net\/?p=111383","title":{"rendered":"ABD\u2019de intihar oran\u0131 artmaya ba\u015flad\u0131"},"content":{"rendered":"<p>ABD kamu sa\u011fl\u0131\u011f\u0131 yetkilileri, 2019 ve 2020 y\u0131llar\u0131nda d\u00fc\u015f\u00fc\u015fe ge\u00e7en intihar vakalar\u0131n\u0131n 2022 ile y\u00fckseldi\u011fini a\u00e7\u0131klad\u0131. Yetkililer, raporun ABD\u2019deki ruh sa\u011fl\u0131\u011f\u0131 krizini vurgulad\u0131\u011f\u0131n\u0131 belirtti.<\/p>\n<p>ABD Sa\u011fl\u0131k ve Sosyal Hizmetler Bakanl\u0131\u011f\u0131na ba\u011fl\u0131 Hastal\u0131k Kontrol ve Korunma Merkezleri (CDC), d\u00fcn \u00fclkenin 2022 intihar raporunu yay\u0131mlad\u0131.<\/p>\n<p>Buna g\u00f6re, 2019 ve 2020\u2019de d\u00fc\u015f\u00fc\u015fe ge\u00e7en intihar \u00f6l\u00fcmleri, 2021\u2019de yakla\u015f\u0131k y\u00fczde 5 ve 2022\u2019de bir \u00f6nceki y\u0131la g\u00f6re yakla\u015f\u0131k y\u00fczde 2.6 oran\u0131nda artt\u0131.<\/p>\n<p>CDC, 2021 y\u0131l\u0131nda 48 bin 183 olan intiharlar\u0131n 2022 y\u0131l\u0131nda 49 bin 449\u2019a y\u00fckseldi\u011finin alt\u0131n\u0131 \u00e7izdi.<\/p>\n<p><strong>EN FAZLA ERKEKLER ARASINDA G\u00d6R\u00dcL\u00dcYOR <\/strong><\/p>\n<p>Raporda, intihar edenlerin 39 bin 255\u2019inin erkek ve 10 bin 194\u2019\u00fcn\u00fcn ise kad\u0131nlar oldu\u011fu g\u00f6r\u00fcld\u00fc.<\/p>\n<p>Etnik k\u00f6ken ve \u0131rk olarak bak\u0131ld\u0131\u011f\u0131nda en fazla intihar\u0131n 37 bin 459 ile beyazlar aras\u0131nda ger\u00e7ekle\u015fti. Ya\u015f da\u011f\u0131l\u0131m\u0131nda en fazla intihar\u0131n 16 bin 843 ile 25-44 ya\u015f aral\u0131\u011f\u0131nda ger\u00e7ekle\u015fti\u011fi kaydedildi. 45 ya\u015f \u00fcst\u00fc ki\u015filerde intihar\u0131n bir \u00f6nceki y\u0131la g\u00f6re y\u00fckseldi\u011fi ayr\u0131ca tespit edildi.<\/p>\n<p>ABD Sa\u011fl\u0131k ve Sosyal Hizmetler Bakan\u0131 Xavier Becerra raporla ilgili olarak, \u201cOn Amerikal\u0131dan dokuzu, Amerika\u2019n\u0131n bir ak\u0131l sa\u011fl\u0131\u011f\u0131 kriziyle kar\u015f\u0131 kar\u015f\u0131ya oldu\u011funa inan\u0131yor. CDC taraf\u0131ndan bildirilen yeni intihar \u00f6l\u00fcm verileri bunun nedenini g\u00f6steriyor. \u0130ntihara kaybedilen bir hayat bile \u00e7ok fazla. Yine de \u00e7ok fazla insan yard\u0131m istemenin bir zay\u0131fl\u0131k i\u015fareti oldu\u011funa inan\u0131yor\u201d a\u00e7\u0131klamas\u0131n\u0131 yapt\u0131.<\/p>\n<p><strong>RAPOR RUH SA\u011eLI\u011eI KR\u0130Z\u0130N\u0130 VURGULUYOR <\/strong><\/p>\n<p>ABD Sa\u011fl\u0131k Dairesi Ba\u015fkan\u0131 Ba\u015fhekim (Surgeon General) Vivek Murthy ise \u201cBug\u00fcn\u00fcn raporu, Amerika\u2019daki y\u0131k\u0131c\u0131 ruh sa\u011fl\u0131\u011f\u0131 krizinin derinli\u011fini vurguluyor. Ak\u0131l sa\u011fl\u0131\u011f\u0131, zaman\u0131m\u0131z\u0131n belirleyici halk sa\u011fl\u0131\u011f\u0131 ve toplumsal sorunu haline geldi. \u00c7ok fazla insan ve aileleri ac\u0131 \u00e7ekiyor ve yaln\u0131z hissediyor\u201d dedi.<\/p>\n","protected":false},"excerpt":{"rendered":"<p>ABD&#8217;de intihar vakalar\u0131 art\u0131\u015fa ge\u00e7ti<\/p>\n","protected":false},"author":1,"featured_media":111384,"comment_status":"closed","ping_status":"open","sticky":false,"template":"","format":"standard","meta":{"footnotes":""},"categories":[24],"tags":[11,1170,1207,3905],"class_list":["post-111383","post","type-post","status-publish","format-standard","has-post-thumbnail","hentry","category-dunya","tag-abd","tag-intihar","tag-rapor","tag-sagligi"],"_links":{"self":[{"href":"https:\/\/haberulus.net\/index.php?rest_route=\/wp\/v2\/posts\/111383","targetHints":{"allow":["GET"]}}],"collection":[{"href":"https:\/\/haberulus.net\/index.php?rest_route=\/wp\/v2\/posts"}],"about":[{"href":"https:\/\/haberulus.net\/index.php?rest_route=\/wp\/v2\/types\/post"}],"author":[{"embeddable":true,"href":"https:\/\/haberulus.net\/index.php?rest_route=\/wp\/v2\/users\/1"}],"replies":[{"embeddable":true,"href":"https:\/\/haberulus.net\/index.php?rest_route=%2Fwp%2Fv2%2Fcomments&post=111383"}],"version-history":[{"count":1,"href":"https:\/\/haberulus.net\/index.php?rest_route=\/wp\/v2\/posts\/111383\/revisions"}],"predecessor-version":[{"id":111385,"href":"https:\/\/haberulus.net\/index.php?rest_route=\/wp\/v2\/posts\/111383\/revisions\/111385"}],"wp:featuredmedia":[{"embeddable":true,"href":"https:\/\/haberulus.net\/index.php?rest_route=\/wp\/v2\/media\/111384"}],"wp:attachment":[{"href":"https:\/\/haberulus.net\/index.php?rest_route=%2Fwp%2Fv2%2Fmedia&parent=111383"}],"wp:term":[{"taxonomy":"category","embeddable":true,"href":"https:\/\/haberulus.net\/index.php?rest_route=%2Fwp%2Fv2%2Fcategories&post=111383"},{"taxonomy":"post_tag","embeddable":true,"href":"https:\/\/haberulus.net\/index.php?rest_route=%2Fwp%2Fv2%2Ftags&post=111383"}],"curies":[{"name":"wp","href":"https:\/\/api.w.org\/{rel}","templated":true}]}}