{"id":111420,"date":"2023-08-11T13:51:10","date_gmt":"2023-08-11T13:51:10","guid":{"rendered":"https:\/\/haberulus.net\/?p=111420"},"modified":"2023-08-11T13:51:10","modified_gmt":"2023-08-11T13:51:10","slug":"besiktasin-genc-yetenegi-berkay-vardar-moldovanin-sheriff-takimina-kiralandi","status":"publish","type":"post","link":"https:\/\/haberulus.net\/?p=111420","title":{"rendered":"Be\u015fikta\u015f\u2019\u0131n gen\u00e7 yetene\u011fi Berkay Vardar, Moldova\u2019n\u0131n Sheriff tak\u0131m\u0131na kiraland\u0131"},"content":{"rendered":"<p>Be\u015fikta\u015f Kul\u00fcb\u00fc, 20 ya\u015f\u0131ndaki orta saha oyuncusu Berkay Vardar\u2019\u0131n Moldova temsilcisi Sheriff\u2019e kiraland\u0131\u011f\u0131n\u0131 duyurdu.<\/p>\n<p>Kul\u00fcpten yap\u0131lan a\u00e7\u0131klamada, s\u00f6zle\u015fmesi 2025-2026 sezonu sonuna kadar uzat\u0131lan Berkay Vardar\u2019\u0131n bir y\u0131ll\u0131\u011f\u0131na Sheriff\u2019e kiraland\u0131\u011f\u0131 belirtildi.<\/p>\n<p>Siyah-beyazl\u0131 ekibin altyap\u0131s\u0131ndan yeti\u015fen Berkay, S\u00fcper Lig\u2019de 5 ma\u00e7ta forma giydi. (AA)<\/p>\n","protected":false},"excerpt":{"rendered":"<p>Be\u015fikta\u015f&#8217;\u0131n gelece\u011fin y\u0131ld\u0131zlar\u0131 aras\u0131nda g\u00f6sterilen gen\u00e7 yetenek Berkay Vardar, siyah-beyazl\u0131 kul\u00fcpten b\u00fcy\u00fck bir ad\u0131m atarak Moldova&#8217;n\u0131n prestijli tak\u0131m\u0131 Sheriff&#8217;e kiraland\u0131.<\/p>\n","protected":false},"author":1,"featured_media":111421,"comment_status":"closed","ping_status":"open","sticky":false,"template":"","format":"standard","meta":{"footnotes":""},"categories":[31],"tags":[],"class_list":["post-111420","post","type-post","status-publish","format-standard","has-post-thumbnail","hentry","category-spor"],"_links":{"self":[{"href":"https:\/\/haberulus.net\/index.php?rest_route=\/wp\/v2\/posts\/111420","targetHints":{"allow":["GET"]}}],"collection":[{"href":"https:\/\/haberulus.net\/index.php?rest_route=\/wp\/v2\/posts"}],"about":[{"href":"https:\/\/haberulus.net\/index.php?rest_route=\/wp\/v2\/types\/post"}],"author":[{"embeddable":true,"href":"https:\/\/haberulus.net\/index.php?rest_route=\/wp\/v2\/users\/1"}],"replies":[{"embeddable":true,"href":"https:\/\/haberulus.net\/index.php?rest_route=%2Fwp%2Fv2%2Fcomments&post=111420"}],"version-history":[{"count":1,"href":"https:\/\/haberulus.net\/index.php?rest_route=\/wp\/v2\/posts\/111420\/revisions"}],"predecessor-version":[{"id":111422,"href":"https:\/\/haberulus.net\/index.php?rest_route=\/wp\/v2\/posts\/111420\/revisions\/111422"}],"wp:featuredmedia":[{"embeddable":true,"href":"https:\/\/haberulus.net\/index.php?rest_route=\/wp\/v2\/media\/111421"}],"wp:attachment":[{"href":"https:\/\/haberulus.net\/index.php?rest_route=%2Fwp%2Fv2%2Fmedia&parent=111420"}],"wp:term":[{"taxonomy":"category","embeddable":true,"href":"https:\/\/haberulus.net\/index.php?rest_route=%2Fwp%2Fv2%2Fcategories&post=111420"},{"taxonomy":"post_tag","embeddable":true,"href":"https:\/\/haberulus.net\/index.php?rest_route=%2Fwp%2Fv2%2Ftags&post=111420"}],"curies":[{"name":"wp","href":"https:\/\/api.w.org\/{rel}","templated":true}]}}