{"id":111438,"date":"2023-08-11T14:05:16","date_gmt":"2023-08-11T14:05:16","guid":{"rendered":"https:\/\/haberulus.net\/?p=111438"},"modified":"2023-08-11T14:05:16","modified_gmt":"2023-08-11T14:05:16","slug":"tff-2024-2025-sezonu-icin-uefa-kupalarina-katilimlari-acikladi-5-turk-takimi-avrupada","status":"publish","type":"post","link":"https:\/\/haberulus.net\/?p=111438","title":{"rendered":"TFF, 2024-2025 sezonu i\u00e7in UEFA kupalar\u0131na kat\u0131l\u0131mlar\u0131 a\u00e7\u0131klad\u0131: 5 T\u00fcrk tak\u0131m\u0131 Avrupa\u2019da"},"content":{"rendered":"<p>T\u00fcrkiye Futbol Federasyonu, gelecek sezon Avrupa kupalar\u0131na kat\u0131lacak tak\u0131m say\u0131s\u0131n\u0131 a\u00e7\u0131klad\u0131.<\/p>\n<p>TFF\u2019nin resmi internet sitesinden yap\u0131lan a\u00e7\u0131klamada, \u201cUEFA\u2019n\u0131n kat\u0131l\u0131m listesine ili\u015fkin sirk\u00fcleri uyar\u0131nca, 2024-2025 Sezonunda \u00dclkemiz, UEFA \u015eampiyonlar Ligi\u2019nde 2 tak\u0131m, UEFA Avrupa Ligi\u2019nde 2 tak\u0131m ve UEFA Avrupa Konferans Ligi\u2019nde 1 tak\u0131m olmak \u00fczere toplam 5 tak\u0131m ile temsil edilecektir.\u201d ifadelerine yer verildi.<\/p>\n<p><strong>2024-2025 Sezonunda UEFA Kul\u00fcpler Aras\u0131 M\u00fcsabakalara Kat\u0131l\u0131m Kurallar\u0131:<\/strong><\/p>\n<ul>\n<li><strong>Standart Kat\u0131l\u0131m Kurallar\u0131:<\/strong><\/li>\n<li>S\u00fcper Ligi 1. s\u0131rada bitiren tak\u0131m UEFA \u015eampiyonlar Ligi&#8217;ne gidecek 1. tak\u0131m olur.<\/li>\n<li>S\u00fcper Ligi 2. s\u0131rada bitiren tak\u0131m UEFA \u015eampiyonlar Ligi&#8217;ne gidecek 2. tak\u0131m olur.<\/li>\n<li>T\u00fcrkiye Kupas\u0131 \u015eampiyonu olan tak\u0131m UEFA Avrupa Ligi&#8217;ne gidecek 1. tak\u0131m olur.<\/li>\n<li>S\u00fcper Ligi 3. s\u0131rada bitiren tak\u0131m UEFA Avrupa Ligi&#8217;ne gidecek 2. tak\u0131m olur.<\/li>\n<li>S\u00fcper Ligi 4. s\u0131rada bitiren tak\u0131m UEFA Avrupa Konferans Ligi&#8217;ne gidecek tak\u0131m olur.<\/li>\n<li><strong>\u00d6zel Kat\u0131l\u0131m Kurallar\u0131:<\/strong><\/li>\n<li><strong><em>E\u011fer T\u00fcrkiye Kupas\u0131 \u015eampiyonu olan tak\u0131m UEFA \u015eampiyonlar Ligi&#8217;ne gitmeye hak kazan\u0131rsa;<\/em><\/strong><\/li>\n<li>S\u00fcper Ligi 3. s\u0131rada bitiren tak\u0131m UEFA Avrupa Ligi&#8217;ne gidecek 1. tak\u0131m olur.<\/li>\n<li>S\u00fcper Ligi 4. s\u0131rada bitiren tak\u0131m UEFA Avrupa Ligi&#8217;ne gidecek 2. tak\u0131m olur.<\/li>\n<li>S\u00fcper Ligi 5. s\u0131rada bitiren tak\u0131m UEFA Avrupa Konferans Ligi&#8217;ne gidecek tak\u0131m olur.<\/li>\n<li><em><strong>E\u011fer T\u00fcrkiye Kupas\u0131&#8217;nda \u015eampiyon olan tak\u0131m, S\u00fcper Ligi 3. s\u0131rada bitirirse;<\/strong><\/em><\/li>\n<li>T\u00fcrkiye Kupas\u0131 \u015eampiyonu olan tak\u0131m, UEFA Avrupa Ligi&#8217;ne gidecek 1. tak\u0131m olur.<\/li>\n<li>S\u00fcper Ligi 4. s\u0131rada bitiren tak\u0131m, UEFA Avrupa Ligi&#8217;ne gidecek 2. tak\u0131m olur.<\/li>\n<li>S\u00fcper Ligi 5. s\u0131rada bitiren tak\u0131m, UEFA Avrupa Konferans Ligi&#8217;ne gidecek tak\u0131m olur.<\/li>\n<li><em><strong>E\u011fer T\u00fcrkiye Kupas\u0131&#8217;nda \u015eampiyon olan tak\u0131m, S\u00fcper Ligi 4. s\u0131rada bitirirse;<\/strong><\/em><\/li>\n<li>T\u00fcrkiye Kupas\u0131 \u015eampiyonu olan tak\u0131m, UEFA Avrupa Ligi&#8217;ne gidecek 1. tak\u0131m olur.<\/li>\n<li>S\u00fcper Ligi 3. s\u0131rada bitiren tak\u0131m, UEFA Avrupa Ligi&#8217;ne gidecek 2. tak\u0131m olur.<\/li>\n<li>S\u00fcper Ligi 5. s\u0131rada bitiren tak\u0131m, UEFA Avrupa Konferans Ligi&#8217;ne gidecek tak\u0131m olur.<\/li>\n<li><em><strong>E\u011fer T\u00fcrkiye Kupas\u0131&#8217;nda \u015eampiyon olan tak\u0131m, S\u00fcper Ligi 5. s\u0131rada bitirirse;<\/strong><\/em><\/li>\n<li>T\u00fcrkiye Kupas\u0131 \u015eampiyonu olan tak\u0131m, UEFA Avrupa Ligi&#8217;ne gidecek 1. tak\u0131m olur.<\/li>\n<li>S\u00fcper Ligi 3. s\u0131rada bitiren tak\u0131m, UEFA Avrupa Ligi&#8217;ne gidecek 2. tak\u0131m olur.<\/li>\n<li>S\u00fcper Ligi 4. s\u0131rada bitiren tak\u0131m, UEFA Avrupa Konferans Ligi&#8217;ne gidecek tak\u0131m olur.<\/li>\n<\/ul>\n","protected":false},"excerpt":{"rendered":"<p>Gelecek sezon Avrupa arenas\u0131nda bizi kimlerin temsil edece\u011fini merak ediyor musunuz? T\u00fcrkiye Futbol Federasyonu&#8217;nun resmi duyurusuna g\u00f6re UEFA \u015eampiyonlar Ligi, Avrupa Ligi ve Avrupa Konferans Ligi&#8217;nde sahne alacak tak\u0131mlar\u0131m\u0131z\u0131n kriterleri belli oldu.<\/p>\n","protected":false},"author":1,"featured_media":111439,"comment_status":"closed","ping_status":"open","sticky":false,"template":"","format":"standard","meta":{"footnotes":""},"categories":[31],"tags":[288,193,192,15,2516],"class_list":["post-111438","post","type-post","status-publish","format-standard","has-post-thumbnail","hentry","category-spor","tag-ligi","tag-sampiyon","tag-takim","tag-turkiye","tag-uefa"],"_links":{"self":[{"href":"https:\/\/haberulus.net\/index.php?rest_route=\/wp\/v2\/posts\/111438","targetHints":{"allow":["GET"]}}],"collection":[{"href":"https:\/\/haberulus.net\/index.php?rest_route=\/wp\/v2\/posts"}],"about":[{"href":"https:\/\/haberulus.net\/index.php?rest_route=\/wp\/v2\/types\/post"}],"author":[{"embeddable":true,"href":"https:\/\/haberulus.net\/index.php?rest_route=\/wp\/v2\/users\/1"}],"replies":[{"embeddable":true,"href":"https:\/\/haberulus.net\/index.php?rest_route=%2Fwp%2Fv2%2Fcomments&post=111438"}],"version-history":[{"count":1,"href":"https:\/\/haberulus.net\/index.php?rest_route=\/wp\/v2\/posts\/111438\/revisions"}],"predecessor-version":[{"id":111440,"href":"https:\/\/haberulus.net\/index.php?rest_route=\/wp\/v2\/posts\/111438\/revisions\/111440"}],"wp:featuredmedia":[{"embeddable":true,"href":"https:\/\/haberulus.net\/index.php?rest_route=\/wp\/v2\/media\/111439"}],"wp:attachment":[{"href":"https:\/\/haberulus.net\/index.php?rest_route=%2Fwp%2Fv2%2Fmedia&parent=111438"}],"wp:term":[{"taxonomy":"category","embeddable":true,"href":"https:\/\/haberulus.net\/index.php?rest_route=%2Fwp%2Fv2%2Fcategories&post=111438"},{"taxonomy":"post_tag","embeddable":true,"href":"https:\/\/haberulus.net\/index.php?rest_route=%2Fwp%2Fv2%2Ftags&post=111438"}],"curies":[{"name":"wp","href":"https:\/\/api.w.org\/{rel}","templated":true}]}}