{"id":111549,"date":"2023-08-11T18:35:02","date_gmt":"2023-08-11T18:35:02","guid":{"rendered":"https:\/\/haberulus.net\/?p=111549"},"modified":"2023-08-11T18:35:02","modified_gmt":"2023-08-11T18:35:02","slug":"iran-israilin-varligina-son-verilmeli","status":"publish","type":"post","link":"https:\/\/haberulus.net\/?p=111549","title":{"rendered":"\u0130ran: \u0130srail\u2019in varl\u0131\u011f\u0131na son verilmeli"},"content":{"rendered":"<p>L\u00fcbnan resmi haber ajans\u0131 NNA\u2019ya g\u00f6re Celalzade, L\u00fcbnan temaslar\u0131 kapsam\u0131nda beraberindeki heyetle \u00fclkenin g\u00fcneyinde Filistin-\u0130srail s\u0131n\u0131r\u0131nda yer alan Marun el-Ras k\u00f6y\u00fcndeki \u0130ran Bah\u00e7esi\u2019ni ziyaret etti.<\/p>\n<p>Celalzade, \u0130ran devriminin lideri Ayetullah Humeyni\u2019nin \u0130srail hakk\u0131ndaki bir s\u00f6z\u00fcne at\u0131fta bulunarak, \u201c\u0130srail\u2019in varl\u0131\u011f\u0131na son verilmelidir. \u0130mam Hamaney de Siyonist olu\u015fumun 25 y\u0131ldan daha fazla s\u00fcrmeyece\u011fini s\u00f6ylemi\u015ftir.\u201d ifadelerini kulland\u0131.<\/p>\n<p>\u0130ranl\u0131 yetkili, \u00fclkesinin L\u00fcbnan\u2019\u0131 ve Hizbullah\u2019\u0131 desteklemeye devam edece\u011fini yineledi.<\/p>\n<p><strong>H\u0130ZBULLAH M\u0130LLETVEK\u0130L\u0130NDEN \u0130RAN\u2019A TE\u015eEKK\u00dcR<\/strong><\/p>\n<p>\u00d6te yandan \u0130srail s\u0131n\u0131r\u0131ndaki k\u00f6yde \u0130ran heyetini kar\u015f\u0131layanlar aras\u0131nda bulunan L\u00fcbnan Meclisindeki Hizbullah Milletvekili Hasan Faddallah, y\u0131llard\u0131r L\u00fcbnan halk\u0131na sundu\u011fu yard\u0131mlardan \u00f6t\u00fcr\u00fc \u0130ran\u2019a te\u015fekk\u00fcr etti.<\/p>\n<p>\u0130ran\u2019dan L\u00fcbnan\u2019a uzanan yard\u0131m eline i\u015faret eden Faddallah, \u201c\u00d6zellikle ABD\u2019nin yapt\u0131r\u0131mlar\u0131 \u00fczerinden, L\u00fcbnan\u2019a gelen oksijeni ve t\u00fcm yard\u0131mlar\u0131 kesmek isteyen taraflar var.\u201d dedi.<\/p>\n<p>\u0130ran Meclisi Ulusal G\u00fcvenlik ve D\u0131\u015f Politika Komisyonu Ba\u015fkan\u0131 Celalzade, d\u00fcn ba\u015fkent Beyrut\u2019ta L\u00fcbnan Meclis Ba\u015fkan\u0131 Nebih Berri, D\u0131\u015fi\u015fleri Bakan\u0131 Abdallah Buhabib ve Filistinli siyasi parti temsilcileri ile bir araya gelmi\u015fti. (AA)<\/p>\n","protected":false},"excerpt":{"rendered":"<p>L\u00fcbnan&#8217;\u0131n \u0130srail s\u0131n\u0131r\u0131n\u0131 ziyaret eden \u0130ran Meclisi Ulusal G\u00fcvenlik ve D\u0131\u015f Politika Komisyonu Ba\u015fkan\u0131 Vahid Celalzade, &#8220;\u0130srail&#8217;in varl\u0131\u011f\u0131na son verilmeli.&#8221; dedi.<\/p>\n","protected":false},"author":1,"featured_media":111550,"comment_status":"closed","ping_status":"open","sticky":false,"template":"","format":"standard","meta":{"footnotes":""},"categories":[24],"tags":[46,5016],"class_list":["post-111549","post","type-post","status-publish","format-standard","has-post-thumbnail","hentry","category-dunya","tag-iran","tag-lubnan"],"_links":{"self":[{"href":"https:\/\/haberulus.net\/index.php?rest_route=\/wp\/v2\/posts\/111549","targetHints":{"allow":["GET"]}}],"collection":[{"href":"https:\/\/haberulus.net\/index.php?rest_route=\/wp\/v2\/posts"}],"about":[{"href":"https:\/\/haberulus.net\/index.php?rest_route=\/wp\/v2\/types\/post"}],"author":[{"embeddable":true,"href":"https:\/\/haberulus.net\/index.php?rest_route=\/wp\/v2\/users\/1"}],"replies":[{"embeddable":true,"href":"https:\/\/haberulus.net\/index.php?rest_route=%2Fwp%2Fv2%2Fcomments&post=111549"}],"version-history":[{"count":1,"href":"https:\/\/haberulus.net\/index.php?rest_route=\/wp\/v2\/posts\/111549\/revisions"}],"predecessor-version":[{"id":111551,"href":"https:\/\/haberulus.net\/index.php?rest_route=\/wp\/v2\/posts\/111549\/revisions\/111551"}],"wp:featuredmedia":[{"embeddable":true,"href":"https:\/\/haberulus.net\/index.php?rest_route=\/wp\/v2\/media\/111550"}],"wp:attachment":[{"href":"https:\/\/haberulus.net\/index.php?rest_route=%2Fwp%2Fv2%2Fmedia&parent=111549"}],"wp:term":[{"taxonomy":"category","embeddable":true,"href":"https:\/\/haberulus.net\/index.php?rest_route=%2Fwp%2Fv2%2Fcategories&post=111549"},{"taxonomy":"post_tag","embeddable":true,"href":"https:\/\/haberulus.net\/index.php?rest_route=%2Fwp%2Fv2%2Ftags&post=111549"}],"curies":[{"name":"wp","href":"https:\/\/api.w.org\/{rel}","templated":true}]}}