{"id":111606,"date":"2023-08-11T22:21:03","date_gmt":"2023-08-11T22:21:03","guid":{"rendered":"https:\/\/haberulus.net\/?p=111606"},"modified":"2023-08-11T22:21:03","modified_gmt":"2023-08-11T22:21:03","slug":"nenad-bjelicadan-visca-aciklamasi","status":"publish","type":"post","link":"https:\/\/haberulus.net\/?p=111606","title":{"rendered":"Nenad Bjelica\u2019dan Visca a\u00e7\u0131klamas\u0131"},"content":{"rendered":"<p>Trendyol S\u00fcper Lig\u2019in ilk haftas\u0131nda Antalyaspor\u2019u sahas\u0131nda 1-0 ma\u011flup eden Trabzonspor teknik direkt\u00f6r Nenad Bjelica, ma\u00e7 sonras\u0131 yay\u0131nc\u0131 kurulu\u015fa konu\u015ftu.<\/p>\n<p>S\u00f6zlerine tak\u0131m\u0131n\u0131 tebrik ederek ba\u015flayan Bjelica, \u201cMa\u00e7\u0131n b\u00fcy\u00fck b\u00f6l\u00fcm\u00fcnde ma\u00e7a h\u00fckmeden taraf bizdik. Bunda taraftar\u0131n etkisi \u00e7ok b\u00fcy\u00fckt\u00fc. Bize destek veren taraftar\u0131m\u0131za te\u015fekk\u00fcr etmek istiyorum. Ligin ilk ma\u00e7lar\u0131 her zaman zordur. Galibiyetle ba\u015flamak \u00e7ok \u00f6nemliydi, galibiyet i\u00e7in \u00e7ok mutluyuz. \u00dczerine \u00e7al\u0131\u015faca\u011f\u0131m\u0131z \u015feyler var. Daha iyi yapabilece\u011fimiz \u015feyler var\u201d dedi.<\/p>\n<p>Visca\u2019n\u0131n sakatl\u0131\u011f\u0131 hakk\u0131nda da konu\u015fan Trabzonspor\u2019un hocas\u0131, \u201cVisca 30. dakikada kas\u0131k b\u00f6lgesinde ufak bir a\u011fr\u0131 hissetti\u011fi i\u00e7in de\u011fi\u015ftirdik. H\u00fcseyin\u2019in durumu g\u00fcn g\u00fcn iyiye gidiyor. O bizimle olacak gibi duruyor. Visca ile konu\u015faca\u011f\u0131z. Ama \u00e7ok \u00f6nemli oldu\u011funu d\u00fc\u015f\u00fcnm\u00fcyorum\u201d ifadelerini kulland\u0131.<\/p>\n<p>Bjelica ayr\u0131ca, \u201cSistemler ma\u00e7 kazand\u0131rmazlar. Size galibiyeti getirecek olan ba\u015fka nitelikler var. Bunun i\u00e7ine duyguyu, davran\u0131\u015f\u0131, empatiyi katabiliriz. Bunlar olmadan herhangi bir sistemin ba\u015far\u0131 getirece\u011finin garantisi yoktur. Bu galibiyetin tad\u0131n\u0131 \u00e7\u0131karma vakti. Ondan sonra da Galatasaray ma\u00e7\u0131 i\u00e7in d\u00fc\u015f\u00fcnmeye ba\u015flayaca\u011f\u0131z\u201d \u015feklinde konu\u015ftu.<\/p>\n","protected":false},"excerpt":{"rendered":"<p>Trabzonspor Teknik Direkt\u00f6r\u00fc Nenad Bjelica, 1-0 kazand\u0131klar\u0131 Antalyaspor kar\u015f\u0131la\u015fmas\u0131n\u0131n ard\u0131ndan a\u00e7\u0131klamalarda bulundu.<\/p>\n","protected":false},"author":1,"featured_media":111607,"comment_status":"closed","ping_status":"open","sticky":false,"template":"","format":"standard","meta":{"footnotes":""},"categories":[31],"tags":[290],"class_list":["post-111606","post","type-post","status-publish","format-standard","has-post-thumbnail","hentry","category-spor","tag-mac"],"_links":{"self":[{"href":"https:\/\/haberulus.net\/index.php?rest_route=\/wp\/v2\/posts\/111606","targetHints":{"allow":["GET"]}}],"collection":[{"href":"https:\/\/haberulus.net\/index.php?rest_route=\/wp\/v2\/posts"}],"about":[{"href":"https:\/\/haberulus.net\/index.php?rest_route=\/wp\/v2\/types\/post"}],"author":[{"embeddable":true,"href":"https:\/\/haberulus.net\/index.php?rest_route=\/wp\/v2\/users\/1"}],"replies":[{"embeddable":true,"href":"https:\/\/haberulus.net\/index.php?rest_route=%2Fwp%2Fv2%2Fcomments&post=111606"}],"version-history":[{"count":1,"href":"https:\/\/haberulus.net\/index.php?rest_route=\/wp\/v2\/posts\/111606\/revisions"}],"predecessor-version":[{"id":111608,"href":"https:\/\/haberulus.net\/index.php?rest_route=\/wp\/v2\/posts\/111606\/revisions\/111608"}],"wp:featuredmedia":[{"embeddable":true,"href":"https:\/\/haberulus.net\/index.php?rest_route=\/wp\/v2\/media\/111607"}],"wp:attachment":[{"href":"https:\/\/haberulus.net\/index.php?rest_route=%2Fwp%2Fv2%2Fmedia&parent=111606"}],"wp:term":[{"taxonomy":"category","embeddable":true,"href":"https:\/\/haberulus.net\/index.php?rest_route=%2Fwp%2Fv2%2Fcategories&post=111606"},{"taxonomy":"post_tag","embeddable":true,"href":"https:\/\/haberulus.net\/index.php?rest_route=%2Fwp%2Fv2%2Ftags&post=111606"}],"curies":[{"name":"wp","href":"https:\/\/api.w.org\/{rel}","templated":true}]}}