{"id":111612,"date":"2023-08-12T02:21:50","date_gmt":"2023-08-12T02:21:50","guid":{"rendered":"https:\/\/haberulus.net\/?p=111612"},"modified":"2023-08-12T02:21:50","modified_gmt":"2023-08-12T02:21:50","slug":"destekle-ayakta-duran-sgkya-imfli-baskan","status":"publish","type":"post","link":"https:\/\/haberulus.net\/?p=111612","title":{"rendered":"Destekle ayakta duran SGK\u2019ya IMF\u2019li ba\u015fkan"},"content":{"rendered":"<p>SGK&#8217;da se\u00e7im \u00f6ncesi emeklilikte ya\u015fa tak\u0131lanlar (EYT) s\u00fcrecini y\u00f6neten K\u00fcr\u015fad Arat g\u00f6revden al\u0131nd\u0131. Yeni atamayla birlikte SGK&#8217;da son 4 y\u0131lda 5 ba\u015fkan de\u011fi\u015fti. SGK&#8217;da 2019&#8217;dan bu yana Selim Ba\u011fl\u0131, Cevdet Ceylan, \u0130smail Y\u0131lmaz, tekrar Cevdet Ceylan ve en son K\u00fcr\u015fad Arat ba\u015fkanl\u0131k yapt\u0131.<\/p>\n<p>Orta Do\u011fu Teknik \u00dcniversitesi mezunu olan Dr. Raci Kaya, eski Hazine ve Maliye Bakan\u0131 Berat Albayrak&#8217;a yak\u0131nl\u0131\u011f\u0131yla da biliniyor. Wikileaks belgelerinde Kaya&#8217;n\u0131n 2013&#8217;te Hazine b\u00fcrokratlar\u0131 hakk\u0131nda Albayrak&#8217;a maille bilgi vererek, fi\u015fleme yapt\u0131\u011f\u0131 iddialar\u0131 g\u00fcndeme gelmi\u015fti. \u00d6zel ve kamu bankalar\u0131nda g\u00f6rev alan Kaya, 2016\u20132018 aras\u0131nda Hazine M\u00fcste\u015far Yard\u0131mc\u0131s\u0131 ve Vak\u0131fbank Y\u00f6netim Kurulu Ba\u015fkanl\u0131\u011f\u0131 yapt\u0131. IMF \u00dclke Grubu \u0130cra Direkt\u00f6rl\u00fc\u011f\u00fc s\u0131ras\u0131 T\u00fcrkiye&#8217;ye ge\u00e7ince d\u00f6nemin Hazine Bakan\u0131 Albayrak, bu g\u00f6reve Kaya&#8217;y\u0131 atad\u0131.<\/p>\n<div><img decoding=\"async\" src=\"https:\/\/i01.sozcucdn.com\/wp-content\/uploads\/2023\/08\/11\/8sgk-raci-kaya-1.jpg\" alt=\"\" title=\"\"><\/p>\n<p>Raci Kaya<\/p>\n<\/div>\n<p><strong>EMEKL\u0130YE Y\u00dcK GEL\u0130R M\u0130?<\/strong><\/p>\n<p>SGK&#8217;ya bankac\u0131l\u0131k ve IMF deneyimli Raci Kaya&#8217;n\u0131n atanmas\u0131, kurumda mali yap\u0131ya odaklan\u0131laca\u011f\u0131 beklentisi yaratt\u0131. Kaya&#8217;n\u0131n emeklilerin ila\u00e7 ve hastane kat\u0131l\u0131m paylar\u0131 da dahil bir\u00e7ok alanda yeni zamlar yapabilece\u011fi de ifade ediliyor.<\/p>\n","protected":false},"excerpt":{"rendered":"<p>Mali yap\u0131s\u0131 her ge\u00e7en g\u00fcn bozulan Sosyal G\u00fcvenlik Kurumu (SGK) Ba\u015fkanl\u0131\u011f\u0131\u2019na IMF \u0130cra Direkt\u00f6rl\u00fc\u011f\u00fc g\u00f6revinde bulunan Raci Kaya getirildi.<\/p>\n","protected":false},"author":1,"featured_media":111613,"comment_status":"closed","ping_status":"open","sticky":false,"template":"","format":"standard","meta":{"footnotes":""},"categories":[25],"tags":[436],"class_list":["post-111612","post","type-post","status-publish","format-standard","has-post-thumbnail","hentry","category-ekonomi","tag-kaya"],"_links":{"self":[{"href":"https:\/\/haberulus.net\/index.php?rest_route=\/wp\/v2\/posts\/111612","targetHints":{"allow":["GET"]}}],"collection":[{"href":"https:\/\/haberulus.net\/index.php?rest_route=\/wp\/v2\/posts"}],"about":[{"href":"https:\/\/haberulus.net\/index.php?rest_route=\/wp\/v2\/types\/post"}],"author":[{"embeddable":true,"href":"https:\/\/haberulus.net\/index.php?rest_route=\/wp\/v2\/users\/1"}],"replies":[{"embeddable":true,"href":"https:\/\/haberulus.net\/index.php?rest_route=%2Fwp%2Fv2%2Fcomments&post=111612"}],"version-history":[{"count":1,"href":"https:\/\/haberulus.net\/index.php?rest_route=\/wp\/v2\/posts\/111612\/revisions"}],"predecessor-version":[{"id":111614,"href":"https:\/\/haberulus.net\/index.php?rest_route=\/wp\/v2\/posts\/111612\/revisions\/111614"}],"wp:featuredmedia":[{"embeddable":true,"href":"https:\/\/haberulus.net\/index.php?rest_route=\/wp\/v2\/media\/111613"}],"wp:attachment":[{"href":"https:\/\/haberulus.net\/index.php?rest_route=%2Fwp%2Fv2%2Fmedia&parent=111612"}],"wp:term":[{"taxonomy":"category","embeddable":true,"href":"https:\/\/haberulus.net\/index.php?rest_route=%2Fwp%2Fv2%2Fcategories&post=111612"},{"taxonomy":"post_tag","embeddable":true,"href":"https:\/\/haberulus.net\/index.php?rest_route=%2Fwp%2Fv2%2Ftags&post=111612"}],"curies":[{"name":"wp","href":"https:\/\/api.w.org\/{rel}","templated":true}]}}