{"id":111630,"date":"2023-08-12T05:05:19","date_gmt":"2023-08-12T05:05:19","guid":{"rendered":"https:\/\/haberulus.net\/?p=111630"},"modified":"2023-08-12T05:05:19","modified_gmt":"2023-08-12T05:05:19","slug":"covid-19un-eris-varyantiyla-ilgili-korkutan-aciklama","status":"publish","type":"post","link":"https:\/\/haberulus.net\/?p=111630","title":{"rendered":"Covid-19\u2019un Eris varyant\u0131yla ilgili korkutan a\u00e7\u0131klama"},"content":{"rendered":"<p>Fransa&#8217;da, Covid-19\u2019un Omicron varyant\u0131n\u0131n alt t\u00fcrevi olan Eris\u2019in (EG.5.1) \u00fclke genelinde yay\u0131lmas\u0131n\u0131n yaz tatili sezonuyla ba\u011flant\u0131s\u0131 olabilece\u011fi a\u00e7\u0131kland\u0131.<\/p>\n<p>Uluslararas\u0131 Frans\u0131z Radyosunun (RFI) haberine g\u00f6re, Frans\u0131z Halk Sa\u011fl\u0131\u011f\u0131 Kurumundan yap\u0131lan a\u00e7\u0131klamada, Eris vaka say\u0131lar\u0131ndaki art\u0131\u015f\u0131n t\u00fcm b\u00f6lgelerde g\u00f6zlemlendi\u011fi ancak en y\u00fcksek art\u0131\u015f\u0131n pop\u00fcler tatil b\u00f6lgelerinde oldu\u011fu bildirildi.<\/p>\n<p>Fransa&#8217;da, son g\u00fcnlerde Kovid-19 \u015f\u00fcphesiyle hastaneye kald\u0131r\u0131lan ki\u015fi say\u0131s\u0131nda art\u0131\u015f g\u00f6zlemlenirken, a\u00e7\u0131klamada, Covid-19 \u015f\u00fcpheli vakalar\u0131n bir \u00f6nceki haftaya k\u0131yasla 15 ila 74 ya\u015f aras\u0131 bireylerde y\u00fczde 25 art\u0131\u015f g\u00f6sterdi\u011fini belirtildi.<\/p>\n<p>S\u00f6z konusu oran\u0131n 74 ya\u015f \u00fcst\u00fc bireylerde y\u00fczde 34 ve iki ya\u015f\u0131n alt\u0131daki bebeklerde ise y\u00fczde 56 artt\u0131\u011f\u0131 aktar\u0131ld\u0131.<\/p>\n<p>Nouvelle Aquitaine en y\u00fcksek say\u0131da pozitif vaka bildiren b\u00f6lge olurken 31 Temmuz ila 6 A\u011fustos tarihlerinde yapt\u0131r\u0131lan PCR testlerinden 789&#8217;unun pozitif \u00e7\u0131kt\u0131.<\/p>\n<p>Occitanie&#8217;de 730, Ba\u015fkent Paris\u2019in yer ald\u0131\u011f\u0131 Ile-de-France&#8217;de 689 ve Provence-Alpes-Cote d\u2019Azur b\u00f6lgesinde 638 test sonucunun pozitif oldu\u011fu a\u00e7\u0131kland\u0131.<\/p>\n<p>Tatil b\u00f6lgelerinde, insanlar\u0131n sosyalle\u015fmek i\u00e7in festivaller ve di\u011fer etkinliklerde bir araya gelmesinin Eris&#8217;in yay\u0131lma h\u0131z\u0131n\u0131 tetiklemi\u015f olabilece\u011fi aktar\u0131l\u0131rken yeni vakalar\u0131n \u00fc\u00e7te birinden fazlas\u0131n\u0131n, Covid-19\u2019un Omicron varyant\u0131n\u0131n alt t\u00fcrevi olan Eris ba\u011flant\u0131l\u0131 olabilece\u011fi kaydedildi.<\/p>\n<p><strong>ER\u0130S YAYGINLA\u015eIYOR<\/strong><\/p>\n<p>DS\u00d6, 9 A\u011fustos\u2019ta Eris varyant\u0131na ili\u015fkin bir rapor yay\u0131mlam\u0131\u015ft\u0131.<\/p>\n<p>Rapora g\u00f6re, \u00f6nceden \u201cg\u00f6zlem alt\u0131ndaki varyant\u201d olan ve stat\u00fcs\u00fc \u201cizlenmesi gereken varyant\u201d olarak de\u011fi\u015ftirilen Eris\u2019in yayg\u0131nl\u0131\u011f\u0131nda istikrarl\u0131 bir art\u0131\u015f oldu\u011fu belirtilmi\u015f, 7 A\u011fustos itibar\u0131yla 51 \u00fclkeden 7 binin \u00fczerinde numune payla\u015f\u0131lm\u0131\u015ft\u0131.<\/p>\n<p>Mevcut kan\u0131tlara dayanarak Eris\u2019in olu\u015fturdu\u011fu halk sa\u011fl\u0131\u011f\u0131 riski, di\u011fer mevcut Kovid-19 varyantlar\u0131n\u0131n riskine benzer \u015fekilde \u201ck\u00fcresel d\u00fczeyde d\u00fc\u015f\u00fck\u201d olarak de\u011ferlendirilmi\u015fti.<br \/>Eris\u2019in, \u00f6zelliklerine ba\u011fl\u0131 olarak k\u00fcresel olarak yay\u0131labilece\u011fi ve vakalarda art\u0131\u015fa neden olabilece\u011fi de kaydedilmi\u015fti. <strong>(AA)<\/strong><\/p>\n","protected":false},"excerpt":{"rendered":"<p>Fransa\u2019da tatil sezonunun Covid-19\u2019un yeni varyant\u0131 Eris\u2019in yay\u0131l\u0131m\u0131n\u0131 art\u0131rd\u0131\u011f\u0131 d\u00fc\u015f\u00fcn\u00fcl\u00fcyor<\/p>\n","protected":false},"author":1,"featured_media":111631,"comment_status":"closed","ping_status":"open","sticky":false,"template":"","format":"standard","meta":{"footnotes":""},"categories":[24],"tags":[62,158,13136,175],"class_list":["post-111630","post","type-post","status-publish","format-standard","has-post-thumbnail","hentry","category-dunya","tag-artis","tag-bolge","tag-eris","tag-vaka"],"_links":{"self":[{"href":"https:\/\/haberulus.net\/index.php?rest_route=\/wp\/v2\/posts\/111630","targetHints":{"allow":["GET"]}}],"collection":[{"href":"https:\/\/haberulus.net\/index.php?rest_route=\/wp\/v2\/posts"}],"about":[{"href":"https:\/\/haberulus.net\/index.php?rest_route=\/wp\/v2\/types\/post"}],"author":[{"embeddable":true,"href":"https:\/\/haberulus.net\/index.php?rest_route=\/wp\/v2\/users\/1"}],"replies":[{"embeddable":true,"href":"https:\/\/haberulus.net\/index.php?rest_route=%2Fwp%2Fv2%2Fcomments&post=111630"}],"version-history":[{"count":1,"href":"https:\/\/haberulus.net\/index.php?rest_route=\/wp\/v2\/posts\/111630\/revisions"}],"predecessor-version":[{"id":111632,"href":"https:\/\/haberulus.net\/index.php?rest_route=\/wp\/v2\/posts\/111630\/revisions\/111632"}],"wp:featuredmedia":[{"embeddable":true,"href":"https:\/\/haberulus.net\/index.php?rest_route=\/wp\/v2\/media\/111631"}],"wp:attachment":[{"href":"https:\/\/haberulus.net\/index.php?rest_route=%2Fwp%2Fv2%2Fmedia&parent=111630"}],"wp:term":[{"taxonomy":"category","embeddable":true,"href":"https:\/\/haberulus.net\/index.php?rest_route=%2Fwp%2Fv2%2Fcategories&post=111630"},{"taxonomy":"post_tag","embeddable":true,"href":"https:\/\/haberulus.net\/index.php?rest_route=%2Fwp%2Fv2%2Ftags&post=111630"}],"curies":[{"name":"wp","href":"https:\/\/api.w.org\/{rel}","templated":true}]}}