{"id":111651,"date":"2023-08-12T06:35:08","date_gmt":"2023-08-12T06:35:08","guid":{"rendered":"https:\/\/haberulus.net\/?p=111651"},"modified":"2023-08-12T06:35:08","modified_gmt":"2023-08-12T06:35:08","slug":"adana-demirspor-gucunu-gosterdi","status":"publish","type":"post","link":"https:\/\/haberulus.net\/?p=111651","title":{"rendered":"Adana Demirspor g\u00fcc\u00fcn\u00fc g\u00f6sterdi"},"content":{"rendered":"<p>Vincenzo Montella y\u00f6netiminde ge\u00e7en sezon ligin fla\u015f tak\u0131m\u0131 olarak Konferans Ligi&#8217;ne kat\u0131l\u0131m hakk\u0131 elde eden Adana Demirspor, teknik direkt\u00f6r de\u011fi\u015fikli\u011fi sonras\u0131 Patrick Kluivert&#8217;la Avrupa&#8217;ya muhte\u015fem bir giri\u015f yapt\u0131. 2. eleme turunda Romanya\u2019da Cluj&#8217;u saf d\u0131\u015f\u0131 b\u0131rak\u0131p ilk Avrupa maceras\u0131n\u0131 kay\u0131ps\u0131z ge\u00e7en Akdeniz temsilcisi 3. eleme turu ilk ma\u00e7\u0131nda konuk etti\u011fi Osijek&#8217;i ise adeta sahadan sildi.<\/p>\n<p>H\u0131rvat rakibini evinde 5-1&#8217;lik skorla ma\u011flup edip 17 A\u011fustos&#8217;taki r\u00f6van\u015f \u00f6ncesi b\u00fcy\u00fck avantaj elde eden Akdeniz ekibinde Teknik Direkt\u00f6r Kluivert ise temkinli konu\u015ftu, \u201c\u0130nan\u0131lmaz bir skor ald\u0131k, inan\u0131lmaz bir performans g\u00f6sterdik ama hala H\u0131rvatistan&#8217;a gidip ikinci ma\u00e7\u0131 oynamam\u0131z laz\u0131m\u201d ifadelerini kulland\u0131.<\/p>\n<p><b>NIANG AS\u0130STLE BA\u015eLADI<\/b><\/p>\n<p>Adana Demirspor\u2019un Nani&#8217;den sonraki ikinci fla\u015f transferi M&#8217;Baye Niang, mavi-lacivertli formay\u0131 ilk kez Osijek ma\u00e7\u0131nda giyerken taraftara asistle \u2018Merhaba&#8217; dedi. Yusuf Erdo\u011fan&#8217;\u0131n att\u0131\u011f\u0131 5. gol\u00fcn pas\u0131n\u0131 veren 28 ya\u015f\u0131ndaki Senegalli ma\u00e7\u0131n ard\u0131ndan trib\u00fcnlere galibiyet \u2018\u00fc\u00e7l\u00fcs\u00fc&#8217; \u00e7ektirdi.<\/p>\n","protected":false},"excerpt":{"rendered":"<p>Konferans Ligi 3. eleme turu ilk ma\u00e7\u0131nda konuk etti\u011fi H\u0131rvat ekibi Osijek\u2019i ezip ge\u00e7en Adana Demirspor, yeni sezonda da iddial\u0131 olaca\u011f\u0131n\u0131n sinyalini verdi.<\/p>\n","protected":false},"author":1,"featured_media":111652,"comment_status":"closed","ping_status":"open","sticky":false,"template":"","format":"standard","meta":{"footnotes":""},"categories":[31],"tags":[],"class_list":["post-111651","post","type-post","status-publish","format-standard","has-post-thumbnail","hentry","category-spor"],"_links":{"self":[{"href":"https:\/\/haberulus.net\/index.php?rest_route=\/wp\/v2\/posts\/111651","targetHints":{"allow":["GET"]}}],"collection":[{"href":"https:\/\/haberulus.net\/index.php?rest_route=\/wp\/v2\/posts"}],"about":[{"href":"https:\/\/haberulus.net\/index.php?rest_route=\/wp\/v2\/types\/post"}],"author":[{"embeddable":true,"href":"https:\/\/haberulus.net\/index.php?rest_route=\/wp\/v2\/users\/1"}],"replies":[{"embeddable":true,"href":"https:\/\/haberulus.net\/index.php?rest_route=%2Fwp%2Fv2%2Fcomments&post=111651"}],"version-history":[{"count":1,"href":"https:\/\/haberulus.net\/index.php?rest_route=\/wp\/v2\/posts\/111651\/revisions"}],"predecessor-version":[{"id":111653,"href":"https:\/\/haberulus.net\/index.php?rest_route=\/wp\/v2\/posts\/111651\/revisions\/111653"}],"wp:featuredmedia":[{"embeddable":true,"href":"https:\/\/haberulus.net\/index.php?rest_route=\/wp\/v2\/media\/111652"}],"wp:attachment":[{"href":"https:\/\/haberulus.net\/index.php?rest_route=%2Fwp%2Fv2%2Fmedia&parent=111651"}],"wp:term":[{"taxonomy":"category","embeddable":true,"href":"https:\/\/haberulus.net\/index.php?rest_route=%2Fwp%2Fv2%2Fcategories&post=111651"},{"taxonomy":"post_tag","embeddable":true,"href":"https:\/\/haberulus.net\/index.php?rest_route=%2Fwp%2Fv2%2Ftags&post=111651"}],"curies":[{"name":"wp","href":"https:\/\/api.w.org\/{rel}","templated":true}]}}