{"id":111666,"date":"2023-08-12T07:21:05","date_gmt":"2023-08-12T07:21:05","guid":{"rendered":"https:\/\/haberulus.net\/?p=111666"},"modified":"2023-08-12T07:21:05","modified_gmt":"2023-08-12T07:21:05","slug":"acik-cezaevine-donecek-hukumluler-icin-sure-15-agustosta-sona-eriyor","status":"publish","type":"post","link":"https:\/\/haberulus.net\/?p=111666","title":{"rendered":"A\u00e7\u0131k cezaevine d\u00f6necek h\u00fck\u00fcml\u00fcler i\u00e7in s\u00fcre 15 A\u011fustos\u2019ta sona eriyor"},"content":{"rendered":"<p>A\u00e7\u0131k cezaevindeki h\u00fck\u00fcml\u00fclerin Covid-19 izinleri 31 Temmuz itibar\u0131yla sona erdi. T\u00fcrkiye B\u00fcy\u00fck Millet Meclisinde kabul edilen d\u00fczenlemeye g\u00f6re, 31 Temmuz itibar\u0131yla Kovid-19 izninde bulunan h\u00fck\u00fcml\u00fclerden denetimli serbestli\u011fe ayr\u0131lmalar\u0131na 5 y\u0131l veya daha az s\u00fcre kalanlar, tekrar cezaevine d\u00f6nmeyecek ve kalan s\u00fcre denetimli serbestlik alt\u0131nda infaz edilecek.<\/p>\n<p><strong>D\u00d6NMEYENLER KAPALI CEZAEV\u0130NE ALINACAK<\/strong><\/p>\n<p>Ancak denetimli serbestlik tedbiri s\u00fcresi 5 y\u0131ldan fazla olanlar a\u00e7\u0131k cezaevlerine tekrar al\u0131nacak. Bu durumdaki h\u00fck\u00fcml\u00fcler, 15 A\u011fustos\u2019a kadar a\u00e7\u0131k cezaevine d\u00f6nmek i\u00e7in ba\u015fvuru yapmak zorunda olacak. S\u00fcre i\u00e7inde ba\u015fvuru yapmayan ve a\u00e7\u0131k cezaevlerine d\u00f6nmeyenler kapal\u0131 cezaevlerine al\u0131nacak.<\/p>\n<p>Adalet Bakan\u0131 Y\u0131lmaz Tun\u00e7, konuya ili\u015fkin gazetecilere yapt\u0131\u011f\u0131 a\u00e7\u0131klamada, \u201c15 A\u011fustos ak\u015fam\u0131na kadar geri d\u00f6neceklerin ba\u015fvurmalar\u0131 gerekiyor. Geri d\u00f6necek yakla\u015f\u0131k 21 bin h\u00fck\u00fcml\u00fc var. 21 bin h\u00fck\u00fcml\u00fcn\u00fcn, s\u00fcresi i\u00e7inde m\u00fcracaat etmesi laz\u0131m. O s\u00fcre 15 A\u011fustos\u2019ta sona eriyor. 15 A\u011fustos\u2019a kadar m\u00fcracaat etmeyen h\u00fck\u00fcml\u00fcler haklar\u0131n\u0131 kaybetmi\u015f, direkt kapal\u0131 cezaevine gitmi\u015f olurlar\u201d ifadesini kullanm\u0131\u015ft\u0131.\u00a0 (AA)<\/p>\n","protected":false},"excerpt":{"rendered":"<p>Covid-19 izninden a\u00e7\u0131k cezaevine d\u00f6nmesi gereken h\u00fck\u00fcml\u00fcler i\u00e7in ba\u015fvuru s\u00fcresi 15 A\u011fustos&#8217;ta sona erecek, bu s\u00fcreye kadar a\u00e7\u0131k cezaevine teslim olmayanlar kapal\u0131 cezaevlerine al\u0131nacak.\u00a0<\/p>\n","protected":false},"author":1,"featured_media":111667,"comment_status":"closed","ping_status":"open","sticky":false,"template":"","format":"standard","meta":{"footnotes":""},"categories":[26],"tags":[956,86],"class_list":["post-111666","post","type-post","status-publish","format-standard","has-post-thumbnail","hentry","category-gundem","tag-hukumlu","tag-sure"],"_links":{"self":[{"href":"https:\/\/haberulus.net\/index.php?rest_route=\/wp\/v2\/posts\/111666","targetHints":{"allow":["GET"]}}],"collection":[{"href":"https:\/\/haberulus.net\/index.php?rest_route=\/wp\/v2\/posts"}],"about":[{"href":"https:\/\/haberulus.net\/index.php?rest_route=\/wp\/v2\/types\/post"}],"author":[{"embeddable":true,"href":"https:\/\/haberulus.net\/index.php?rest_route=\/wp\/v2\/users\/1"}],"replies":[{"embeddable":true,"href":"https:\/\/haberulus.net\/index.php?rest_route=%2Fwp%2Fv2%2Fcomments&post=111666"}],"version-history":[{"count":1,"href":"https:\/\/haberulus.net\/index.php?rest_route=\/wp\/v2\/posts\/111666\/revisions"}],"predecessor-version":[{"id":111668,"href":"https:\/\/haberulus.net\/index.php?rest_route=\/wp\/v2\/posts\/111666\/revisions\/111668"}],"wp:featuredmedia":[{"embeddable":true,"href":"https:\/\/haberulus.net\/index.php?rest_route=\/wp\/v2\/media\/111667"}],"wp:attachment":[{"href":"https:\/\/haberulus.net\/index.php?rest_route=%2Fwp%2Fv2%2Fmedia&parent=111666"}],"wp:term":[{"taxonomy":"category","embeddable":true,"href":"https:\/\/haberulus.net\/index.php?rest_route=%2Fwp%2Fv2%2Fcategories&post=111666"},{"taxonomy":"post_tag","embeddable":true,"href":"https:\/\/haberulus.net\/index.php?rest_route=%2Fwp%2Fv2%2Ftags&post=111666"}],"curies":[{"name":"wp","href":"https:\/\/api.w.org\/{rel}","templated":true}]}}