{"id":111672,"date":"2023-08-12T08:05:04","date_gmt":"2023-08-12T08:05:04","guid":{"rendered":"https:\/\/haberulus.net\/?p=111672"},"modified":"2023-08-12T08:05:04","modified_gmt":"2023-08-12T08:05:04","slug":"aksenerin-chp-ile-ittifak-icin-3-sarti-var-ilk-ikisi-kabul-gorur-ama-ucuncusu-zor","status":"publish","type":"post","link":"https:\/\/haberulus.net\/?p=111672","title":{"rendered":"Ak\u015fener&#8217;in CHP ile ittifak i\u00e7in 3 \u015fart\u0131 var! \u0130lk ikisi kabul g\u00f6r\u00fcr ama \u00fc\u00e7\u00fcnc\u00fcs\u00fc zor"},"content":{"rendered":"<p>Partiler yerel  <strong>se\u00e7im<\/strong> i\u00e7in haz\u0131rl\u0131klar\u0131na devam ederken CHP ve \u0130Y\u0130 Parti&#8217;nin ittifak yap\u0131p yapmayaca\u011f\u0131 kamuoyu taraf\u0131ndan merak ediliyor. Kulislerde konu\u015fulanlara g\u00f6re; Ak\u015fener&#8217;in masaya oturmak i\u00e7in 3 \u015fart\u0131 var. <\/p>\n<p><b>BAH\u00c7EL\u0130&#8217;N\u0130N \u00c7A\u011eRISI KUL\u0130SLER\u0130 HAREKETLEND\u0130RD\u0130 <\/b><\/p>\n<p>MHP Genel Ba\u015fkan\u0131 Devlet Bah\u00e7eli&#8217;nin \u0130Y\u0130 Parti&#8217;ye ittifak \u00e7a\u011fr\u0131s\u0131nda bulunmas\u0131 siyasi kulisleri hareketlendirdi. Yerel se\u00e7imde nas\u0131l bir tutum sergileyecekleri merak konusu olan  <strong>Meral Ak\u015fener<\/strong><\/p>\n<p><strong>Kulislerde konu\u015fulanlara g\u00f6re Ak\u015fener&#8217;in \u015fartlar\u0131 \u015funlar olacak; <\/strong> <\/p>\n<p>&#8211; \u0130BB i\u00e7in Ekrem \u0130mamo\u011flu yeniden aday g\u00f6sterilecek<\/p>\n<p>&#8211; Ankara&#8217;da Mansur Yava\u015f ile devam edilecek<\/p>\n<p>&#8211; \u0130stanbul ve Ankara&#8217;da bu iki adaya verilecek deste\u011fin kar\u015f\u0131l\u0131\u011f\u0131 olarak \u0130zmir, \u0130Y\u0130 Parti&#8217;ye b\u0131rak\u0131lacak.<\/p>\n<p><b>ADAYI B\u0130LE BEL\u0130RLED\u0130LER <\/b><\/p>\n<p>Yerel se\u00e7imlerden mutlak bir zaferle ayr\u0131lmak isteyen K\u0131l\u0131\u00e7daro\u011flu&#8217;nun bu 3 \u015farta ne yan\u0131t verece\u011fi merak konusu olurken \u0130Y\u0130 Parti&#8217;nin \u0130zmir i\u00e7in aday\u0131n\u0131 bile belirledi\u011fi konu\u015fuluyor. Bu isim \u00dcmit \u00d6zlale\u2026<\/p>\n<p><b>G\u00d6ZLER 26 A\u011eUSTOS&#8217;A \u00c7EVR\u0130LD\u0130 <\/b><\/p>\n<p>\u00d6te yandan MHP&#8217;den gelen ittifak \u00e7a\u011fr\u0131s\u0131na ne yan\u0131t verece\u011fi merak konusu olan \u0130Y\u0130 Parti&#8217;den beklenen a\u00e7\u0131klama geldi. Parti S\u00f6zc\u00fcs\u00fc K\u00fcr\u015fad Zorlu taraf\u0131ndan yap\u0131lan a\u00e7\u0131klamada, \u0130Y\u0130 Parti lideri  <strong>Meral Ak\u015fener<\/strong>&#8216;in 26 A\u011fustos&#8217;ta yapaca\u011f\u0131 a\u00e7\u0131klamay\u0131 i\u015faret etti. A\u00e7\u0131klamada \u015fu ifadeler yer ald\u0131: &#8220;Bildi\u011fimiz gibi bir s\u00fcredir partimizin se\u00e7im \u00e7al\u0131\u015fmalar\u0131 ve olas\u0131 yol haritas\u0131n\u0131n kamuoyunda geni\u015f bi\u00e7imde irdelendi\u011fi, farkl\u0131 iddialar\u0131n da \u00f6ne \u00e7\u0131kar\u0131ld\u0131\u011f\u0131 g\u00f6r\u00fclmektedir. D\u00fcn de bir TV program\u0131nda Milliyet\u00e7i Hareket Partisi \u00fczerinden benzer bir geli\u015fme zuhur etmi\u015f ve bug\u00fcn g\u00fcn i\u00e7erisinde kimi yetkililerince kurumsal kimli\u011fimizi hedef alan talihsiz a\u00e7\u0131klamalar ortaya konulmu\u015ftur. Genel Ba\u015fkan\u0131m\u0131z Say\u0131n Meral Ak\u015fener 24 Haziran 2023 tarihinde ger\u00e7ekle\u015fen b\u00fcy\u00fck kongremizde 85 milyon insan\u0131m\u0131z i\u00e7in siyasette yeni bir zemin, yeni bir yol a\u00e7ma irademizi ortaya koymu\u015f ve en b\u00fcy\u00fck g\u00fcc\u00fcm\u00fcze yani milletimize kulak verece\u011fimizi ifade etmi\u015ftir. S\u00f6z konusu tart\u0131\u015fmaya ili\u015fkin olarak partimizin g\u00f6r\u00fc\u015f\u00fcn\u00fc a\u00e7\u0131k\u00e7a kamuoyuna iletiyor ve g\u00fczel \u00fclkemizin temiz kalpli insanlar\u0131n\u0131, milliyet\u00e7ilerini, vatanseverlerini, T\u00fcrkiye sevdal\u0131lar\u0131n\u0131 \u00fclke ve millet hayr\u0131na \u0130Y\u0130 Parti&#8217;de bulu\u015fmaya davet ediyoruz: 26 A\u011fustos ruhuyla rotam\u0131z net, pusulam\u0131z millet! Sayg\u0131lar\u0131m\u0131zla&#8230;&#8221;<\/p>\n","protected":false},"excerpt":{"rendered":"<p>Yerel se\u00e7imlerde CHP ile ittifak yap\u0131p yapmayacaklar\u0131 merak konusu olan \u0130Y\u0130 Parti&#8217;nin K\u0131l\u0131\u00e7daro\u011flu&#8217;nun \u00f6n\u00fcne 3 \u015fart sunaca\u011f\u0131 konu\u015fuluyor. Bunlardan birincisi \u0130mamo\u011flu&#8217;nun yeniden \u0130BB aday\u0131 olmas\u0131, ikincisi Ankara&#8217;da Mansur Yava\u015f ile devam edilmesi, \u00fc\u00e7\u00fcnc\u00fcs\u00fc ise CHP&#8217;nin kalesi olarak tabir edilen \u0130zmir&#8217;in \u0130Y\u0130 Parti&#8217;ye b\u0131rak\u0131lmas\u0131&#8230; Bu taleplere K\u0131l\u0131\u00e7daro\u011flu&#8217;nun ne yan\u0131t verece\u011fi \u015fimdiden merak konusu oldu.<\/p>\n","protected":false},"author":1,"featured_media":111673,"comment_status":"closed","ping_status":"open","sticky":false,"template":"","format":"standard","meta":{"footnotes":""},"categories":[28],"tags":[1048,2756,442],"class_list":["post-111672","post","type-post","status-publish","format-standard","has-post-thumbnail","hentry","category-politika","tag-aksener","tag-iyi-parti","tag-parti"],"_links":{"self":[{"href":"https:\/\/haberulus.net\/index.php?rest_route=\/wp\/v2\/posts\/111672","targetHints":{"allow":["GET"]}}],"collection":[{"href":"https:\/\/haberulus.net\/index.php?rest_route=\/wp\/v2\/posts"}],"about":[{"href":"https:\/\/haberulus.net\/index.php?rest_route=\/wp\/v2\/types\/post"}],"author":[{"embeddable":true,"href":"https:\/\/haberulus.net\/index.php?rest_route=\/wp\/v2\/users\/1"}],"replies":[{"embeddable":true,"href":"https:\/\/haberulus.net\/index.php?rest_route=%2Fwp%2Fv2%2Fcomments&post=111672"}],"version-history":[{"count":1,"href":"https:\/\/haberulus.net\/index.php?rest_route=\/wp\/v2\/posts\/111672\/revisions"}],"predecessor-version":[{"id":111674,"href":"https:\/\/haberulus.net\/index.php?rest_route=\/wp\/v2\/posts\/111672\/revisions\/111674"}],"wp:featuredmedia":[{"embeddable":true,"href":"https:\/\/haberulus.net\/index.php?rest_route=\/wp\/v2\/media\/111673"}],"wp:attachment":[{"href":"https:\/\/haberulus.net\/index.php?rest_route=%2Fwp%2Fv2%2Fmedia&parent=111672"}],"wp:term":[{"taxonomy":"category","embeddable":true,"href":"https:\/\/haberulus.net\/index.php?rest_route=%2Fwp%2Fv2%2Fcategories&post=111672"},{"taxonomy":"post_tag","embeddable":true,"href":"https:\/\/haberulus.net\/index.php?rest_route=%2Fwp%2Fv2%2Ftags&post=111672"}],"curies":[{"name":"wp","href":"https:\/\/api.w.org\/{rel}","templated":true}]}}