{"id":111720,"date":"2023-08-12T10:05:02","date_gmt":"2023-08-12T10:05:02","guid":{"rendered":"https:\/\/haberulus.net\/?p=111720"},"modified":"2023-08-12T10:05:02","modified_gmt":"2023-08-12T10:05:02","slug":"rusya-bati-afrika-liderlerini-uyardi-nijere-askeri-mudahalede-bulunmayin","status":"publish","type":"post","link":"https:\/\/haberulus.net\/?p=111720","title":{"rendered":"Rusya, Bat\u0131 Afrika liderlerini uyard\u0131: Nijer&#8217;e askeri m\u00fcdahalede bulunmay\u0131n"},"content":{"rendered":"<p>26 Temmuz&#8217;da Devlet Ba\u015fkan\u0131 Mohamed Bazoum&#8217;un g\u00f6revden al\u0131nd\u0131\u011f\u0131 ve ordunun y\u00f6netimi devrald\u0131\u011f\u0131  <strong>Nijer<\/strong>&#8216;deki askeri darbe nedeniyle Bat\u0131 Afrika Devletleri Ekonomik Toplulu\u011fu&#8217;nun (ECOWAS) \u00fclkeye silahl\u0131 m\u00fcdahale konusunda onay vermesi \u00fczerine, Rusya bu durumun &#8220;uzun s\u00fcreli bir \u00e7at\u0131\u015fmaya&#8221; yol a\u00e7abilece\u011fi uyar\u0131s\u0131nda bulundu.<\/p>\n<p><b>&#8220;B\u00d6LGEDE \u0130ST\u0130KARARSIZLI\u011eA YOL A\u00c7AR&#8221;<\/b><\/p>\n<p>ECOWAS liderleri, &#8220;m\u00fcmk\u00fcn olan en k\u0131sa zamanda&#8221; m\u00fcdahaleye haz\u0131r bir askeri g\u00fc\u00e7 konusunda anla\u015ft\u0131klar\u0131n\u0131 a\u00e7\u0131klam\u0131\u015ft\u0131. Rusya D\u0131\u015fi\u015fleri Bakanl\u0131\u011f\u0131 Cuma g\u00fcn\u00fc bir a\u00e7\u0131klama yaparak Bat\u0131 Afrika \u00fclkelerini  <strong>Nijer<\/strong>&#8216;e askeri birlik g\u00f6ndermemeleri y\u00f6n\u00fcnde uyard\u0131. Bakanl\u0131ktan yap\u0131lan a\u00e7\u0131klamada, &#8221;  <strong>Nijer<\/strong>&#8216;deki krize y\u00f6nelik askeri bir \u00e7\u00f6z\u00fcm, bu Afrika \u00fclkesinde uzun s\u00fcreli bir \u00e7at\u0131\u015fmaya ve bir b\u00fct\u00fcn olarak Sahra-Sahel b\u00f6lgesinde durumun keskin bir \u015fekilde istikrars\u0131zla\u015fmas\u0131na yol a\u00e7abilece\u011fine inan\u0131yoruz&#8221; ifadelerine yer verildi.<\/p>\n<p><b>RUSYA BAYRAKLARIYLA FRANSA PRETOSTO ED\u0130LD\u0130 <\/b><\/p>\n<p>Ba\u015fkent Niamey&#8217;de Fransa&#8217;ya ait bir askeri \u00fcs \u00f6n\u00fcnde \u00e7ok say\u0131da darbe yanl\u0131s\u0131 protestocular cuma g\u00fcn\u00fc yeniden g\u00f6steri yapt\u0131. Fransa&#8217;n\u0131n  <strong>Nijer<\/strong>&#8216;i terk etmesini isteyen ve &#8220;Kahrolsun Fransa, kahrolsun ECOWAS!&#8221; \u015feklinde sloganlar g\u00f6stericiler aras\u0131nda Rusya ve Nijer bayraklar\u0131 ta\u015f\u0131yanlar da vard\u0131. <\/p>\n<p><img decoding=\"async\" src=\"https:\/\/i.hbrcdn.com\/haber\/2023\/08\/12\/rusya-nijer-e-yapilmamasi-konusunda-uyarida-16221789_4532_m.jpg\" alt=\"\" title=\"\"><\/p>\n<p><b>N\u0130JER&#8217;DE NE OLDU? <\/b><\/p>\n<p>Nijer&#8217;de Cumhurba\u015fkan\u0131 Muhammed Bazum, 26 Temmuz&#8217;da Cumhurba\u015fkanl\u0131\u011f\u0131 Muhaf\u0131z Alay\u0131 unsurlar\u0131nca al\u0131konulmu\u015f ve o ak\u015fam asker y\u00f6netime el koydu\u011funu duyurmu\u015ftu. Cumhurba\u015fkanl\u0131\u011f\u0131 Muhaf\u0131z Alay\u0131 Komutan\u0131 General Abdurrahmane (\u00d6mer) Tchiani, 28 Temmuz&#8217;da Vatan\u0131 Koruma Ulusal Konseyi (CNSP) isimli cuntan\u0131n liderli\u011fini \u00fcstlenmi\u015f ve ge\u00e7i\u015f h\u00fck\u00fcmetinin ba\u015f\u0131na ge\u00e7mi\u015fti.<\/p>\n<p><img decoding=\"async\" src=\"https:\/\/i.hbrcdn.com\/haber\/2023\/08\/12\/rusya-nijer-e-yapilmamasi-konusunda-uyarida-16221789_9390_o.jpg\" alt=\"\" title=\"\"><\/p>\n<p><b>S\u00dcRE DOLDU AMA OPERASYON BA\u015eLAMADI <\/b><\/p>\n<p>Nijer&#8217;deki askeri darbenin ard\u0131ndan ECOWAS, 30 Temmuz&#8217;da askeri cuntaya Cumhurba\u015fkan\u0131 Muhammed Bazum&#8217;un serbest b\u0131rak\u0131lmas\u0131 ve yeniden g\u00f6revine d\u00f6nmesi i\u00e7in 7 g\u00fcnl\u00fck s\u00fcre vermi\u015fti. ECOWAS, bu s\u00fcrede taleplerinin kar\u015f\u0131lanmamas\u0131 durumunda askeri m\u00fcdahale dahil her se\u00e7ene\u011fi de\u011ferlendireceklerini duyursa da s\u00fcre bitiminde askeri operasyon ba\u015flatmam\u0131\u015ft\u0131. Askeri m\u00fcdahale ihtimali, Bat\u0131 Afrika&#8217;daki di\u011fer cunta h\u00fck\u00fcmetlerinin tepkisini \u00e7ekmi\u015fti.<\/p>\n<p><b>B\u0130LD\u0130R\u0130 YAYINLADILAR <\/b><\/p>\n<p>Y\u00f6netimde askerlerin oldu\u011fu Burkina Faso ve Mali, yay\u0131mlad\u0131klar\u0131 ortak bildiride Nijer&#8217;e askeri m\u00fcdahalenin kendilerine sava\u015f a\u00e7mak anlam\u0131na gelece\u011fi konusunda ECOWAS&#8217;\u0131 uyarm\u0131\u015ft\u0131.<\/p>\n","protected":false},"excerpt":{"rendered":"<p>Rusya D\u0131\u015fi\u015fleri Bakanl\u0131\u011f\u0131, Nijer&#8217;deki krizin \u00e7\u00f6z\u00fcm\u00fcne y\u00f6nelik olas\u0131 bir askeri m\u00fcdahalenin, Sahel-Sahra b\u00f6lgesindeki durumu istikrars\u0131zla\u015ft\u0131rabilece\u011fi de\u011ferlendirmesinde bulundu.<\/p>\n","protected":false},"author":1,"featured_media":111721,"comment_status":"closed","ping_status":"open","sticky":false,"template":"","format":"standard","meta":{"footnotes":""},"categories":[28],"tags":[477,13111,1604,13112,86],"class_list":["post-111720","post","type-post","status-publish","format-standard","has-post-thumbnail","hentry","category-politika","tag-askeri","tag-ecowas","tag-mudahale","tag-nijer","tag-sure"],"_links":{"self":[{"href":"https:\/\/haberulus.net\/index.php?rest_route=\/wp\/v2\/posts\/111720","targetHints":{"allow":["GET"]}}],"collection":[{"href":"https:\/\/haberulus.net\/index.php?rest_route=\/wp\/v2\/posts"}],"about":[{"href":"https:\/\/haberulus.net\/index.php?rest_route=\/wp\/v2\/types\/post"}],"author":[{"embeddable":true,"href":"https:\/\/haberulus.net\/index.php?rest_route=\/wp\/v2\/users\/1"}],"replies":[{"embeddable":true,"href":"https:\/\/haberulus.net\/index.php?rest_route=%2Fwp%2Fv2%2Fcomments&post=111720"}],"version-history":[{"count":1,"href":"https:\/\/haberulus.net\/index.php?rest_route=\/wp\/v2\/posts\/111720\/revisions"}],"predecessor-version":[{"id":111722,"href":"https:\/\/haberulus.net\/index.php?rest_route=\/wp\/v2\/posts\/111720\/revisions\/111722"}],"wp:featuredmedia":[{"embeddable":true,"href":"https:\/\/haberulus.net\/index.php?rest_route=\/wp\/v2\/media\/111721"}],"wp:attachment":[{"href":"https:\/\/haberulus.net\/index.php?rest_route=%2Fwp%2Fv2%2Fmedia&parent=111720"}],"wp:term":[{"taxonomy":"category","embeddable":true,"href":"https:\/\/haberulus.net\/index.php?rest_route=%2Fwp%2Fv2%2Fcategories&post=111720"},{"taxonomy":"post_tag","embeddable":true,"href":"https:\/\/haberulus.net\/index.php?rest_route=%2Fwp%2Fv2%2Ftags&post=111720"}],"curies":[{"name":"wp","href":"https:\/\/api.w.org\/{rel}","templated":true}]}}