{"id":111781,"date":"2023-08-12T11:51:05","date_gmt":"2023-08-12T11:51:05","guid":{"rendered":"https:\/\/haberulus.net\/?p=111781"},"modified":"2023-08-12T11:51:05","modified_gmt":"2023-08-12T11:51:05","slug":"covid-19-hortladi-eris-varyanti-icin-uzmanlar-eylul-ayina-dikkat-cekti","status":"publish","type":"post","link":"https:\/\/haberulus.net\/?p=111781","title":{"rendered":"Covid-19 hortlad\u0131: Eris varyant\u0131 i\u00e7in uzmanlar Eyl\u00fcl ay\u0131na dikkat \u00e7ekti"},"content":{"rendered":"<p>2019 y\u0131l\u0131n\u0131n son haftalar\u0131nda \u00c7in\u2019in Wuhan kentinde ortaya \u00e7\u0131kt\u0131ktan k\u0131sa bir s\u00fcre i\u00e7inde k\u00fcresel bir salg\u0131n halini alan ve b\u00fct\u00fcn d\u00fcnyay\u0131 d\u00f6n\u00fc\u015ft\u00fcren, uzaktan \u00f6deme, sosyal mesafe, Covid-19 a\u015f\u0131s\u0131 gibi kavramlar\u0131 hayat\u0131m\u0131za katan corona vir\u00fcs\u00fc salg\u0131n\u0131yla ilgili yeni bir endi\u015fe ortaya \u00e7\u0131kt\u0131\u2026<\/p>\n<p>Bilim insanlar\u0131 ve resmi kurumlar son d\u00f6nemde Omicron varyant\u0131n\u0131n alt t\u00fcr\u00fc olan Eris varyant\u0131n\u0131n giderek yay\u0131ld\u0131\u011f\u0131n\u0131 a\u00e7\u0131klad\u0131. D\u00fcnya Sa\u011fl\u0131k \u00d6rg\u00fct\u00fc, Eris varyant\u0131n\u0131n endi\u015fe yaratt\u0131\u011f\u0131n\u0131 s\u00f6ylerken \u015fu ana kadar 51 farkl\u0131 \u00fclkede bu vir\u00fcs\u00fcn g\u00f6r\u00fcld\u00fc\u011f\u00fc belirtildi. Yetkililer \u015fu an i\u00e7in net bir \u015fey s\u00f6ylemenin yanl\u0131\u015f oldu\u011funu belirtse de bu hastal\u0131\u011f\u0131n yeni bir salg\u0131n\u0131 tetikleyebilece\u011finin alt\u0131n\u0131 \u00e7izdi.<\/p>\n<p><strong>\u201c\u015eU AN DURUM \u0130Y\u0130 AMA\u2026\u201d<\/strong><\/p>\n<p>Atina-Pire Hastane Doktorlar\u0131 Derne\u011fi Ba\u015fkan\u0131 Matina Pagonis bir a\u00e7\u0131klama yaparak, \u201cEris varyant\u0131 Covid-19\u2019un bitmedi\u011fini ve mutasyonlar\u0131n devam etti\u011fini ve burada oldu\u011funu g\u00f6steriyor\u201d dedi. \u015eu an bu hastal\u0131\u011f\u0131n seyrinin nas\u0131l ilerledi\u011finin bilinmedi\u011fini aktaran Pagonis, \u201c\u015eu an belirtiler hafif g\u00f6z\u00fck\u00fcyor. Fakat yine de kronik rahats\u0131zl\u0131\u011f\u0131 olanlar ve ya\u015fl\u0131lar \u00e7ok dikkat etmeli. Sosyal mesafe gibi ki\u015fisel \u00f6nlemler al\u0131nmal\u0131\u201d dedi.<\/p>\n<p>Bilim insanlar\u0131, \u201c\u015eu an i\u00e7in Eris yava\u015f yay\u0131l\u0131yor gibi g\u00f6z\u00fckebilir. Bunun sebebi yaz tatili ve okullar\u0131n kapal\u0131 olmas\u0131. Fakat Eyl\u00fcl ay\u0131nda insanlar ofislere d\u00f6nmeye ba\u015flayacak, okullar a\u00e7\u0131lacak ve daha \u00e7ok insan hava durumundan dolay\u0131 kapal\u0131 alanlarda daha \u00e7ok vakit ge\u00e7irecek. Bu da hastal\u0131\u011f\u0131n artmas\u0131n\u0131 tetikleyebilir\u201d dedi.<\/p>\n<p>Eris varyant\u0131n\u0131n \u00f6zellikle Girit gibi turistik beldelerde yo\u011fun olarak g\u00f6r\u00fcld\u00fc\u011f\u00fcne dikkat .eken bilim insanlar\u0131 Eris varyant\u0131n\u0131n y\u00fczde 20\u2019si Asya\u2019da, y\u00fczde 10\u2019u Avrupa\u2019da ve y\u00fczde 7\u2019si de Kuzey Amerika\u2019da g\u00f6r\u00fcld\u00fc. Yeni Covid-19 varyantlar\u0131ndan y\u00fczde 18\u2019i Eris varyant\u0131\u201d dedi.<\/p>\n<p><strong>ER\u0130S VARYANTININ BEL\u0130RT\u0130LER\u0130 NED\u0130R?<\/strong><\/p>\n<p>\u2013 Ba\u015f a\u011fr\u0131s\u0131<br \/>\u2013 Halsizlik<br \/>\u2013 Bo\u011fazda balgam birikmesi<br \/>\u2013 Burun ak\u0131nt\u0131s\u0131<br \/>\u2013 Bo\u011faz a\u011fr\u0131s\u0131<br \/>\u2013 Bir ya da iki g\u00fcn s\u00fcren y\u00fcksek ate\u015f<\/p>\n<p>Yunan medyas\u0131na konu\u015fan bilim insanlar\u0131, \u201cS\u0131k s\u0131k elinizi y\u0131kamay\u0131 ve antiseptik kullanmay\u0131 unutmay\u0131n. Gerekli g\u00f6r\u00fclen durumlarda maske tak\u0131lmal\u0131. E\u011fer belirtiler hafif seyrediyorsa, evde kal\u0131n ve insanlarla etkile\u015fime girmeyin\u201d dedi.<\/p>\n<p>Bilim insanlar\u0131 bu varyant\u0131n belirtilerinin 5 g\u00fcn boyunca ge\u00e7memesi durumunda ise hemen hastaneye ya da doktora gidilmesi gerekti\u011finin de alt\u0131n\u0131 \u00e7izdi.<\/p>\n","protected":false},"excerpt":{"rendered":"<p>D\u00fcnya \u00e7ap\u0131nda milyonlarca insan\u0131n \u00f6l\u00fcm\u00fcne sebep olan corona vir\u00fcs\u00fc salg\u0131n\u0131n\u0131n yeni bir varyant\u0131 korku salmaya ba\u015flad\u0131.<\/p>\n","protected":false},"author":1,"featured_media":111782,"comment_status":"closed","ping_status":"open","sticky":false,"template":"","format":"standard","meta":{"footnotes":""},"categories":[30],"tags":[3314],"class_list":["post-111781","post","type-post","status-publish","format-standard","has-post-thumbnail","hentry","category-saglik","tag-bilim-insanlari"],"_links":{"self":[{"href":"https:\/\/haberulus.net\/index.php?rest_route=\/wp\/v2\/posts\/111781","targetHints":{"allow":["GET"]}}],"collection":[{"href":"https:\/\/haberulus.net\/index.php?rest_route=\/wp\/v2\/posts"}],"about":[{"href":"https:\/\/haberulus.net\/index.php?rest_route=\/wp\/v2\/types\/post"}],"author":[{"embeddable":true,"href":"https:\/\/haberulus.net\/index.php?rest_route=\/wp\/v2\/users\/1"}],"replies":[{"embeddable":true,"href":"https:\/\/haberulus.net\/index.php?rest_route=%2Fwp%2Fv2%2Fcomments&post=111781"}],"version-history":[{"count":1,"href":"https:\/\/haberulus.net\/index.php?rest_route=\/wp\/v2\/posts\/111781\/revisions"}],"predecessor-version":[{"id":111783,"href":"https:\/\/haberulus.net\/index.php?rest_route=\/wp\/v2\/posts\/111781\/revisions\/111783"}],"wp:featuredmedia":[{"embeddable":true,"href":"https:\/\/haberulus.net\/index.php?rest_route=\/wp\/v2\/media\/111782"}],"wp:attachment":[{"href":"https:\/\/haberulus.net\/index.php?rest_route=%2Fwp%2Fv2%2Fmedia&parent=111781"}],"wp:term":[{"taxonomy":"category","embeddable":true,"href":"https:\/\/haberulus.net\/index.php?rest_route=%2Fwp%2Fv2%2Fcategories&post=111781"},{"taxonomy":"post_tag","embeddable":true,"href":"https:\/\/haberulus.net\/index.php?rest_route=%2Fwp%2Fv2%2Ftags&post=111781"}],"curies":[{"name":"wp","href":"https:\/\/api.w.org\/{rel}","templated":true}]}}