{"id":111802,"date":"2023-08-12T12:35:02","date_gmt":"2023-08-12T12:35:02","guid":{"rendered":"https:\/\/haberulus.net\/?p=111802"},"modified":"2023-08-12T12:35:02","modified_gmt":"2023-08-12T12:35:02","slug":"kilicdaroglu-son-sozunu-soyledi-imamoglunun-yeniden-ibb-adayi-olmasini-istiyorum","status":"publish","type":"post","link":"https:\/\/haberulus.net\/?p=111802","title":{"rendered":"K\u0131l\u0131\u00e7daro\u011flu son s\u00f6z\u00fcn\u00fc s\u00f6yledi: \u0130mamo\u011flu&#8217;nun yeniden \u0130BB aday\u0131 olmas\u0131n\u0131 istiyorum"},"content":{"rendered":"<p>Yerel se\u00e7imler \u00f6ncesi de\u011fi\u015fim tart\u0131\u015fmalar\u0131n\u0131n alevlendi\u011fi CHP&#8217;de Genel Ba\u015fkan Kemal K\u0131l\u0131\u00e7daro\u011flu&#8217;ndan s\u00fcrpriz bir \u00e7\u0131k\u0131\u015f geldi. Kendisine rakip olarak g\u00f6r\u00fclen ve partide de\u011fi\u015fim \u00e7a\u011fr\u0131lar\u0131n\u0131 ba\u015flatan \u0130BB Ba\u015fkan\u0131  <strong>Ekrem \u0130mamo\u011flu<\/strong>&#8216;nu yeniden \u0130BB aday\u0131 g\u00f6stermek istedi\u011fini ifade eden K\u0131l\u0131\u00e7daro\u011flu, &#8220;\u0130stanbul&#8217;u yeniden kazanaca\u011f\u0131na inan\u0131yorum&#8221; dedi. <\/p>\n<p><b>S\u00dcRPR\u0130Z \u0130TT\u0130FAK \u00c7IKI\u015eI <\/b><\/p>\n<p>Gazeteci Fikret Bila&#8217;ya a\u00e7\u0131klamalarda bulunan K\u0131l\u0131\u00e7daro\u011flu, ittifak \u00e7al\u0131\u015fmalar\u0131yla ilgili &#8220;Burada \u00f6nemli olan \u00f6l\u00e7\u00fc T\u00fcrkiye&#8217;nin gelece\u011fi ve \u00e7\u0131karlar\u0131d\u0131r. Bu \u00f6l\u00e7\u00fcy\u00fc esas alan muhalefet partileri i\u015fbirli\u011fine y\u00f6nelirler. T\u00fcrkiye&#8217;yi d\u00fc\u015f\u00fcnen muhalefet partileri bir araya gelir&#8221; \u015feklinde konu\u015ftu. <\/p>\n<p><b>\u0130MAMO\u011eLU&#8217;NUN \u00d6N\u00dcN\u00dc B\u0130R KEZ DAHA KAPATTI <\/b><\/p>\n<p>Kendisine rakip olarak g\u00f6r\u00fclen ve de\u011fi\u015fim \u00e7a\u011fr\u0131lar\u0131n\u0131n \u00f6nc\u00fcs\u00fc olan \u0130BB Ba\u015fkan\u0131 Ekrem \u0130mamo\u011flu hakk\u0131nda da de\u011ferlendirmelerde bulunan K\u0131l\u0131\u00e7daro\u011flu, &#8220;Belediye ba\u015fkanlar\u0131m\u0131z \u00e7ok ba\u015far\u0131l\u0131. CHP&#8217;nin halka hizmet anlay\u0131\u015f\u0131n\u0131 \u00e7ok iyi bir \u015fekilde hayata ge\u00e7irdiler. Bu nedenle belediye ba\u015fkanlar\u0131m\u0131z\u0131n yeniden aday olmalar\u0131n\u0131 ve hizmetlerini s\u00fcrd\u00fcrmelerini istiyorum. Bu b\u00fcy\u00fck\u015fehir belediye ba\u015fkanlar\u0131m\u0131z i\u00e7in de ge\u00e7erli. \u00c7ok ba\u015far\u0131l\u0131lar. Bunu kendilerine de s\u00f6yledim. Ben Ekrem Bey&#8217;in (\u0130mamo\u011flu,) Mansur Bey&#8217;in (Yava\u015f) yeniden \u0130stanbul ve Ankara belediye ba\u015fkanl\u0131klar\u0131na aday olmalar\u0131 gerekti\u011fini d\u00fc\u015f\u00fcn\u00fcyorum. Ekrem Bey&#8217;in \u0130stanbul&#8217;u, Mansur Bey&#8217;in Ankara&#8217;y\u0131 kazanacaklar\u0131na inan\u0131yorum&#8221; dedi. <\/p>\n","protected":false},"excerpt":{"rendered":"<p>CHP lideri Kemal K\u0131l\u0131\u00e7daro\u011flu, partide de\u011fi\u015fim \u00e7a\u011fr\u0131lar\u0131n\u0131 ba\u015flatan \u0130BB Ba\u015fkan\u0131 Ekrem \u0130mamo\u011flu&#8217;nun yeniden aday olmas\u0131n\u0131 istedi\u011fini belirterek &#8220;Ekrem Bey&#8217;in yeniden aday olmas\u0131 gerekti\u011fini d\u00fc\u015f\u00fcn\u00fcyorum. \u0130stanbul&#8217;u yeniden kazanaca\u011f\u0131na inan\u0131yorum&#8221; dedi.<\/p>\n","protected":false},"author":1,"featured_media":111803,"comment_status":"closed","ping_status":"open","sticky":false,"template":"","format":"standard","meta":{"footnotes":""},"categories":[28],"tags":[443],"class_list":["post-111802","post","type-post","status-publish","format-standard","has-post-thumbnail","hentry","category-politika","tag-baskan"],"_links":{"self":[{"href":"https:\/\/haberulus.net\/index.php?rest_route=\/wp\/v2\/posts\/111802","targetHints":{"allow":["GET"]}}],"collection":[{"href":"https:\/\/haberulus.net\/index.php?rest_route=\/wp\/v2\/posts"}],"about":[{"href":"https:\/\/haberulus.net\/index.php?rest_route=\/wp\/v2\/types\/post"}],"author":[{"embeddable":true,"href":"https:\/\/haberulus.net\/index.php?rest_route=\/wp\/v2\/users\/1"}],"replies":[{"embeddable":true,"href":"https:\/\/haberulus.net\/index.php?rest_route=%2Fwp%2Fv2%2Fcomments&post=111802"}],"version-history":[{"count":1,"href":"https:\/\/haberulus.net\/index.php?rest_route=\/wp\/v2\/posts\/111802\/revisions"}],"predecessor-version":[{"id":111804,"href":"https:\/\/haberulus.net\/index.php?rest_route=\/wp\/v2\/posts\/111802\/revisions\/111804"}],"wp:featuredmedia":[{"embeddable":true,"href":"https:\/\/haberulus.net\/index.php?rest_route=\/wp\/v2\/media\/111803"}],"wp:attachment":[{"href":"https:\/\/haberulus.net\/index.php?rest_route=%2Fwp%2Fv2%2Fmedia&parent=111802"}],"wp:term":[{"taxonomy":"category","embeddable":true,"href":"https:\/\/haberulus.net\/index.php?rest_route=%2Fwp%2Fv2%2Fcategories&post=111802"},{"taxonomy":"post_tag","embeddable":true,"href":"https:\/\/haberulus.net\/index.php?rest_route=%2Fwp%2Fv2%2Ftags&post=111802"}],"curies":[{"name":"wp","href":"https:\/\/api.w.org\/{rel}","templated":true}]}}