{"id":111823,"date":"2023-08-12T12:51:05","date_gmt":"2023-08-12T12:51:05","guid":{"rendered":"https:\/\/haberulus.net\/?p=111823"},"modified":"2023-08-12T12:51:05","modified_gmt":"2023-08-12T12:51:05","slug":"bakan-uraloglu-sendikalar-gelisemiyorsa-o-ulkede-demokrasi-yok-demektir","status":"publish","type":"post","link":"https:\/\/haberulus.net\/?p=111823","title":{"rendered":"Bakan Uralo\u011flu: Sendikalar geli\u015femiyorsa o \u00fclkede demokrasi yok demektir"},"content":{"rendered":"<p>Demiryolu \u0130\u015f\u00e7ileri Sendikas\u0131n\u0131n (Demiryol-\u0130\u015f) 12\u2019nci Ola\u011fan Genel Kurulu, Ula\u015ft\u0131rma ve Altyap\u0131 Bakan\u0131 Abdulkadir Uralo\u011flu\u2019nun da kat\u0131l\u0131m\u0131yla Grand Mercure Ankara Oteli\u2019nde ger\u00e7ekle\u015ftirildi.<\/p>\n<p>Uralo\u011flu, burada yapt\u0131\u011f\u0131 konu\u015fmada, sendikalar\u0131n \u00fclkeye, millete ve insanlara hizmet i\u00e7in kuruldu\u011funu s\u00f6yledi. 1856 y\u0131l\u0131nda \u0130zmir-Ayd\u0131n hatt\u0131na ilk ray\u0131n d\u00f6\u015fenmesinden bu yana demir yollar\u0131n\u0131n, vatan\u0131n son 1,5 asr\u0131n\u0131 a\u015fan sevin\u00e7lerini, ac\u0131lar\u0131n\u0131, ayr\u0131l\u0131klar\u0131n\u0131 ve kavu\u015fmalar\u0131n\u0131 ba\u011fr\u0131nda ta\u015f\u0131yan bir sekt\u00f6r oldu\u011funu vurgulayan Uralo\u011flu, Demiryol-\u0130\u015f\u2019in de demir yolu i\u015f\u00e7ilerinin hayatlar\u0131nda \u00f6nemli bir mihenk ta\u015f\u0131 oldu\u011funu bildirdi.<\/p>\n<p>Uralo\u011flu, k\u00fcreselle\u015fme ve d\u00fcnya \u00e7ap\u0131nda artan rekabetin sendikalar\u0131 hem kendi durumlar\u0131n\u0131 g\u00f6zden ge\u00e7irmeye hem de gelecek i\u00e7in stratejiler belirlemeye itti\u011fine dikkati \u00e7ekerek, \u201cKlasik \u00fccret sendikac\u0131l\u0131\u011f\u0131na dayal\u0131 sendikac\u0131l\u0131k anlay\u0131\u015f\u0131 yerini sosyal taleplerin yo\u011fun oldu\u011fu hizmet sendikac\u0131l\u0131\u011f\u0131na b\u0131rakmaktad\u0131r.\u201d dedi.<\/p>\n<p>Demiryol-\u0130\u015f\u2019in bu d\u00f6n\u00fc\u015f\u00fcm\u00fc ger\u00e7ekle\u015ftirerek b\u00fcy\u00fck ba\u015far\u0131 yakalam\u0131\u015f, g\u00fc\u00e7l\u00fc bir sendika oldu\u011funu vurgulayan Uralo\u011flu, \u015f\u00f6yle konu\u015ftu:<\/p>\n<p>\u201cBizler hangi g\u00f6revde ve makamda olursak olal\u0131m verdi\u011fimiz eme\u011finin kar\u015f\u0131l\u0131\u011f\u0131nda, evine helal r\u0131z\u0131k g\u00f6t\u00fcrmek, evlatlar\u0131n\u0131 daha iyi yeti\u015ftirmek ve ailesini refah i\u00e7inde ya\u015fatmak isteyen insanlar\u0131z. \u0130\u015f\u00e7i olal\u0131m, memur olal\u0131m, y\u00f6netici olal\u0131m fark etmez. Hepimiz biriz. Bizler de sizlerin aras\u0131ndan gelen ki\u015fileriz.\u201d<\/p>\n<p>Cumhurba\u015fkan\u0131 Erdo\u011fan liderli\u011findeki AKP h\u00fck\u00fcmetleri olarak her daim, sosyal diyalogla i\u015f\u00e7i ve i\u015fverenler aras\u0131ndaki hak ve hukuku g\u00f6zetme gayretinde olduklar\u0131n\u0131 iddia eden Uralo\u011flu, \u201cBir \u00fclkede sendikalar iyi i\u015flemiyor ve geli\u015femiyorsa o \u00fclkede demokrasi yok demektir.\u201d de\u011ferlendirmesinde bulundu.<\/p>\n<p>Resmi rakamlara g\u00f6re, T\u00fcrkiye\u2019de 16,4 milyon kay\u0131tl\u0131 i\u015f\u00e7inin sadece 2,4 milyonu sendikal\u0131, 14 milyonu sendikas\u0131z.<\/p>\n<p>Kay\u0131tl\u0131 i\u015f\u00e7ilerde sendikala\u015fma oran\u0131 y\u00fczde 14,76 ancak kay\u0131ts\u0131z \u00e7al\u0131\u015fanlar dahil edildi\u011finde bu rakam yakla\u015f\u0131k y\u00fczde 12 seviyesine geriliyor.<\/p>\n<p>Tahminlere g\u00f6re, i\u015f\u00e7ilerin sadece yakla\u015f\u0131k y\u00fczde 8\u2019i toplu s\u00f6zle\u015fme kapsam\u0131nda yer al\u0131yor.<\/p>\n<p><b>DEM\u0130R YOLLARINA YATIRIM<\/b><\/p>\n<p>Uralo\u011flu, demir yollar\u0131n\u0131n g\u00fcvenli, ucuz ve h\u0131zl\u0131 olu\u015fuyla ula\u015f\u0131m\u0131n vazge\u00e7ilmez bir par\u00e7as\u0131 oldu\u011funu dile getirdi.<\/p>\n<p>Demir yollar\u0131n\u0131n, ekonomik ve sosyal hayat\u0131n\u0131n \u00f6tesinde, tarihi ve stratejik \u00f6neme sahip oldu\u011funa dikkati \u00e7eken Uralo\u011flu, \u015funlar\u0131 kaydetti:<\/p>\n<p>\u201cAsya ile Avrupa aras\u0131nda, \u00c7in\u2019den Londra\u2019ya kadar ula\u015fan \u2018Demir \u0130pek Yolu\u2019nun Orta Koridor\u2019unda yer alan \u00fclkemizin, uluslararas\u0131 y\u00fck ve yolcu ta\u015f\u0131mac\u0131l\u0131\u011f\u0131nda stratejik \u00f6nemi tart\u0131\u015f\u0131lmazd\u0131r. Bu ger\u00e7ekten hareketle Say\u0131n Cumhurba\u015fkan\u0131\u2019m\u0131z liderli\u011finde demir yollar\u0131n\u0131 2003 y\u0131l\u0131ndan itibaren ba\u015flatt\u0131\u011f\u0131m\u0131z geli\u015fim hamleleriyle devlet politikas\u0131 olarak ele ald\u0131k ve \u00f6ncelikli sekt\u00f6r olarak belirledik. Asya ve Avrupa aras\u0131nda k\u00f6pr\u00fc g\u00f6revi g\u00f6ren \u00fclkemizin co\u011frafi konumunun sa\u011flad\u0131\u011f\u0131 f\u0131rsatlar\u0131n ekonomik ve ticari avantajlara d\u00f6n\u00fc\u015febilmesi i\u00e7in demir yollar\u0131nda yeni bir at\u0131l\u0131m ba\u015flatt\u0131k. Demir yolu hatlar\u0131m\u0131z\u0131n limanlara, havaalanlar\u0131na, lojistik merkezlere ba\u011flant\u0131s\u0131n\u0131 sa\u011flayarak demir yollar\u0131m\u0131z\u0131 kombine ta\u015f\u0131mac\u0131l\u0131\u011fa uygun yeni bir anlay\u0131\u015fla ele ald\u0131k. Projelerimizle sadece do\u011fu-bat\u0131 hatt\u0131nda de\u011fil, kuzey-g\u00fcney k\u0131y\u0131lar\u0131m\u0131z aras\u0131nda da demir yolu ula\u015f\u0131m\u0131n\u0131 ekonomiye katk\u0131 sa\u011flar hale getirmeye \u00e7al\u0131\u015ft\u0131k ve bunlar\u0131 planlad\u0131k.\u201d<\/p>\n<p>Uralo\u011flu, 2003-2023 y\u0131llar\u0131nda \u00fclkede demir yollar\u0131nda ciddi yat\u0131r\u0131mlar, iyile\u015ftirme, yenileme ve kalk\u0131nma hamlelerini hayata ge\u00e7irdiklerini anlatt\u0131.<\/p>\n<p>\u201cSon 21 y\u0131lda demir yollar\u0131na yakla\u015f\u0131k 880 milyar lira yat\u0131r\u0131m yapt\u0131k.\u201d diyen Uralo\u011flu, \u201cAna yurdun demir a\u011flarla \u00f6r\u00fclmesi\u201d vizyonuna sahip \u00e7\u0131kt\u0131klar\u0131n\u0131 s\u00f6yledi.<\/p>\n<p>Uralo\u011flu, yap\u0131lan yat\u0131r\u0131mlar sayesinde Londra\u2019dan Pekin\u2019e kadar en g\u00fcvenli, k\u0131sa ve ekonomik uluslararas\u0131 demir yolu koridorunu olu\u015fturduklar\u0131na dikkati \u00e7ekerek, 2003\u2019te yakla\u015f\u0131k 11 bin kilometre olan demir yolu uzunlu\u011funu da 14 bin kilometreye \u00e7\u0131kard\u0131klar\u0131n\u0131 bildirdi. Bu hatlar\u0131n y\u00fczde 60\u2019\u0131n\u0131 sinyalli, yar\u0131s\u0131ndan fazlas\u0131n\u0131 da elektrikli hale getirdiklerini vurgulayan Uralo\u011flu, \u00fclkeyi y\u00fcksek h\u0131zl\u0131 tren i\u015fletmecili\u011fiyle tan\u0131\u015ft\u0131rd\u0131klar\u0131n\u0131 ve 11 ilin bu a\u011fla birbirine ba\u011fland\u0131\u011f\u0131n\u0131 bildirdi.<\/p>\n<p>Bu illerinin say\u0131s\u0131n\u0131 52&#8217;ye \u00e7\u0131karmay\u0131 hedeflediklerini vurgulayan Uralo\u011flu, bu kapsamda \u00e7al\u0131\u015fmalar\u0131n devam etti\u011fini kaydetti.<\/p>\n<p>Uralo\u011flu, demir yolu hat uzunlu\u011funu 28 bin 590 kilometreye \u00e7\u0131kartmay\u0131 hedeflediklerini, halen do\u011fu-bat\u0131 ve kuzey-g\u00fcney koridorlar\u0131n\u0131n geli\u015ftirilmesi kapsam\u0131nda \u00e7al\u0131\u015fmalar\u0131n s\u00fcrd\u00fc\u011f\u00fcn\u00fc belirterek, \u201cYakla\u015f\u0131k 3 bin 800 kilometrelik demir yolu hatt\u0131nda yap\u0131m \u00e7al\u0131\u015fmalar\u0131 devam ediyor. Yakla\u015f\u0131k 5 bin 800 kilometrelik demir yolu hatt\u0131nda proje haz\u0131rlama \u00e7al\u0131\u015fmalar\u0131 tamamlanm\u0131\u015f olup, yakla\u015f\u0131k 4 bin kilometrelik demir yolu hatt\u0131nda ise proje haz\u0131rlama \u00e7al\u0131\u015fmalar\u0131 s\u00fcrmektedir.\u201d ifadelerini kulland\u0131.<\/p>\n<p>\u00dclkede demir yolu ula\u015f\u0131m a\u011f\u0131n\u0131 geli\u015ftirirken bir di\u011fer hedeflerinin de d\u00fcnyadaki geli\u015fmeleri takip etmek ve yeni teknolojilerle donat\u0131lm\u0131\u015f yerli demir yolu sanayisini geli\u015ftirmek oldu\u011funu belirten Uralo\u011flu, son 21 y\u0131lda ciddi bir ulusal demir yolu end\u00fcstrisi olu\u015fturuldu\u011funu anlatt\u0131. Uralo\u011flu, T\u00fcrkiye Rayl\u0131 Sistem Ara\u00e7lar\u0131 Sanayii A\u015e\u2019yi (T\u00dcRASA\u015e), Orta Do\u011fu\u2019nun en b\u00fcy\u00fck rayl\u0131 sistem ara\u00e7 \u00fcreticisi haline getirdikleri kaydetti.<\/p>\n<p>Yeni nesil lokomotif, dizel ve elektrikli tren seti ve motoru, yolcu ve y\u00fck vagonu, tren kontrol y\u00f6netim sistemi gibi ana ve kritik \u00fcr\u00fcnlerin \u00fclkede \u00fcretildi\u011fine i\u015faret eden Uralo\u011flu, bu ba\u015far\u0131lar\u0131n kazan\u0131lmas\u0131nda \u00e7al\u0131\u015fan t\u00fcm i\u015f\u00e7ilere te\u015fekk\u00fcr etti.<\/p>\n<p><b>G\u00d6\u00c7MEN A\u00c7IKLAMASI<\/b><\/p>\n<p>Uralo\u011flu, son d\u00f6nemde T\u00fcrkiye\u2019nin bulundu\u011fu co\u011frafyadaki geli\u015fmelere de de\u011finerek, \u015funlar\u0131 kaydetti:<\/p>\n<p>\u201c\u015e\u00f6yle bir etraf\u0131m\u0131za bakal\u0131m. Suriye, Irak, Azerbaycan, Ukrayna, Rusya, buralar ger\u00e7ekten ate\u015f \u00e7emberi oldu. Hatta bunun Balkanlar\u2019a sirayet ettirilmesi ve T\u00fcrkiye\u2019nin de bu i\u015fin i\u00e7ine \u00e7ekilmesiyle ilgili ciddi s\u00fcre\u00e7ler y\u00fcr\u00fct\u00fcl\u00fcyor. Cumhurba\u015fkan\u0131\u2019m\u0131z\u0131n riyasetinde, liderli\u011finde \u00e7ok \u015f\u00fck\u00fcr bu s\u00fcreci do\u011fru y\u00f6netti\u011fimizi d\u00fc\u015f\u00fcn\u00fcyorum. \u00dclkemizde \u00e7ok\u00e7a tart\u0131\u015f\u0131lan g\u00f6\u00e7men politikalar\u0131, \u00fclkemizde bulunan g\u00f6\u00e7menler var. Bunlar kimler, bunlar sava\u015ftan ka\u00e7an, sava\u015ftan korkan, \u00e7oluk \u00e7ocu\u011funu korumaya almak isteyen insanlar. Dedi\u011fim gibi tart\u0131\u015f\u0131lan bir konudur ama biz bunlara ev sahipli\u011fi yap\u0131yoruz. Bat\u0131\u2019dan gelen olunca \u00e7ok itiraz etmiyoruz. Ukrayna&#8217;dan gelen olunca \u00e7ok itiraz etmiyoruz ama Suriye\u2019den gelince biraz itiraz ediyoruz. S\u00f6ylemek istedi\u011fim \u015fu, Allah korusun bizim ba\u015f\u0131m\u0131za bir s\u0131k\u0131nt\u0131 gelirse bizim gidebilecek bir \u00fclkemiz var m\u0131? Asla yok ama bizim gitmek gibi bir niyetimiz de yok \u00e7ok \u015f\u00fck\u00fcr. Biz sonuna kadar bu \u00fclkedeyiz. Bizim asli g\u00f6revimiz g\u00fcc\u00fcm\u00fcz yetti\u011fi kadar bu \u00fclkeye hizmet etmektir.\u201d (AA)<\/p>\n","protected":false},"excerpt":{"rendered":"<p>T\u00fcrkiye&#8217;de \u00e7al\u0131\u015fanlar\u0131n sendikala\u015fmas\u0131 i\u015fverenler ve h\u00fck\u00fcmet taraf\u0131ndan engellenirken Ula\u015ft\u0131rma ve Altyap\u0131 Bakan\u0131 Uralo\u011flu, &#8220;Bir \u00fclkede sendikalar iyi i\u015flemiyor ve geli\u015femiyorsa o \u00fclkede demokrasi yok demektir&#8221; dedi.<\/p>\n","protected":false},"author":1,"featured_media":111824,"comment_status":"closed","ping_status":"open","sticky":false,"template":"","format":"standard","meta":{"footnotes":""},"categories":[25],"tags":[726,419,3565,12568,4941],"class_list":["post-111823","post","type-post","status-publish","format-standard","has-post-thumbnail","hentry","category-ekonomi","tag-demir","tag-isci","tag-sendika","tag-uraloglu","tag-yaklasik"],"_links":{"self":[{"href":"https:\/\/haberulus.net\/index.php?rest_route=\/wp\/v2\/posts\/111823","targetHints":{"allow":["GET"]}}],"collection":[{"href":"https:\/\/haberulus.net\/index.php?rest_route=\/wp\/v2\/posts"}],"about":[{"href":"https:\/\/haberulus.net\/index.php?rest_route=\/wp\/v2\/types\/post"}],"author":[{"embeddable":true,"href":"https:\/\/haberulus.net\/index.php?rest_route=\/wp\/v2\/users\/1"}],"replies":[{"embeddable":true,"href":"https:\/\/haberulus.net\/index.php?rest_route=%2Fwp%2Fv2%2Fcomments&post=111823"}],"version-history":[{"count":1,"href":"https:\/\/haberulus.net\/index.php?rest_route=\/wp\/v2\/posts\/111823\/revisions"}],"predecessor-version":[{"id":111825,"href":"https:\/\/haberulus.net\/index.php?rest_route=\/wp\/v2\/posts\/111823\/revisions\/111825"}],"wp:featuredmedia":[{"embeddable":true,"href":"https:\/\/haberulus.net\/index.php?rest_route=\/wp\/v2\/media\/111824"}],"wp:attachment":[{"href":"https:\/\/haberulus.net\/index.php?rest_route=%2Fwp%2Fv2%2Fmedia&parent=111823"}],"wp:term":[{"taxonomy":"category","embeddable":true,"href":"https:\/\/haberulus.net\/index.php?rest_route=%2Fwp%2Fv2%2Fcategories&post=111823"},{"taxonomy":"post_tag","embeddable":true,"href":"https:\/\/haberulus.net\/index.php?rest_route=%2Fwp%2Fv2%2Ftags&post=111823"}],"curies":[{"name":"wp","href":"https:\/\/api.w.org\/{rel}","templated":true}]}}