{"id":111829,"date":"2023-08-12T13:05:10","date_gmt":"2023-08-12T13:05:10","guid":{"rendered":"https:\/\/haberulus.net\/?p=111829"},"modified":"2023-08-12T13:05:10","modified_gmt":"2023-08-12T13:05:10","slug":"mhp-genel-baskan-yardimcisi-semih-yalcin-iyi-partiye-yanit-verdi","status":"publish","type":"post","link":"https:\/\/haberulus.net\/?p=111829","title":{"rendered":"MHP Genel Ba\u015fkan Yard\u0131mc\u0131s\u0131 Semih Yal\u00e7\u0131n, \u0130Y\u0130 Parti&#8217;ye Yan\u0131t Verdi"},"content":{"rendered":"<p> <strong>Milliyet\u00e7i Hareket Partisi<\/strong> (MHP) Genel Ba\u015fkan Yard\u0131mc\u0131s\u0131 Semih Yal\u00e7\u0131n, &#8220;Pe\u015fin h\u00fck\u00fcml\u00fc ve kompleksli de\u011ferlendirmeler kar\u015f\u0131s\u0131nda millet, faturay\u0131 davetin sahibine de\u011fil, onu yanl\u0131\u015f alg\u0131lay\u0131p reddedenlere \u00e7\u0131kar\u0131r&#8221; dedi.<\/p>\n<p>MHP Genel Ba\u015fkan Yard\u0131mc\u0131s\u0131 Yal\u00e7\u0131n, sosyal medya hesab\u0131ndan MHP Genel Ba\u015fkan\u0131 Devlet Bah\u00e7eli&#8217;nin yerel se\u00e7imler i\u00e7in \u00e7a\u011fr\u0131da bulundu\u011fu  <strong>\u0130yi Parti<\/strong>&#8216;den gelen yan\u0131t\u0131 de\u011ferlendirdi. Yal\u00e7\u0131n, &#8220;Genel Ba\u015fkan\u0131m\u0131z Say\u0131n Devlet Bah\u00e7eli&#8217;nin samimi ve y\u00fcrekten \u00e7a\u011fr\u0131s\u0131na ip cephesinden yetkili yetkisiz dev\u015firilmi\u015f birka\u00e7 ki\u015finin verdi\u011fi tutars\u0131z ve ka\u00e7amak cevaplar, bu partide h\u00fck\u00fcm s\u00fcren kendini ve asl\u0131n\u0131 inkar \u00e7\u0131kmaz\u0131n\u0131n bir ba\u015fka y\u00fcz\u00fcn\u00fc ele verdi. Kendini k\u00f6ks\u00fczl\u00fc\u011fe mahk\u00fcm etmi\u015f ve siyasi ikbalini CHP&#8217;ye kuyruk olmakta aram\u0131\u015f, sonra da T\u00fcrkl\u00fck ve devlet d\u00fc\u015fman\u0131 HDP ile kader arkada\u015fl\u0131\u011f\u0131na, hatta yolda\u015fl\u0131\u011fa soyunmu\u015f bir partinin s\u00f6zc\u00fcleri taraf\u0131ndan MHP&#8217;ye ve millete milliyet\u00e7ilik taslanmas\u0131ysa bir ba\u015fka garabet&#8221; dedi.<\/p>\n<p> <strong>\u0130yi Parti<\/strong>&#8216;nin bug\u00fcne kadar bir\u00e7ok hatal\u0131 siyasi manevra yapt\u0131\u011f\u0131n\u0131 s\u00f6yleyen Yal\u00e7\u0131n, &#8220;Millet nezdinde zaten zay\u0131f olan inand\u0131r\u0131c\u0131l\u0131\u011f\u0131n\u0131 b\u00fcsb\u00fct\u00fcn yitirdi. Bunlardan biri, alt\u0131l\u0131 masaya efelenip t\u0131p\u0131\u015f t\u0131p\u0131\u015f yeniden aralar\u0131na d\u00f6nmesi oldu. Bu, utan\u00e7 verici bir ricat tablosuydu.  <strong>\u0130yi Parti<\/strong>&#8216;nin bir di\u011fer yanl\u0131\u015f siyasi manevras\u0131, Kemal K\u0131l\u0131\u00e7daro\u011flu&#8217;nun kazanmas\u0131 i\u00e7in \u00e7aba g\u00f6stermesi oldu. Ayr\u0131ca zillet ittifak\u0131nda kalarak ba\u015fta HDP olmak \u00fczere b\u00fct\u00fcn \u015fer cephesinin Meclis aritmeti\u011fi bak\u0131m\u0131ndan \u00f6n\u00fcn\u00fc a\u00e7an bir i\u015f birli\u011fi ve ihanet ad\u0131m\u0131nda \u0131srar etmesiydi. \u0130Y\u0130 Parti taifesi \u015fimdi de Genel Ba\u015fkan\u0131m\u0131z\u0131n memleket hayr\u0131na yapt\u0131\u011f\u0131 &#8216;Bizim mahalleye gelin. Yurt edindi\u011finiz politik semt, tekin de\u011fil. Ter\u00f6rist ve hain kayn\u0131yor. G\u00fcvenilir kom\u015fular edinin. G\u00fcvenli limana demirleyin&#8217; kabilinden \u00e7a\u011fr\u0131s\u0131n\u0131 pe\u015finen ve kalibresi \u00e7ok d\u00fc\u015f\u00fck bir siyasi \u00fcslupla reddederek en b\u00fcy\u00fck yanl\u0131\u015fa d\u00fc\u015ft\u00fc&#8221; a\u00e7\u0131klamas\u0131nda bulundu.<\/p>\n<p>MHP lideri Devlet Bah\u00e7eli&#8217;nin davetiyle \u0130Y\u0130 Parti&#8217;ye &#8216;ayna&#8217; tuttu\u011funun alt\u0131n\u0131 \u00e7izen Yal\u00e7\u0131n, &#8220;Bu aynaya s\u0131rt\u0131n\u0131 d\u00f6nen sadece kendini inkar etmekle kalmaz; ayn\u0131 zamanda kurumsal kimlik olu\u015fturma, kuyruk ve yanc\u0131 olmaktan kurtulup duru\u015funa \u00e7ekid\u00fczen verme \u00e7abalar\u0131n\u0131 sekteye u\u011frat\u0131r. Pe\u015fin h\u00fck\u00fcml\u00fc ve kompleksli de\u011ferlendirmeler kar\u015f\u0131s\u0131nda millet; faturay\u0131 davetin sahibine de\u011fil, onu yanl\u0131\u015f alg\u0131lay\u0131p reddedenlere \u00e7\u0131kar\u0131r&#8221; diye konu\u015ftu. &#8211; ANKARA<\/p>\n<div>Kaynak: \u0130hlas Haber Ajans\u0131 \/  Politika <\/div>\n","protected":false},"excerpt":{"rendered":"<p>MHP Genel Ba\u015fkan Yard\u0131mc\u0131s\u0131 Semih Yal\u00e7\u0131n, \u0130Y\u0130 Parti&#8217;nin MHP Genel Ba\u015fkan\u0131 Devlet Bah\u00e7eli&#8217;nin \u00e7a\u011fr\u0131s\u0131na verdi\u011fi yan\u0131t\u0131 ele\u015ftirerek, yanl\u0131\u015f alg\u0131lay\u0131p reddedenlerin faturay\u0131 davetin sahibine \u00e7\u0131kard\u0131\u011f\u0131n\u0131 belirtti.<\/p>\n","protected":false},"author":1,"featured_media":111830,"comment_status":"closed","ping_status":"open","sticky":false,"template":"","format":"standard","meta":{"footnotes":""},"categories":[28],"tags":[3039,2756,1557,780],"class_list":["post-111829","post","type-post","status-publish","format-standard","has-post-thumbnail","hentry","category-politika","tag-genel-baskan","tag-iyi-parti","tag-mhp","tag-yalcin"],"_links":{"self":[{"href":"https:\/\/haberulus.net\/index.php?rest_route=\/wp\/v2\/posts\/111829","targetHints":{"allow":["GET"]}}],"collection":[{"href":"https:\/\/haberulus.net\/index.php?rest_route=\/wp\/v2\/posts"}],"about":[{"href":"https:\/\/haberulus.net\/index.php?rest_route=\/wp\/v2\/types\/post"}],"author":[{"embeddable":true,"href":"https:\/\/haberulus.net\/index.php?rest_route=\/wp\/v2\/users\/1"}],"replies":[{"embeddable":true,"href":"https:\/\/haberulus.net\/index.php?rest_route=%2Fwp%2Fv2%2Fcomments&post=111829"}],"version-history":[{"count":1,"href":"https:\/\/haberulus.net\/index.php?rest_route=\/wp\/v2\/posts\/111829\/revisions"}],"predecessor-version":[{"id":111831,"href":"https:\/\/haberulus.net\/index.php?rest_route=\/wp\/v2\/posts\/111829\/revisions\/111831"}],"wp:featuredmedia":[{"embeddable":true,"href":"https:\/\/haberulus.net\/index.php?rest_route=\/wp\/v2\/media\/111830"}],"wp:attachment":[{"href":"https:\/\/haberulus.net\/index.php?rest_route=%2Fwp%2Fv2%2Fmedia&parent=111829"}],"wp:term":[{"taxonomy":"category","embeddable":true,"href":"https:\/\/haberulus.net\/index.php?rest_route=%2Fwp%2Fv2%2Fcategories&post=111829"},{"taxonomy":"post_tag","embeddable":true,"href":"https:\/\/haberulus.net\/index.php?rest_route=%2Fwp%2Fv2%2Ftags&post=111829"}],"curies":[{"name":"wp","href":"https:\/\/api.w.org\/{rel}","templated":true}]}}