{"id":111883,"date":"2023-08-12T15:51:09","date_gmt":"2023-08-12T15:51:09","guid":{"rendered":"https:\/\/haberulus.net\/?p=111883"},"modified":"2023-08-12T15:51:09","modified_gmt":"2023-08-12T15:51:09","slug":"fenerbahce-cengiz-under-transferini-resmen-acikladi","status":"publish","type":"post","link":"https:\/\/haberulus.net\/?p=111883","title":{"rendered":"Fenerbah\u00e7e, Cengiz \u00dcnder transferini resmen a\u00e7\u0131klad\u0131"},"content":{"rendered":"<p>Fenerbah\u00e7e Kul\u00fcb\u00fc, Marsilya formas\u0131 giyen 26 ya\u015f\u0131ndaki milli futbolcu Cengiz \u00dcnder\u2019i transfer etti\u011fini resmen a\u00e7\u0131klad\u0131.<\/p>\n<p>\u201cDikkat spoiler i\u00e7erir\u201d mesaj\u0131yla bir video payla\u015fan sar\u0131 lacivertli kul\u00fcp, daha \u00f6nce Ba\u015fak\u015fehir formas\u0131yla Fenerbah\u00e7e a\u011flar\u0131n\u0131 sarsan Cengiz \u00dcnder\u2019in gol\u00fcne benzer bir gol atan Ferdi Kad\u0131o\u011flu\u2019nun foto\u011fraf\u0131n\u0131 payla\u015farak \u201cSpoiler i\u00e7erir\u201d yazm\u0131\u015ft\u0131. Zimbru ma\u00e7\u0131ndaki golden sonra verilen bu mesaj, Cengiz \u00dcnder transferini duyurmadan \u00f6nce bir kez daha g\u00fcndeme getirildi.<\/p>\n<blockquote class=\"twitter-tweet\" data-width=\"500\" data-dnt=\"true\">\n<p lang=\"tr\" dir=\"ltr\">Vuru\u015f spoiler i\u00e7eriyor. \ud83e\udd29\ud83d\ude80 <a href=\"https:\/\/t.co\/789iMUVKcT\" target=\"_blank\">pic.twitter.com\/789iMUVKcT<\/a><\/p>\n<p>&mdash; Fenerbah\u00e7e SK (@Fenerbahce) <a href=\"https:\/\/twitter.com\/Fenerbahce\/status\/1684269528644038656?ref_src=twsrc%5Etfw\" target=\"_blank\" rel=\"noopener\">July 26, 2023<\/a><\/p><\/blockquote>\n<p><script async src=\"https:\/\/platform.twitter.com\/widgets.js\" charset=\"utf-8\"><\/script><\/p>\n<p>Fenerbah\u00e7e\u2019nin payla\u015ft\u0131\u011f\u0131 videoda yer alan \u0130rfan Can Kahveci \u201cBiraderim, ne yap\u0131yorsun? \u00c7ok \u00f6zledim seni be. Haydi art\u0131k ya\u201d diyerek eski tak\u0131m arkada\u015f\u0131 Cengiz \u00dcnder\u2019e sesleniyor. \u0130smail Y\u00fcksek \u201cKim bu?\u201d diyerek Cengiz \u00dcnder\u2019in \u00e7al\u0131m hareketini yaparken, Dusan Tadic de milli oyuncunun gol sevincini taklit etti. Videoda son olarak g\u00f6r\u00fcnen Mert Hakan Yanda\u015f ise, \u201cBeyler, bu kadar spoiler yeter\u201d diyor.<\/p>\n<blockquote class=\"twitter-tweet\" data-width=\"500\" data-dnt=\"true\">\n<p lang=\"tr\" dir=\"ltr\">\u26a0 Dikkat spoiler i\u00e7erir. <a href=\"https:\/\/t.co\/GMuA9q4SmN\" target=\"_blank\">pic.twitter.com\/GMuA9q4SmN<\/a><\/p>\n<p>&mdash; Fenerbah\u00e7e SK (@Fenerbahce) <a href=\"https:\/\/twitter.com\/Fenerbahce\/status\/1690379213340106752?ref_src=twsrc%5Etfw\" target=\"_blank\" rel=\"noopener\">August 12, 2023<\/a><\/p><\/blockquote>\n<p><script async src=\"https:\/\/platform.twitter.com\/widgets.js\" charset=\"utf-8\"><\/script><\/p>\n<p><b>FENERBAH\u00c7E\u2019DEN CENG\u0130Z \u00dcNDER A\u00c7IKLAMASI<\/b><\/p>\n<p>Cengiz \u00dcnder\u2019in transferiyle ilgili KAP\u2019a a\u00e7\u0131klama yapan Fenerbah\u00e7e, \u201cProfesyonel futbolcu Cengiz \u00dcnder\u2019in transferi konusunda futbolcu ve kul\u00fcb\u00fc Olympique de Marseille ile prensip anla\u015fmas\u0131na var\u0131lm\u0131\u015ft\u0131r. Futbolcu, sa\u011fl\u0131k kontrollerinden ge\u00e7mek ve ileri transfer g\u00f6r\u00fc\u015fmeleri i\u00e7in bu gece \u0130stanbul\u2019a gelecektir.\u201d ifadelerine yer verdi.<\/p>\n<p>Kariyerine Alt\u0131nordu altyap\u0131s\u0131nda ba\u015flayan ve 2016\u2019da 4.8 milyon Euro\u2019ya Ba\u015fak\u015fehir\u2019e transfer olan Cengiz \u00dcnder, 2017\u2019de 14 milyon 250 bin Euro\u2019ya Roma\u2019n\u0131n yolunu tuttu.<\/p>\n<p>2020\u2019de Leicester City\u2019ye kiralanan Cengiz \u00dcnder, 2021\u2019de kiral\u0131k olarak gitti\u011fi Marsiya\u2019ya 2022\u2019de 8.4 milyon Euro bonservis bedeliyle transfer edilmi\u015fti.<\/p>\n","protected":false},"excerpt":{"rendered":"<p>Fenerbah\u00e7e Kul\u00fcb\u00fc, Cengiz \u00dcnder transferinde mutlu sona ula\u015ft\u0131. Sar\u0131 lacivertliler, milli futbolcunun transferine ili\u015fkin KAP a\u00e7\u0131kalamas\u0131 yapt\u0131.<\/p>\n","protected":false},"author":1,"featured_media":111886,"comment_status":"closed","ping_status":"open","sticky":false,"template":"","format":"standard","meta":{"footnotes":""},"categories":[31],"tags":[6186,346,438],"class_list":["post-111883","post","type-post","status-publish","format-standard","has-post-thumbnail","hentry","category-spor","tag-cengiz-under","tag-fenerbahce","tag-transfer"],"_links":{"self":[{"href":"https:\/\/haberulus.net\/index.php?rest_route=\/wp\/v2\/posts\/111883","targetHints":{"allow":["GET"]}}],"collection":[{"href":"https:\/\/haberulus.net\/index.php?rest_route=\/wp\/v2\/posts"}],"about":[{"href":"https:\/\/haberulus.net\/index.php?rest_route=\/wp\/v2\/types\/post"}],"author":[{"embeddable":true,"href":"https:\/\/haberulus.net\/index.php?rest_route=\/wp\/v2\/users\/1"}],"replies":[{"embeddable":true,"href":"https:\/\/haberulus.net\/index.php?rest_route=%2Fwp%2Fv2%2Fcomments&post=111883"}],"version-history":[{"count":1,"href":"https:\/\/haberulus.net\/index.php?rest_route=\/wp\/v2\/posts\/111883\/revisions"}],"predecessor-version":[{"id":111887,"href":"https:\/\/haberulus.net\/index.php?rest_route=\/wp\/v2\/posts\/111883\/revisions\/111887"}],"wp:featuredmedia":[{"embeddable":true,"href":"https:\/\/haberulus.net\/index.php?rest_route=\/wp\/v2\/media\/111886"}],"wp:attachment":[{"href":"https:\/\/haberulus.net\/index.php?rest_route=%2Fwp%2Fv2%2Fmedia&parent=111883"}],"wp:term":[{"taxonomy":"category","embeddable":true,"href":"https:\/\/haberulus.net\/index.php?rest_route=%2Fwp%2Fv2%2Fcategories&post=111883"},{"taxonomy":"post_tag","embeddable":true,"href":"https:\/\/haberulus.net\/index.php?rest_route=%2Fwp%2Fv2%2Ftags&post=111883"}],"curies":[{"name":"wp","href":"https:\/\/api.w.org\/{rel}","templated":true}]}}