{"id":111894,"date":"2023-08-12T16:21:04","date_gmt":"2023-08-12T16:21:04","guid":{"rendered":"https:\/\/haberulus.net\/?p=111894"},"modified":"2023-08-12T16:21:04","modified_gmt":"2023-08-12T16:21:04","slug":"karsiyakada-azat-yesil-yeni-baskan-secildi","status":"publish","type":"post","link":"https:\/\/haberulus.net\/?p=111894","title":{"rendered":"Kar\u015f\u0131yaka\u2019da Azat Ye\u015fil yeni ba\u015fkan se\u00e7ildi"},"content":{"rendered":"<p>Kar\u015f\u0131yaka Spor Kul\u00fcb\u00fc\u2019n\u00fcn ola\u011fan\u00fcst\u00fc genel kurulunda Azat Ye\u015fil yeni ba\u015fkan se\u00e7ildi. Azat Ye\u015fil\u00a0tek liste olarak y\u00f6netime gelirken, Turgay B\u00fcy\u00fckkarc\u0131 ba\u015fkanl\u0131\u011f\u0131ndaki eski y\u00f6netim ise mali ve idari olarak ibra edilmedi.<\/p>\n<p>Bostanl\u0131 Suat Ta\u015fer Tiyatrosu\u2019ndaki genel kurul tart\u0131\u015fmal\u0131 ge\u00e7ti. 18 Temmuz\u2019daki mali genel kuruldan \u00f6nce ola\u011fan\u00fcst\u00fc kongre karar\u0131 alarak yeniden aday olmayan Turgay B\u00fcy\u00fckkarc\u0131, \u201c5,5 y\u0131ll\u0131k g\u00f6rev s\u00fcremizin sonuna geldik. E\u011fer zerre kadar hakk\u0131m varsa bundan sonra birlik i\u00e7inde hareket edelim. \u0130bra konusu pazarl\u0131km\u0131\u015f gibi g\u00f6sterildi. Haftal\u0131k enflasyonun bile y\u00fczde 3 oldu\u011fu d\u00f6nemde biz y\u0131ll\u0131k y\u00fczde 3\u2019\u00fc a\u015f\u0131yorsak bizi ibra etmeyin. Bu pazarl\u0131k konusu de\u011fil\u201d dedi. Kongrede kul\u00fcb\u00fcn toplam borcunun B\u00fcy\u00fckkarc\u0131 y\u00f6netimi taraf\u0131ndan net olarak a\u00e7\u0131klanmamas\u0131 tart\u0131\u015fma yaratt\u0131.<\/p>\n<p><img decoding=\"async\" src=\"https:\/\/i01.sozcucdn.com\/wp-content\/uploads\/2023\/08\/12\/azat-yesilsa1_23522796-660x322.jpg\" alt=\"\" title=\"\"><\/p>\n<p>Ge\u00e7en sezon kul\u00fcpte g\u00f6rev yapan futbol, basketbol, voleybol tak\u0131mlar\u0131 ile \u00e7al\u0131\u015fanlara y\u00f6netim taraf\u0131ndan alacaklar\u0131na kar\u015f\u0131l\u0131k da\u011f\u0131t\u0131l\u0131p, alacakl\u0131lar taraf\u0131ndan tahsil edilemeyince kriz yaratan kripto paralar, basketbol tak\u0131m\u0131n\u0131n transfer yasa\u011f\u0131 kapsam\u0131ndaki bor\u00e7lar\u0131 gibi konularda yo\u011fun tart\u0131\u015fma \u00e7\u0131kt\u0131. Eski ba\u015fkanlardan Cenk Karace, \u201cNeden bizim kul\u00fcb\u00fcm\u00fczde hi\u00e7bir \u015fey a\u00e7\u0131k de\u011fil? Daha 20 g\u00fcn \u00f6nceki kongrede basketbol borcu yok denildi ama \u015fimdi 1.7 milyon Dolar bor\u00e7 a\u00e7\u0131klan\u0131yor. Neden bor\u00e7 a\u00e7\u0131klanm\u0131yor? Y\u00f6netim olarak tek kuru\u015f alaca\u011f\u0131m\u0131z yok denildi ama 14 milyon TL y\u00f6netici alaca\u011f\u0131ndan bahsediliyor. Bu basketbol borcu tamamen son 2-3 y\u0131lda oynayan isimler. Bu net a\u00e7\u0131klanmazsa hep beraber savc\u0131l\u0131k oluruz. Bunun pe\u015fini b\u0131rakmay\u0131z\u201d a\u00e7\u0131klamas\u0131n\u0131 yapt\u0131.<\/p>\n<p><b>B\u00dcY\u00dcKKARCI Y\u00d6NET\u0130M\u0130 \u0130BRA ED\u0130LMED\u0130<\/b><\/p>\n<p>Kar\u015f\u0131yaka\u2019n\u0131n ola\u011fan\u00fcst\u00fc kongresinde kul\u00fcb\u00fcn kripto parayla da\u011f\u0131t\u0131lan k\u0131s\u0131m hari\u00e7 toplam borcu tart\u0131\u015fmalar\u0131n ard\u0131ndan 207 milyon TL olarak belirtilirken, 111 y\u0131ll\u0131k kul\u00fcb\u00fcn tarihinde ilk kez eski y\u00f6netim ibra edilmedi. 18 Temmuz\u2019daki son mali kongrede 148 milyon 882 bin TL olarak a\u00e7\u0131klanan toplam bor\u00e7, 3 haftal\u0131k s\u00fcre\u00e7te daha \u00f6nce tabloya dahil edilmeyen rakamlarla artarken y\u00f6netim ibra alamad\u0131. \u0130bra oylamas\u0131nda 67\u2019ye kar\u015f\u0131 123 oyla y\u00f6netim mali ve idari olarak ibra olmad\u0131. Denetim kurulu raporu da ibra edilmedi.<\/p>\n<p><b>AZAT YE\u015e\u0130L: BAYRAKLAR SANDIKTAN \u00c7IKACAK<\/b><\/p>\n<p>\u0130zmir ekibinde daha \u00f6nce \u00e7e\u015fitli d\u00f6nemlerde y\u00f6netimde yer al\u0131p d\u00fcn y\u00f6netim listesini divan kuruluna teslim eden Ba\u015fkan Azat Ye\u015fil, yap\u0131lan oylamada ba\u015fkanl\u0131\u011fa se\u00e7ildi. Ye\u015fil, ilk konu\u015fmas\u0131nda, \u201cBayraklar\u0131 sand\u0131klardan \u00e7\u0131karaca\u011f\u0131z\u201d dedi. \u201cKar\u015f\u0131yaka\u2019n\u0131n y\u00f6netim kurulunda daha \u00f6nce defalarca bulunup \u00e7e\u015fitli kademelerde hizmet ettim\u201d diyen Azat Ye\u015fil, \u201cBa\u015fkan aday\u0131 oldum. Kul\u00fcb\u00fcn her kademesinde yetki ve g\u00f6rev al\u0131p \u00e7al\u0131\u015ft\u0131m. Onursal Ba\u015fkan\u0131m\u0131z Sel\u00e7uk Ya\u015far\u2019\u0131n hep hayal etti\u011fi bir olguyu ger\u00e7ekle\u015ftiriyoruz. Kar\u015f\u0131yaka\u2019n\u0131n yan\u0131nda Atat\u00fcrk Organize Sanayi B\u00f6lgesi gibi b\u00fcy\u00fck kurulu\u015flar var, Sel\u00e7uk Ya\u015far bunu kul\u00fcple birle\u015ftirmek, destek almak istiyordu. Onursal Ba\u015fkan Ya\u015far\u2019\u0131n en son ba\u015fkanl\u0131k teklif etti\u011fi ki\u015fi olarak, Kurucu Ba\u015fkan\u0131m\u0131z Z\u00fcht\u00fc I\u015f\u0131l\u2019\u0131n bize b\u0131rakt\u0131\u011f\u0131 bu me\u015faleyi daha ileriye ta\u015f\u0131mak i\u00e7in bundan sonraki s\u00fcre\u00e7te sand\u0131ktan bayraklar\u0131 \u00e7\u0131kar\u0131p, art\u0131k \u015fampiyonlu\u011fu ve yeni g\u00fczel g\u00fcnleri ya\u015fayaca\u011f\u0131z. Sadece sand\u0131klardan bayraklar\u0131 \u00e7\u0131karmayaca\u011f\u0131z, k\u0131l\u0131\u00e7lar\u0131 da sand\u0131klara g\u00f6rece\u011fiz. Bir b\u00fct\u00fcn olarak \u015fampiyonluk i\u00e7in hareket edece\u011fiz. Bu bir g\u00f6revdir ve bu vazifeyi en iyi \u015fekilde yerine getirece\u011fiz. Y\u00f6netime giren b\u00fct\u00fcn arkada\u015flar\u0131ma te\u015fekk\u00fcr ediyorum. Her bran\u015fta hedefimiz \u015fampiyonluk. Kul\u00fcb\u00fcm\u00fcz\u00fcn lokomotofinin futbol oldu\u011funun fark\u0131nday\u0131z ve hi\u00e7bir zaman futbolu \u00fcvey evlat g\u00f6rmeden, Play-Off\u2019a, \u015fansa b\u0131rakmadan \u015fampiyon olaca\u011f\u0131z\u201d a\u00e7\u0131klamas\u0131n\u0131 yapt\u0131.<\/p>\n<p><b>\u015eUBELER ERG\u00dcLL\u00dc\u2019YE BA\u011eLANACAK<\/b><\/p>\n<p>Kar\u015f\u0131yaka\u2019da ba\u015fkanl\u0131\u011fa aday olarak ismi ge\u00e7en \u0130lker Erg\u00fcll\u00fc, ba\u015fkanl\u0131\u011f\u0131 i\u00e7in son mali kongrede yap\u0131l\u0131p, kul\u00fcbe \u00fcyelik s\u00fcresini 2 y\u0131ldan 1 y\u0131la indiren t\u00fcz\u00fck de\u011fi\u015fikli\u011fi onaylanmad\u0131\u011f\u0131 i\u00e7in bu d\u00f6nem g\u00f6reve se\u00e7ilemedi. \u0130lker Erg\u00fcll\u00fc yeni y\u00f6netimde sportif i\u015flerden sorumlu asba\u015fkan olarak b\u00fcy\u00fck yetkiyle g\u00f6rev alacak. Kar\u015f\u0131yaka\u2019n\u0131n yeni y\u00f6netimi Azat Ye\u015fil ve \u0130lker Erg\u00fcll\u00fc\u2019n\u00fcn yan\u0131 s\u0131ra Cenk Karace, Mustafa Karaba\u011fl\u0131, Mustafa Ta\u015fova, G\u00f6khan \u015eensan, Tamer Ustao\u011flu, Ayhan G\u00fcltekin, Serdar I\u015f\u0131ldar, Veysi Kubba, Koral Kalpakl\u0131o\u011flu, Tevfik Bilsev, Y\u00fccel Yetik, Hasan Y\u0131ld\u0131r\u0131m, R\u0131dvan G\u00fcrg\u00f6n\u00fcl isimlerinden olu\u015ftu. Yedek y\u00f6netim listesinde ise Berrin Baysak, B\u00fclent Kural, Celalettin Do\u011fanalp, Hakan \u00c7eliker, Hakan \u0130nan, \u0130lker Akp\u0131nar, \u00d6zg\u00fcr Okan, Serta\u00e7 \u0130naml\u0131k, Osman Dal ve Onur Kele\u015f isimleri yer ald\u0131. Kongre sonras\u0131 yeni y\u00f6netimi kutlayan Kar\u015f\u0131yaka Belediye Ba\u015fkan\u0131 Cemil Tugay, \u201cEn \u00f6nemli dile\u011fim yeni s\u00fcre\u00e7te kul\u00fcb\u00fcm\u00fcz\u00fcn \u00e7ok b\u00fcy\u00fck ba\u015far\u0131lara imza atmas\u0131\u201d dedi.<\/p>\n","protected":false},"excerpt":{"rendered":"<p>\u0130zmir&#8217;in k\u00f6kl\u00fc ekiplerinden Kar\u015f\u0131yaka Spor Kul\u00fcb\u00fc&#8217;nde yap\u0131lan ola\u011fan\u00fcst\u00fc genel kurulda Azat Ye\u015fil yeni ba\u015fkan se\u00e7ildi.<\/p>\n","protected":false},"author":1,"featured_media":111895,"comment_status":"closed","ping_status":"open","sticky":false,"template":"","format":"standard","meta":{"footnotes":""},"categories":[31],"tags":[443,8875,2014,3434,636],"class_list":["post-111894","post","type-post","status-publish","format-standard","has-post-thumbnail","hentry","category-spor","tag-baskan","tag-ibra","tag-karsiyaka","tag-kongre","tag-yonetim"],"_links":{"self":[{"href":"https:\/\/haberulus.net\/index.php?rest_route=\/wp\/v2\/posts\/111894","targetHints":{"allow":["GET"]}}],"collection":[{"href":"https:\/\/haberulus.net\/index.php?rest_route=\/wp\/v2\/posts"}],"about":[{"href":"https:\/\/haberulus.net\/index.php?rest_route=\/wp\/v2\/types\/post"}],"author":[{"embeddable":true,"href":"https:\/\/haberulus.net\/index.php?rest_route=\/wp\/v2\/users\/1"}],"replies":[{"embeddable":true,"href":"https:\/\/haberulus.net\/index.php?rest_route=%2Fwp%2Fv2%2Fcomments&post=111894"}],"version-history":[{"count":1,"href":"https:\/\/haberulus.net\/index.php?rest_route=\/wp\/v2\/posts\/111894\/revisions"}],"predecessor-version":[{"id":111896,"href":"https:\/\/haberulus.net\/index.php?rest_route=\/wp\/v2\/posts\/111894\/revisions\/111896"}],"wp:featuredmedia":[{"embeddable":true,"href":"https:\/\/haberulus.net\/index.php?rest_route=\/wp\/v2\/media\/111895"}],"wp:attachment":[{"href":"https:\/\/haberulus.net\/index.php?rest_route=%2Fwp%2Fv2%2Fmedia&parent=111894"}],"wp:term":[{"taxonomy":"category","embeddable":true,"href":"https:\/\/haberulus.net\/index.php?rest_route=%2Fwp%2Fv2%2Fcategories&post=111894"},{"taxonomy":"post_tag","embeddable":true,"href":"https:\/\/haberulus.net\/index.php?rest_route=%2Fwp%2Fv2%2Ftags&post=111894"}],"curies":[{"name":"wp","href":"https:\/\/api.w.org\/{rel}","templated":true}]}}