{"id":112164,"date":"2023-08-13T10:51:03","date_gmt":"2023-08-13T10:51:03","guid":{"rendered":"https:\/\/haberulus.net\/?p=112164"},"modified":"2023-08-13T10:51:03","modified_gmt":"2023-08-13T10:51:03","slug":"ibecik-bezi-cografi-isaretle-tescillendi","status":"publish","type":"post","link":"https:\/\/haberulus.net\/?p=112164","title":{"rendered":"\u0130becik bezi co\u011frafi i\u015faretle tescillendi"},"content":{"rendered":"<p>\u0130smini ald\u0131\u011f\u0131 \u0130becik k\u00f6y\u00fcnde as\u0131rlard\u0131r kad\u0131nlar taraf\u0131ndan evlerin alt\u0131ndaki el dokuma tezgahlar\u0131nda \u00fcretilen \u0130becik bezinin tescillenmesi i\u00e7in G\u00f6lhisar Belediyesi taraf\u0131ndan T\u00fcrk Patent ve Marka Kurumu\u2019na ba\u015fvuruda bulunuldu.<\/p>\n<p>Yap\u0131lan de\u011ferlendirme sonucu di\u011fer b\u00f6lgelerde bulunan benzer \u00fcr\u00fcnlerden farkl\u0131 olarak daha ince dokunan \u0130becik dokumas\u0131na \u0130becik bezi ad\u0131yla co\u011frafi i\u015faret tescil belgesi verildi.<\/p>\n<p><img decoding=\"async\" src=\"https:\/\/i01.sozcucdn.com\/wp-content\/uploads\/2023\/08\/13\/bez3.jpeg\" alt=\"\" title=\"\"><\/p>\n<p>G\u00f6lhisar Belediye Ba\u015fkan\u0131 \u0130brahim Sertba\u015f, G\u00f6lhisar kavurmas\u0131ndan sonra \u0130becik bezinin de patentini alm\u0131\u015f olman\u0131n mutlulu\u011funu ya\u015fad\u0131klar\u0131n\u0131 s\u00f6yledi.<\/p>\n<p>Y\u00fczy\u0131llar \u00f6ncesine dayanan bezin dokumas\u0131n\u0131n gelece\u011fe ta\u015f\u0131nmas\u0131 ad\u0131na \u00e7al\u0131\u015fma y\u00fcr\u00fctt\u00fcklerini belirten Sertba\u015f, k\u00f6yde kad\u0131nlar\u0131n ev ekonomisine katk\u0131 sa\u011flamak i\u00e7in bezin \u00fcretimini yapt\u0131\u011f\u0131n\u0131 kaydetti.<\/p>\n<p>Sertba\u015f, \u0130becik bezi dokumas\u0131n\u0131 \u00f6\u011frenmek isteyen kad\u0131nlar i\u00e7in G\u00f6lhisar Halk E\u011fitim Merkezi\u2019nde kurs a\u00e7acaklar\u0131n\u0131 vurgulad\u0131.<\/p>\n<p><img decoding=\"async\" src=\"https:\/\/i01.sozcucdn.com\/wp-content\/uploads\/2023\/08\/13\/bez2.jpeg\" alt=\"\" title=\"\"><\/p>\n<p><strong>\u201cBU KADAR \u0130NCE DOKUNAN B\u0130R \u00dcR\u00dcN YOK\u201d<\/strong><\/p>\n<p>\u0130becik k\u00f6y\u00fc muhtar\u0131 Halil Ku\u015fkonmaz da k\u00f6yde as\u0131rlard\u0131r kad\u0131nlar\u0131n \u0130becik bezini dokuduklar\u0131n\u0131 kaydetti.<\/p>\n<p>Ku\u015fkonmaz, \u201c\u00dclkemizin \u00e7e\u015fitli y\u00f6relerinde bu t\u00fcr dokuma \u00fcr\u00fcnler var ama bu kadar ince dokunan ve orijinalli\u011fini korumu\u015f bir \u00fcr\u00fcn yok\u201d dedi.<\/p>\n<p><strong>\u0130BEC\u0130K BEZ\u0130 HAKKINDA<\/strong><\/p>\n<p>\u0130becik bezi, pamuk \u00e7\u00f6zg\u00fc ve atk\u0131 ile bezaya\u011f\u0131 dokuma \u00f6rg\u00fcs\u00fc tekni\u011finde beyaz ya da renkli desen atk\u0131lar\u0131 ile desenleme yap\u0131larak dokunuyor.<\/p>\n<p>\u0130becik bezi kuma\u015f\u0131 dokumac\u0131l\u0131\u011f\u0131nda kullan\u0131lan ve \u201cd\u00fcven\u201d ad\u0131 verilen tezgahlar ise y\u00f6redeki marangozlar taraf\u0131ndan genellikle ceviz a\u011fac\u0131ndan yap\u0131l\u0131yor. (AA)<\/p>\n","protected":false},"excerpt":{"rendered":"<p>Burdur&#8217;un G\u00f6lhisar il\u00e7esinde el dokuma tezgahlar\u0131nda y\u00fczde 100 pamuk ipli\u011fi kullan\u0131larak \u00fcretilen ibecik bezi, T\u00fcrk Patent ve Marka Kurumu taraf\u0131ndan co\u011frafi i\u015faretle tescillendi.<\/p>\n","protected":false},"author":1,"featured_media":112165,"comment_status":"closed","ping_status":"open","sticky":false,"template":"","format":"standard","meta":{"footnotes":""},"categories":[33],"tags":[13325],"class_list":["post-112164","post","type-post","status-publish","format-standard","has-post-thumbnail","hentry","category-yasam","tag-dokuma"],"_links":{"self":[{"href":"https:\/\/haberulus.net\/index.php?rest_route=\/wp\/v2\/posts\/112164","targetHints":{"allow":["GET"]}}],"collection":[{"href":"https:\/\/haberulus.net\/index.php?rest_route=\/wp\/v2\/posts"}],"about":[{"href":"https:\/\/haberulus.net\/index.php?rest_route=\/wp\/v2\/types\/post"}],"author":[{"embeddable":true,"href":"https:\/\/haberulus.net\/index.php?rest_route=\/wp\/v2\/users\/1"}],"replies":[{"embeddable":true,"href":"https:\/\/haberulus.net\/index.php?rest_route=%2Fwp%2Fv2%2Fcomments&post=112164"}],"version-history":[{"count":1,"href":"https:\/\/haberulus.net\/index.php?rest_route=\/wp\/v2\/posts\/112164\/revisions"}],"predecessor-version":[{"id":112166,"href":"https:\/\/haberulus.net\/index.php?rest_route=\/wp\/v2\/posts\/112164\/revisions\/112166"}],"wp:featuredmedia":[{"embeddable":true,"href":"https:\/\/haberulus.net\/index.php?rest_route=\/wp\/v2\/media\/112165"}],"wp:attachment":[{"href":"https:\/\/haberulus.net\/index.php?rest_route=%2Fwp%2Fv2%2Fmedia&parent=112164"}],"wp:term":[{"taxonomy":"category","embeddable":true,"href":"https:\/\/haberulus.net\/index.php?rest_route=%2Fwp%2Fv2%2Fcategories&post=112164"},{"taxonomy":"post_tag","embeddable":true,"href":"https:\/\/haberulus.net\/index.php?rest_route=%2Fwp%2Fv2%2Ftags&post=112164"}],"curies":[{"name":"wp","href":"https:\/\/api.w.org\/{rel}","templated":true}]}}