{"id":112176,"date":"2023-08-13T11:21:08","date_gmt":"2023-08-13T11:21:08","guid":{"rendered":"https:\/\/haberulus.net\/?p=112176"},"modified":"2023-08-13T11:21:08","modified_gmt":"2023-08-13T11:21:08","slug":"van-golunde-yeni-kesif-nuh-tufaninin-oldugunu-kanitlamis-olduk","status":"publish","type":"post","link":"https:\/\/haberulus.net\/?p=112176","title":{"rendered":"Van G\u00f6l\u00fc\u2019nde yeni ke\u015fif: Nuh tufan\u0131n\u0131n oldu\u011funu kan\u0131tlam\u0131\u015f olduk"},"content":{"rendered":"<p>T\u00fcrkiye\u2019nin en b\u00fcy\u00fck sodal\u0131 g\u00f6l\u00fc olan 3 bin 712 kilometrekarelik Van G\u00f6l\u00fc\u2019n\u00fcn dibindeki kal\u0131nt\u0131lar yap\u0131lan dal\u0131\u015flarla d\u00fcnyaya tan\u0131t\u0131l\u0131rken bu kal\u0131nt\u0131lara yenileri eklendi.<\/p>\n<p>Bitlis\u2019in Adilcevaz il\u00e7esindeki Do\u011fu Deniz Derne\u011fi ile Van\u2019da bulunan HAK Arama Kurtarma Derne\u011fi \u00fcyeleri taraf\u0131ndan yap\u0131lan dal\u0131\u015fta, Van G\u00f6l\u00fc\u2019n\u00fcn derinliklerinde tamgal\u0131 ve ha\u00e7 i\u015faretli ta\u015flar ile ya\u015fam merkezi oldu\u011fu tespit edilen alanlar bulundu\u011fu belirtildi.<\/p>\n<p><img decoding=\"async\" src=\"https:\/\/i01.sozcucdn.com\/wp-content\/uploads\/2023\/08\/13\/v5.1_23526644.jpg\" alt=\"\" title=\"\"><\/p>\n<p>Do\u011fu Deniz Derne\u011fi Ba\u015fkan\u0131 Cumali Birol, yapt\u0131klar\u0131 dal\u0131\u015fla \u00e7\u00f6z\u00fclmeyi bekleyen yeni gizemleri ke\u015ffettiklerini s\u00f6yledi.<\/p>\n<p><img decoding=\"async\" src=\"https:\/\/i01.sozcucdn.com\/wp-content\/uploads\/2023\/08\/13\/v6.1_23526641.jpg\" alt=\"\" title=\"\"><\/p>\n<p><strong>\u201c\u00c7OK B\u00dcY\u00dcK B\u0130R ALAN KE\u015eFETT\u0130K\u201d<\/strong><\/p>\n<p>Tatvan-Ahlat aras\u0131ndaki b\u00f6lgede suyun azalmas\u0131yla mezar ta\u015flar\u0131 ve kal\u0131nt\u0131lar oldu\u011fu ihbar\u0131 \u00fczerine Van HAK arama Kurtarma ekipleri ile b\u00f6lgeye giderek dal\u0131\u015f ger\u00e7ekle\u015ftirdiklerini s\u00f6yleyen Birol, \u201cB\u00f6lgede bir k\u00f6ye benzer yap\u0131lar oldu\u011funu, sokaklar ve \u00fczerinde ha\u00e7 ve Kay\u0131 tamgas\u0131 olan mezarlar oldu\u011funu g\u00f6rd\u00fck. Elde edilen bulgular\u0131 \u00fcniversitelerdeki hocalara vererek b\u00f6lgedeki tarihin g\u00fcn y\u00fcz\u00fcne \u00e7\u0131kar\u0131lmas\u0131 i\u00e7in \u00e7abal\u0131yoruz. \u0130lk defa ha\u00e7 i\u015faretli mezarlar\u0131n aras\u0131nda \u00fczerinde \u2018Kay\u0131\u2019 yaz\u0131l\u0131 ta\u015fa rastgeldik. Alanda \u00e7ok b\u00fcy\u00fck bir yerle\u015fim merkezi bulunmakta. Bu yerle\u015fim merkezinin i\u00e7inde dibekler kurnalar var. Sokaklar var. Bu sokaklarda \u00f6r\u00fcl\u00fc ta\u015flarla bezenmi\u015f. Dal\u0131\u015fseverlerle \u00e7ok g\u00fczel bir alan olu\u015fturduk. Yeni bir ke\u015fif elde ettik\u201d dedi.<\/p>\n<p><img decoding=\"async\" src=\"https:\/\/i01.sozcucdn.com\/wp-content\/uploads\/2023\/08\/13\/v4.1_23526645.jpg\" alt=\"\" title=\"\"><\/p>\n<p>Dalg\u0131\u00e7lar i\u00e7in Van G\u00f6l\u00fc\u2019n\u00fcn gizemli bir yer oldu\u011funu s\u00f6yleyen Birol, \u201cVan G\u00f6l\u00fc Havzas\u0131\u2019nda y\u0131llard\u0131r su \u00e7ekilmekte. 3 metreden fazla su \u00e7ekildi. Dolay\u0131s\u0131yla bu \u00e7ekilmeden sonra mezar ta\u015flar\u0131 da g\u00fcn y\u00fcz\u00fcne \u00e7\u0131kt\u0131. Burada da ya\u015fam izlerinin Van G\u00f6l\u00fc Havzas\u0131\u2019n\u0131n her b\u00f6lgesinde g\u00f6rmekteyiz. Nuh tufan\u0131yla ilgili burada \u00e7al\u0131\u015ftaylar yapm\u0131\u015ft\u0131k. Derne\u011fimizin yapt\u0131\u011f\u0131 \u00e7al\u0131\u015ftaya \u0130ngiltere\u2019den iki jeolog hoca getirdik. Dolay\u0131s\u0131yla Van G\u00f6l\u00fc Havzas\u0131\u2019nda Nuh tufan\u0131n\u0131n oldu\u011funu biraz da kan\u0131tlam\u0131\u015f olduk. 23 metre derinlikte rastlad\u0131\u011f\u0131m\u0131z bu bulgular bizlere bunu kan\u0131tl\u0131yor. Van G\u00f6l\u00fc gel gitler ya\u015fam\u0131\u015f ama bakir ve temiz bir g\u00f6l. Buldu\u011fumuz alanlarda turizm noktas\u0131nda farkl\u0131 bir rota elde etmi\u015f oluyoruz\u201d diye konu\u015ftu.<\/p>\n<p><img decoding=\"async\" src=\"https:\/\/i01.sozcucdn.com\/wp-content\/uploads\/2023\/08\/13\/v9.1_23526634.jpg\" alt=\"\" title=\"\"><br \/><img decoding=\"async\" src=\"https:\/\/i01.sozcucdn.com\/wp-content\/uploads\/2023\/08\/13\/v1.1_23526648.jpg\" alt=\"\" title=\"\"><\/p>\n<p><img decoding=\"async\" src=\"https:\/\/i01.sozcucdn.com\/wp-content\/uploads\/2023\/08\/13\/v8.1_23526638.jpg\" alt=\"\" title=\"\"><\/p>\n<p>(DHA)<\/p>\n","protected":false},"excerpt":{"rendered":"<p>Van G\u00f6l\u00fc&#8217;nde Kay\u0131 tamgal\u0131 ve ha\u00e7 i\u015faretli ta\u015flar ile ya\u015fam merkezi oldu\u011fu tespit edilen alanlar bulundu. Do\u011fu Deniz Derne\u011fi Ba\u015fkan\u0131 Cumali Birol, &#8220;Ya\u015fam izlerini Van G\u00f6l\u00fc havzas\u0131n\u0131n her b\u00f6lgesinde g\u00f6rmekteyiz. Nuh tufan\u0131yla ilgili burada \u00e7al\u0131\u015ftaylar yapt\u0131k. Derne\u011fimizin yapt\u0131\u011f\u0131 \u00e7al\u0131\u015ftaya \u0130ngiltere&#8217;den iki jeolog hoca getirdik. Dolay\u0131s\u0131yla Van G\u00f6l\u00fc havzas\u0131nda Nuh tufan\u0131n\u0131n oldu\u011funu biraz da kan\u0131tlam\u0131\u015f olduk.&#8221; dedi.<\/p>\n","protected":false},"author":1,"featured_media":112177,"comment_status":"closed","ping_status":"open","sticky":false,"template":"","format":"standard","meta":{"footnotes":""},"categories":[33],"tags":[541,751,4345],"class_list":["post-112176","post","type-post","status-publish","format-standard","has-post-thumbnail","hentry","category-yasam","tag-alan","tag-dalis","tag-van-golu"],"_links":{"self":[{"href":"https:\/\/haberulus.net\/index.php?rest_route=\/wp\/v2\/posts\/112176","targetHints":{"allow":["GET"]}}],"collection":[{"href":"https:\/\/haberulus.net\/index.php?rest_route=\/wp\/v2\/posts"}],"about":[{"href":"https:\/\/haberulus.net\/index.php?rest_route=\/wp\/v2\/types\/post"}],"author":[{"embeddable":true,"href":"https:\/\/haberulus.net\/index.php?rest_route=\/wp\/v2\/users\/1"}],"replies":[{"embeddable":true,"href":"https:\/\/haberulus.net\/index.php?rest_route=%2Fwp%2Fv2%2Fcomments&post=112176"}],"version-history":[{"count":1,"href":"https:\/\/haberulus.net\/index.php?rest_route=\/wp\/v2\/posts\/112176\/revisions"}],"predecessor-version":[{"id":112178,"href":"https:\/\/haberulus.net\/index.php?rest_route=\/wp\/v2\/posts\/112176\/revisions\/112178"}],"wp:featuredmedia":[{"embeddable":true,"href":"https:\/\/haberulus.net\/index.php?rest_route=\/wp\/v2\/media\/112177"}],"wp:attachment":[{"href":"https:\/\/haberulus.net\/index.php?rest_route=%2Fwp%2Fv2%2Fmedia&parent=112176"}],"wp:term":[{"taxonomy":"category","embeddable":true,"href":"https:\/\/haberulus.net\/index.php?rest_route=%2Fwp%2Fv2%2Fcategories&post=112176"},{"taxonomy":"post_tag","embeddable":true,"href":"https:\/\/haberulus.net\/index.php?rest_route=%2Fwp%2Fv2%2Ftags&post=112176"}],"curies":[{"name":"wp","href":"https:\/\/api.w.org\/{rel}","templated":true}]}}