{"id":112345,"date":"2023-08-13T18:23:18","date_gmt":"2023-08-13T18:23:18","guid":{"rendered":"https:\/\/haberulus.net\/?p=112345"},"modified":"2023-08-13T18:23:18","modified_gmt":"2023-08-13T18:23:18","slug":"fenerbahce-cengiz-under-transferini-kapa-bildirdi","status":"publish","type":"post","link":"https:\/\/haberulus.net\/?p=112345","title":{"rendered":"Fenerbah\u00e7e, Cengiz \u00dcnder transferini KAP\u2019a bildirdi"},"content":{"rendered":"<p>Fenerbah\u00e7e Kul\u00fcb\u00fc, Cengiz \u00dcnder transferinin maliyetini KAP\u2019a bildirdi.<\/p>\n<p>Marsilya\u2019dan transfer edilen 26 ya\u015f\u0131ndaki kanat oyuncusu i\u00e7in \u00f6denecek bonservis bedelinin 4 sene taksitle verilece\u011fi duyuruldu.<\/p>\n<blockquote class=\"twitter-tweet\" data-width=\"500\" data-dnt=\"true\">\n<p lang=\"tr\" dir=\"ltr\">Ailemize ho\u015f geldin Cengiz \u00dcnder!\u00a0\ud83d\udc9b\ud83d\udc99 <a href=\"https:\/\/t.co\/UD4EQMxbih\" target=\"_blank\">pic.twitter.com\/UD4EQMxbih<\/a><\/p>\n<p>&mdash; Fenerbah\u00e7e SK (@Fenerbahce) <a href=\"https:\/\/twitter.com\/Fenerbahce\/status\/1690782304157700096?ref_src=twsrc%5Etfw\" target=\"_blank\" rel=\"noopener\">August 13, 2023<\/a><\/p><\/blockquote>\n<p><script async src=\"https:\/\/platform.twitter.com\/widgets.js\" charset=\"utf-8\"><\/script><\/p>\n<p>Fenerbah\u00e7e\u2019nin konuyla ilgili KAP\u2019a yapt\u0131\u011f\u0131 a\u00e7\u0131klama, \u015fu \u015fekilde:<\/p>\n<p><em>\u201cProfesyonel futbolcu Cengiz \u00dcnder\u2019in transferi konusunda kul\u00fcb\u00fc ve kendisi ile anla\u015fmaya var\u0131lm\u0131\u015ft\u0131r.<\/em><\/p>\n<p><em>Olympique de Marseille kul\u00fcb\u00fcne toplam transfer bedeli olan 15.000.000 Avro 4 sene i\u00e7erisinde \u00f6denecektir.<\/em><\/p>\n<p><em>FIFA talimatlar\u0131 gere\u011fi do\u011facak olan dayan\u0131\u015fma katk\u0131 bedelleri kul\u00fcb\u00fcm\u00fcz taraf\u0131ndan \u00f6denecektir.\u201d<\/em><\/p>\n<p><b>CENG\u0130Z \u00dcNDER: FENERBAH\u00c7E\u2019DEY\u0130M, \u00c7OK MUTLUYUM<\/b><\/p>\n<p>\u0130mza sonras\u0131 ilk a\u00e7\u0131klamalar\u0131n\u0131 Fenerbah\u00e7e resmi internet sitesine yapan Cengiz \u00dcnder, \u015fu ifadeleri kulland\u0131:<\/p>\n<p>\u201cUzun u\u011fra\u015flar sonucu burada olmak ger\u00e7ekten benim i\u00e7in mutluluk verici, gurur verici bir \u015fey. S\u00fcrekli menajerimle konu\u015fmalar\u0131m\u0131zda kul\u00fcpteki y\u00f6neticilerimizle birlikte ge\u00e7en bu s\u00fcre\u00e7te herkesin bana kar\u015f\u0131 duru\u015fu \u00e7ok g\u00fczeldi. \u015eu an Fenerbah\u00e7e\u2019deyim, \u00e7ok mutluyum. Kendimi \u00e7ok gururlu ve mutlu hissediyorum. Bir an \u00f6nce tak\u0131m arkada\u015flar\u0131mla antrenmana, sahaya \u00e7\u0131kmak i\u00e7in sab\u0131rs\u0131zlan\u0131yorum.\u201d<\/p>\n<p><img decoding=\"async\" src=\"https:\/\/i01.sozcucdn.com\/wp-content\/uploads\/2023\/08\/13\/8cc274d5-885c-40e4-a6d9-5837119df1ab.jpg\" alt=\"\" title=\"\"><\/p>\n<p><b>\u201c\u0130RFAN \u0130LE S\u00dcREKL\u0130 KONU\u015eTUK\u201d<\/b><\/p>\n<p>\u201cMarsilya\u2019dayken \u0130rfan Can ile \u00e7ok konu\u015ftum. Edin ile konu\u015ftum ki onunla konu\u015ftu\u011fumuzda da \u2018Ne zaman geliyorsun?\u2019 tarz\u0131nda olmu\u015ftu. Ben de biraz daha sab\u0131rl\u0131 olmam\u0131z gerekti\u011fini s\u00f6ylemi\u015ftim. Ondan sonra tekrar konu\u015fmu\u015ftuk. Bunun sonucunda art\u0131k buraday\u0131m. \u0130rfan ile zaten s\u00fcrekli, her g\u00fcn konu\u015fuyoruz. Milli tak\u0131mdan arkada\u015f\u0131m, sevdi\u011fim birisi ve \u015fimdi onunla ayn\u0131 tak\u0131mday\u0131m. \u00c7ok mutluyum.\u201d<\/p>\n<p><img decoding=\"async\" src=\"https:\/\/i01.sozcucdn.com\/wp-content\/uploads\/2023\/08\/13\/7fa02002-477f-4ef1-9997-1b25e656e3cc.jpg\" alt=\"\" title=\"\"><\/p>\n<p><b>\u201cONLAR \u0130\u00c7\u0130N BU FORMAYI G\u0130YECE\u011e\u0130M\u201d<\/b><\/p>\n<p>\u201cBuraya gelmeden \u00f6nce taraftar\u0131n deste\u011fini \u00e7ok fazlas\u0131yla hissettim. Bu beni ger\u00e7ekten derinden etkiledi. T\u00fcrkiye\u2019ye ayak bast\u0131\u011f\u0131m andan itibaren de hepsi yan\u0131mda oldu. Sa\u011f olsunlar havaliman\u0131na geldiler, bu benim i\u00e7in \u00e7ok \u00f6nemli. Onlar i\u00e7in, bu formay\u0131 giyece\u011fim i\u00e7in \u00e7ok mutluyum. Bir an \u00f6nce onlar\u0131n kar\u015f\u0131s\u0131nda formay\u0131 giymek istiyorum.\u201d<\/p>\n","protected":false},"excerpt":{"rendered":"<p>Fenerbah\u00e7e, Marsilya&#8217;n\u0131n y\u0131ld\u0131z\u0131 Cengiz \u00dcnder&#8217;\u0131 kadrosuna katt\u0131. Transfer bedeli resmen KAP&#8217;a a\u00e7\u0131klan\u0131rken, \u00f6deme 4 y\u0131l taksitler halinde ger\u00e7ekle\u015ftirilecek. \u0130\u015fte transferin ayr\u0131nt\u0131lar\u0131.<\/p>\n","protected":false},"author":1,"featured_media":112347,"comment_status":"closed","ping_status":"open","sticky":false,"template":"","format":"standard","meta":{"footnotes":""},"categories":[31],"tags":[346,1735],"class_list":["post-112345","post","type-post","status-publish","format-standard","has-post-thumbnail","hentry","category-spor","tag-fenerbahce","tag-mutlu"],"_links":{"self":[{"href":"https:\/\/haberulus.net\/index.php?rest_route=\/wp\/v2\/posts\/112345","targetHints":{"allow":["GET"]}}],"collection":[{"href":"https:\/\/haberulus.net\/index.php?rest_route=\/wp\/v2\/posts"}],"about":[{"href":"https:\/\/haberulus.net\/index.php?rest_route=\/wp\/v2\/types\/post"}],"author":[{"embeddable":true,"href":"https:\/\/haberulus.net\/index.php?rest_route=\/wp\/v2\/users\/1"}],"replies":[{"embeddable":true,"href":"https:\/\/haberulus.net\/index.php?rest_route=%2Fwp%2Fv2%2Fcomments&post=112345"}],"version-history":[{"count":1,"href":"https:\/\/haberulus.net\/index.php?rest_route=\/wp\/v2\/posts\/112345\/revisions"}],"predecessor-version":[{"id":112348,"href":"https:\/\/haberulus.net\/index.php?rest_route=\/wp\/v2\/posts\/112345\/revisions\/112348"}],"wp:featuredmedia":[{"embeddable":true,"href":"https:\/\/haberulus.net\/index.php?rest_route=\/wp\/v2\/media\/112347"}],"wp:attachment":[{"href":"https:\/\/haberulus.net\/index.php?rest_route=%2Fwp%2Fv2%2Fmedia&parent=112345"}],"wp:term":[{"taxonomy":"category","embeddable":true,"href":"https:\/\/haberulus.net\/index.php?rest_route=%2Fwp%2Fv2%2Fcategories&post=112345"},{"taxonomy":"post_tag","embeddable":true,"href":"https:\/\/haberulus.net\/index.php?rest_route=%2Fwp%2Fv2%2Ftags&post=112345"}],"curies":[{"name":"wp","href":"https:\/\/api.w.org\/{rel}","templated":true}]}}