{"id":112434,"date":"2023-08-14T02:51:07","date_gmt":"2023-08-14T02:51:07","guid":{"rendered":"https:\/\/haberulus.net\/?p=112434"},"modified":"2023-08-14T02:51:07","modified_gmt":"2023-08-14T02:51:07","slug":"gecim-sikintisi-canimizi-aliyor","status":"publish","type":"post","link":"https:\/\/haberulus.net\/?p=112434","title":{"rendered":"Ge\u00e7im s\u0131k\u0131nt\u0131s\u0131 can\u0131m\u0131z\u0131 al\u0131yor"},"content":{"rendered":"<p>Cumhurba\u015fkanl\u0131\u011f\u0131 sistemine ge\u00e7ildi\u011fi 2018 y\u0131l\u0131ndan bu yana ge\u00e7im s\u0131k\u0131nt\u0131s\u0131 ba\u015fta olmak \u00fczere \u00e7e\u015fitli nedenlerle intihar edenlerin say\u0131s\u0131nda ola\u011fan\u00fcst\u00fc art\u0131\u015f ya\u015fand\u0131. 2018&#8217;de y\u0131lda bin 400, g\u00fcnde 3.8 ki\u015fi intihar ederken, 2022 sonunda y\u0131ll\u0131k intihar say\u0131s\u0131 y\u00fczde 42 art\u0131\u015fla bin 982&#8217;ye, g\u00fcnl\u00fck intihar say\u0131s\u0131 5.4&#8217;e \u00e7\u0131kt\u0131. Ge\u00e7im zorlu\u011fu nedeniyle intihar edenlerin say\u0131s\u0131 iki kat artt\u0131. Aile ge\u00e7imsizli\u011fi, \u00f6\u011frenim kaynakl\u0131 sorunlar ve hissi nedenlerle intihar edenlerin say\u0131s\u0131 da y\u00fckseldi. \u0130ntihar edenlerin ya\u015f gruplar\u0131na g\u00f6re da\u011f\u0131l\u0131m\u0131nda en y\u00fcksek art\u0131\u015f\u0131n 20-29 aras\u0131 gen\u00e7lerde g\u00f6r\u00fclmesi de endi\u015fe yaratt\u0131.<\/p>\n<p><strong>EN \u00dcST SEV\u0130YEYE \u00c7IKTI<\/strong><\/p>\n<p>T\u00fcrkiye \u0130statistik Kurumu&#8217;nun (T\u00dc\u0130K) verileri ge\u00e7imin zorla\u015ft\u0131\u011f\u0131, hayat\u0131n pahaland\u0131\u011f\u0131 2018&#8217;den bu yana ya\u015fanan ekonomik s\u0131k\u0131nt\u0131 ve dalgalanmalar\u0131n vatanda\u015flar\u0131n ruh sa\u011fl\u0131\u011f\u0131 \u00fczerine de olumsuz yans\u0131d\u0131\u011f\u0131n\u0131 i\u015faret ediyor. Verilere g\u00f6re 2018&#8217;de 241&#8217;i hastal\u0131k, 64&#8217;\u00fc ge\u00e7im zorlu\u011fu, 59&#8217;u aile i\u00e7i ge\u00e7imsizlik, 54&#8217;\u00fc hissi nedenler, 2&#8217;si ticari ba\u015far\u0131s\u0131zl\u0131k 1&#8217;i de \u00f6\u011frenim kaynakl\u0131, 413&#8217;\u00fc di\u011fer sorunlar ve 566&#8217;s\u0131 da nedeni bilinmeyen olmak \u00fczere \u00e7e\u015fitli sebeplerle toplam bin 400 vatanda\u015f can\u0131na k\u0131yd\u0131.\u00a0 2022&#8217;de de y\u0131ll\u0131k intihar say\u0131s\u0131 2018&#8217;e g\u00f6re y\u00fczde 42 oran\u0131nda artarken, ge\u00e7im zorlu\u011fu ve \u00f6\u011frenimdeki s\u0131k\u0131nt\u0131lar kaynakl\u0131 vakalardaki art\u0131\u015f y\u00fczde 98&#8217;le en \u00fcst seviyeye \u00e7\u0131kt\u0131. 2022&#8217;de intihar olaylar\u0131n\u0131n 443&#8217;\u00fc hastal\u0131k, 96&#8217;s\u0131 aile ge\u00e7imsizli\u011fi, 127&#8217;si ge\u00e7im zorlu\u011fu, 1&#8217;i ticari ba\u015far\u0131s\u0131zl\u0131k, 78&#8217;i hissi nedenler, 11&#8217;i \u00f6\u011frenim 688&#8217;i di\u011fer nedenlerden kaynaklan\u0131rken 538&#8217;inin nedeni belli olmad\u0131.<\/p>\n<p><b>N\u00dcFUS ARTI\u015eINI SOLLADI<\/b><\/p>\n<p>T\u00dc\u0130K verilerini de\u011ferlendiren CHP Milletvekili Aliye Timisi Ersever, ge\u00e7im zorlu\u011fu ve hayat pahal\u0131l\u0131\u011f\u0131 gibi ekonomik sorunlar\u0131n insanlar\u0131 can\u0131ndan bezdirdi\u011fini belirterek, bir an \u00f6nce \u00f6nlem al\u0131nmas\u0131n\u0131 istedi. Yoksulluk, gelecek kayg\u0131s\u0131 gibi nedenlerin T\u00dc\u0130K&#8217;in intihar verilerine de yans\u0131d\u0131\u011f\u0131n\u0131 vurgulayan Ersever, \u201cAKP&#8217;nin iktidarda oldu\u011fu 2003-2022 y\u0131llar\u0131 aras\u0131nda 63.244 ki\u015fi intihar etti. 2003-2022 y\u0131llar\u0131 aras\u0131nda n\u00fcfus y\u00fczde 26.8 artarken, intihar edenlerin say\u0131s\u0131 y\u00fczde 53.7 oran\u0131nda y\u00fckseldi\u201d dedi.<\/p>\n","protected":false},"excerpt":{"rendered":"<p>Ge\u00e7im s\u0131k\u0131nt\u0131s\u0131 nedeniyle intihar eden vatanda\u015flar\u0131n say\u0131s\u0131 2018\u2019den bu yana iki kata yak\u0131n artt\u0131. \u0130ntiharlarda en b\u00fcy\u00fck art\u0131\u015f\u0131n 20-29 ya\u015f aras\u0131ndaki gen\u00e7lerde ya\u015fanmas\u0131 \u00fcrk\u00fct\u00fcyor.<\/p>\n","protected":false},"author":1,"featured_media":112435,"comment_status":"closed","ping_status":"open","sticky":false,"template":"","format":"standard","meta":{"footnotes":""},"categories":[25],"tags":[1751,128,62,13339,1170],"class_list":["post-112434","post","type-post","status-publish","format-standard","has-post-thumbnail","hentry","category-ekonomi","tag-1751","tag-128","tag-artis","tag-gecim","tag-intihar"],"_links":{"self":[{"href":"https:\/\/haberulus.net\/index.php?rest_route=\/wp\/v2\/posts\/112434","targetHints":{"allow":["GET"]}}],"collection":[{"href":"https:\/\/haberulus.net\/index.php?rest_route=\/wp\/v2\/posts"}],"about":[{"href":"https:\/\/haberulus.net\/index.php?rest_route=\/wp\/v2\/types\/post"}],"author":[{"embeddable":true,"href":"https:\/\/haberulus.net\/index.php?rest_route=\/wp\/v2\/users\/1"}],"replies":[{"embeddable":true,"href":"https:\/\/haberulus.net\/index.php?rest_route=%2Fwp%2Fv2%2Fcomments&post=112434"}],"version-history":[{"count":1,"href":"https:\/\/haberulus.net\/index.php?rest_route=\/wp\/v2\/posts\/112434\/revisions"}],"predecessor-version":[{"id":112436,"href":"https:\/\/haberulus.net\/index.php?rest_route=\/wp\/v2\/posts\/112434\/revisions\/112436"}],"wp:featuredmedia":[{"embeddable":true,"href":"https:\/\/haberulus.net\/index.php?rest_route=\/wp\/v2\/media\/112435"}],"wp:attachment":[{"href":"https:\/\/haberulus.net\/index.php?rest_route=%2Fwp%2Fv2%2Fmedia&parent=112434"}],"wp:term":[{"taxonomy":"category","embeddable":true,"href":"https:\/\/haberulus.net\/index.php?rest_route=%2Fwp%2Fv2%2Fcategories&post=112434"},{"taxonomy":"post_tag","embeddable":true,"href":"https:\/\/haberulus.net\/index.php?rest_route=%2Fwp%2Fv2%2Ftags&post=112434"}],"curies":[{"name":"wp","href":"https:\/\/api.w.org\/{rel}","templated":true}]}}