{"id":112493,"date":"2023-08-14T08:05:03","date_gmt":"2023-08-14T08:05:03","guid":{"rendered":"https:\/\/haberulus.net\/?p=112493"},"modified":"2023-08-14T08:05:03","modified_gmt":"2023-08-14T08:05:03","slug":"kilicdaroglundan-bahcelinin-iyi-partiye-yonelik-ittifak-cagrisiyla-ilgili-ilk-yorum-yeri-geldiginde-ittifaklar-yapilabiliyor","status":"publish","type":"post","link":"https:\/\/haberulus.net\/?p=112493","title":{"rendered":"K\u0131l\u0131\u00e7daro\u011flu&#8217;ndan Bah\u00e7eli&#8217;nin \u0130Y\u0130 Parti&#8217;ye y\u00f6nelik ittifak \u00e7a\u011fr\u0131s\u0131yla ilgili ilk yorum: Yeri geldi\u011finde ittifaklar yap\u0131labiliyor"},"content":{"rendered":"<p> <strong>Mhp<\/strong> Genel Ba\u015fkan\u0131 Devlet Bah\u00e7eli&#8217;nin seneye yap\u0131lacak yerel se\u00e7imler \u00f6ncesinde \u0130Y\u0130 Parti&#8217;ye yapt\u0131\u011f\u0131 ittifak \u00e7a\u011fr\u0131s\u0131 Ankara kulislerinde b\u00fcy\u00fck bir hareketlili\u011fe neden oldu. Konuya ili\u015fkin yorumu sorulan CHP Genel Ba\u015fkan\u0131 Kemal K\u0131l\u0131\u00e7daro\u011flu, &#8220;Aslolan, her partinin ba\u011f\u0131ms\u0131z se\u00e7imlere girmesidir. Ancak T\u00fcrkiye&#8217;nin ko\u015fullar\u0131 dikkate al\u0131nd\u0131\u011f\u0131nda yeri geldi\u011finde ittifaklar yap\u0131labiliyor. Ko\u015fullar de\u011fi\u015fince, siyaset tabii ki o de\u011fi\u015fen ko\u015fullara ayak uydurmak zorundad\u0131r&#8221; ifadelerini kulland\u0131.<\/p>\n<p><b>&#8220;OYU D\u00dc\u015eEN PART\u0130 AK PART\u0130 AMA TARTI\u015eILAN CHP OLDU&#8221;<\/b><\/p>\n<p>CHP Genel Merkezi&#8217;nde g\u00fcndemdeki konulara ili\u015fkin sorular y\u00f6neltilen CHP Genel Ba\u015fkan\u0131 Kemal K\u0131l\u0131\u00e7daro\u011flu, 14-28 May\u0131s se\u00e7imleriyle ilgili detayl\u0131 bir de\u011ferlendirmede bulundu. K\u0131l\u0131\u00e7daro\u011flu, &#8220;\u0130ki se\u00e7imi birden ya\u015fad\u0131k. Hem milletvekilli\u011fi hem de cumhurba\u015fkanl\u0131\u011f\u0131 se\u00e7imi&#8230; Milletvekilli\u011fi se\u00e7imleri penceresinden sonu\u00e7lara bakt\u0131\u011f\u0131m\u0131zda oylar\u0131m\u0131z\u0131n artt\u0131\u011f\u0131n\u0131 g\u00f6r\u00fcyoruz. Uzun y\u0131llard\u0131r milletvekili \u00e7\u0131karamad\u0131\u011f\u0131m\u0131z baz\u0131 illerden (Rize \u2013 Kars \u2013 D\u00fczce \u2013 Diyarbak\u0131r \u2013 Karab\u00fck \u2013 Erzincan gibi) milletvekili \u00e7\u0131kard\u0131k.Bu ba\u011flamda milletvekilli\u011fi  <strong>se\u00e7im<\/strong> sonu\u00e7lar\u0131n\u0131 en az\u0131ndan ilk kez milletvekili \u00e7\u0131kard\u0131\u011f\u0131m\u0131z iller i\u00e7in bir kazan\u0131m olarak g\u00f6rd\u00fck.Ayr\u0131ca deprem b\u00f6lgesinde bizim oylar\u0131m\u0131z artt\u0131. Bu sonu\u00e7lar sizi tatmin etti mi diye soracak olursan\u0131z, elbette ki hay\u0131r. Ama her hal\u00fckarda oyu d\u00fc\u015fen parti AK Parti, ama tart\u0131\u015f\u0131lan parti CHP oldu.<\/p>\n<p><b>&#8220;M\u0130LLET \u0130TT\u0130FAKI OLARAK KAZANACA\u011eIMIZA \u0130NANIYORDUK&#8221;<\/b><\/p>\n<p>Bizim oyumuz y\u00fckseldi, ama buna ra\u011fmen bekledi\u011fimiz sonucu alamad\u0131k. Bekledi\u011fimiz sonucu alabilseydik tart\u0131\u015fmalar farkl\u0131 y\u00f6ne evrilecekti. Cumhurba\u015fkanl\u0131\u011f\u0131 se\u00e7imlerine gelince, Millet \u0130ttifak\u0131 olarak kazanaca\u011f\u0131m\u0131za inan\u0131yorduk. Sadece biz de\u011fil, Saray ve \u00e7evresi de kaybedece\u011fini ilk kez d\u00fc\u015f\u00fcnmeye ve yazmaya ba\u015flam\u0131\u015ft\u0131. O kadar ki Cumhur \u0130ttifak\u0131 kazanmak i\u00e7in ahlaki me\u015fruiyetin d\u0131\u015f\u0131na \u00e7\u0131kt\u0131 ve sahte videolar ve yalanlarla iktidar\u0131n\u0131 korumaya \u00e7al\u0131\u015ft\u0131. Ben sonu\u00e7lar\u0131n sa\u011fl\u0131kl\u0131 ve verilere dayal\u0131 bir analizinin bizim entelekt\u00fcel camia taraf\u0131ndan da yeterince ele al\u0131nd\u0131\u011f\u0131n\u0131 ve de\u011ferlendirildi\u011fini d\u00fc\u015f\u00fcnm\u00fcyorum. B\u00fct\u00fcn verileri ele al\u0131p, o \u00e7er\u00e7evede bir de\u011ferlendirme yap\u0131labilseydi bence \u00e7ok daha iyi olurdu. Ki\u015fisel baza indirgeyip; &#8216;Kazand\u0131 veya kazanmad\u0131&#8217;, &#8216;yenildi&#8217; veya &#8216;yenilmedi&#8217; \u015feklindeki bir tart\u0131\u015fmay\u0131 s\u00fcrd\u00fcrmeyi \u00e7ok do\u011fru bulmuyorum&#8230; Ku\u015fkusuz bunlar\u0131 &#8216;tart\u0131\u015f\u0131lmas\u0131n&#8217; anlam\u0131nda s\u00f6ylemiyorum. Ama tart\u0131\u015fmalar\u0131n veriye dayal\u0131 yap\u0131lmas\u0131 bizim de eksikliklerimizi g\u00f6rme olana\u011f\u0131 sa\u011flar. Ayr\u0131ca bu s\u00f6ylemlerim, bizim ara\u015ft\u0131rma yapmad\u0131\u011f\u0131m\u0131z \u015feklinde de yorumlanmas\u0131 Biz de dersimize olabildi\u011fince \u00e7al\u0131\u015ft\u0131k ve \u00e7al\u0131\u015fmaya da devam ediyoruz&#8221; dedi.<\/p>\n<p><b>&#8220;ASLOLAN HER PART\u0130N\u0130N BA\u011eIMSIZ OLARAK SE\u00c7\u0130MLERE G\u0130RMES\u0130D\u0130R&#8221;<\/b><\/p>\n<p>K\u0131l\u0131\u00e7daro\u011flu, MHP Genel Ba\u015fkan\u0131 Devlet Bah\u00e7eli&#8217;nin yerel se\u00e7imler \u00f6ncesinde \u0130Y\u0130 Parti&#8217;ye y\u00f6nelik ittifak \u00e7a\u011fr\u0131s\u0131na da dikkat \u00e7ekici bir yorumda bulundu. K\u0131l\u0131\u00e7daro\u011flu, T24&#8217;e yapt\u0131\u011f\u0131 a\u00e7\u0131klamada &#8220;\u0130ttifak se\u00e7im s\u00fcre\u00e7lerinde oluyor, \u015fu anda da bir se\u00e7im s\u00fcreci yok zaten. Dolay\u0131s\u0131yla da bir ittifak da s\u00f6z konusu de\u011fil. Zaman zaman partiler kendi g\u00f6r\u00fc\u015flerini aktar\u0131yorlar. Aslolan, her partinin ba\u011f\u0131ms\u0131z se\u00e7imlere girmesidir. Ancak T\u00fcrkiye&#8217;nin ko\u015fullar\u0131 dikkate al\u0131nd\u0131\u011f\u0131nda yeri geldi\u011finde ittifaklar yap\u0131labiliyor. Bu yerel se\u00e7imlerde de yap\u0131labiliyor, cumhurba\u015fkanl\u0131\u011f\u0131 se\u00e7iminde de. Ko\u015fullar de\u011fi\u015fince, siyaset tabii ki o de\u011fi\u015fen ko\u015fullara ayak uydurmak zorundad\u0131r&#8221; ifadelerini kulland\u0131.<\/p>\n","protected":false},"excerpt":{"rendered":"<p>CHP Genel Ba\u015fkan\u0131 Kemal K\u0131l\u0131\u00e7daro\u011flu, MHP lideri Devlet Bah\u00e7eli&#8217;nin se\u00e7imler \u00f6ncesi \u0130Y\u0130 Parti&#8217;ye yapt\u0131\u011f\u0131 ittifak \u00e7a\u011fr\u0131s\u0131yla ilgili konu\u015ftu. K\u0131l\u0131\u00e7daro\u011flu, &#8220;Aslolan, her partinin ba\u011f\u0131ms\u0131z se\u00e7imlere girmesidir. Ancak T\u00fcrkiye&#8217;nin ko\u015fullar\u0131 dikkate al\u0131nd\u0131\u011f\u0131nda yeri geldi\u011finde ittifaklar yap\u0131labiliyor. Ko\u015fullar de\u011fi\u015fince, siyaset tabii ki o de\u011fi\u015fen ko\u015fullara ayak uydurmak zorundad\u0131r&#8221; dedi.<\/p>\n","protected":false},"author":1,"featured_media":112494,"comment_status":"closed","ping_status":"open","sticky":false,"template":"","format":"standard","meta":{"footnotes":""},"categories":[28],"tags":[4618,484,442,320,5074],"class_list":["post-112493","post","type-post","status-publish","format-standard","has-post-thumbnail","hentry","category-politika","tag-ittifak","tag-millet","tag-parti","tag-secim","tag-secimler"],"_links":{"self":[{"href":"https:\/\/haberulus.net\/index.php?rest_route=\/wp\/v2\/posts\/112493","targetHints":{"allow":["GET"]}}],"collection":[{"href":"https:\/\/haberulus.net\/index.php?rest_route=\/wp\/v2\/posts"}],"about":[{"href":"https:\/\/haberulus.net\/index.php?rest_route=\/wp\/v2\/types\/post"}],"author":[{"embeddable":true,"href":"https:\/\/haberulus.net\/index.php?rest_route=\/wp\/v2\/users\/1"}],"replies":[{"embeddable":true,"href":"https:\/\/haberulus.net\/index.php?rest_route=%2Fwp%2Fv2%2Fcomments&post=112493"}],"version-history":[{"count":1,"href":"https:\/\/haberulus.net\/index.php?rest_route=\/wp\/v2\/posts\/112493\/revisions"}],"predecessor-version":[{"id":112495,"href":"https:\/\/haberulus.net\/index.php?rest_route=\/wp\/v2\/posts\/112493\/revisions\/112495"}],"wp:featuredmedia":[{"embeddable":true,"href":"https:\/\/haberulus.net\/index.php?rest_route=\/wp\/v2\/media\/112494"}],"wp:attachment":[{"href":"https:\/\/haberulus.net\/index.php?rest_route=%2Fwp%2Fv2%2Fmedia&parent=112493"}],"wp:term":[{"taxonomy":"category","embeddable":true,"href":"https:\/\/haberulus.net\/index.php?rest_route=%2Fwp%2Fv2%2Fcategories&post=112493"},{"taxonomy":"post_tag","embeddable":true,"href":"https:\/\/haberulus.net\/index.php?rest_route=%2Fwp%2Fv2%2Ftags&post=112493"}],"curies":[{"name":"wp","href":"https:\/\/api.w.org\/{rel}","templated":true}]}}