{"id":112565,"date":"2023-08-14T09:21:04","date_gmt":"2023-08-14T09:21:04","guid":{"rendered":"https:\/\/haberulus.net\/?p=112565"},"modified":"2023-08-14T09:21:04","modified_gmt":"2023-08-14T09:21:04","slug":"ticaret-bakanligindan-piyasa-bozucu-ithalat-tedbirlerine-yonelik-aciklama","status":"publish","type":"post","link":"https:\/\/haberulus.net\/?p=112565","title":{"rendered":"Ticaret Bakanl\u0131\u011f\u0131\u2019ndan piyasa bozucu ithalat tedbirlerine y\u00f6nelik a\u00e7\u0131klama"},"content":{"rendered":"<p>Ticaret Bakanl\u0131\u011f\u0131, piyasa bozucu haks\u0131z ve dampingli ithalata kar\u015f\u0131 yerli \u00fcreticileri korumak i\u00e7in 9 korunma tedbirinin y\u00fcr\u00fcrl\u00fckte oldu\u011funu belirterek, bu tedbirlerle ge\u00e7en y\u0131l yakla\u015f\u0131k 800 milyon dolarl\u0131k ithalata etkide bulunuldu\u011funu bildirdi.<\/p>\n<p>Bakanl\u0131ktan yap\u0131lan yaz\u0131l\u0131 a\u00e7\u0131klamada, yerli \u00fcretimi ve istihdam\u0131 art\u0131rma hedeflerine y\u00f6nelik politikalar\u0131n etkin \u015fekilde uygulanmas\u0131na devam edildi\u011fine dikkat \u00e7ekildi.<\/p>\n<p>Yerli \u00fcreticilerin, ithalat kaynakl\u0131 dampingli veya men\u015fe sapt\u0131rmal\u0131 haks\u0131z rekabete kar\u015f\u0131 korunmas\u0131n\u0131n, \u00fcretim hedefli politikalar\u0131n en \u00f6nemli sacayaklar\u0131ndan birini olu\u015fturdu\u011fu ifade edilen a\u00e7\u0131klamada, \u201cUluslararas\u0131 d\u0131\u015f ticaret kurallar\u0131na ayk\u0131r\u0131 olarak men\u015fe ve tarife sapt\u0131rmalar\u0131 maalesef aktif olarak kullan\u0131lmaktad\u0131r. T\u00fcrkiye, yerli \u00fcreticilerini ithalat kaynakl\u0131 haks\u0131z uygulamalara ve tehditlere kar\u015f\u0131 ticaret politikas\u0131 savunma ara\u00e7lar\u0131 ile koruyan \u00fclkeler aras\u0131nda yer almaktad\u0131r. \u0130thalat\u0131m\u0131z\u0131n y\u00fczde 88\u2019lik k\u0131sm\u0131 ham madde ve yat\u0131r\u0131m mal\u0131ndan olu\u015fmaktad\u0131r\u201d de\u011ferlendirmesinde bulunuldu.<\/p>\n<p>A\u00e7\u0131klamada, anti-damping tedbirleri \u00e7er\u00e7evesinde, 1995\u2019ten bu yana, D\u00fcnya Ticaret \u00d6rg\u00fct\u00fc (DT\u00d6) kurallar\u0131na uygun olarak toplam 204 tedbir al\u0131nd\u0131\u011f\u0131 belirtilerek, T\u00fcrkiye\u2019de halihaz\u0131rda 126 anti-damping ve anti-s\u00fcbvansiyon tedbirinin y\u00fcr\u00fcrl\u00fckte oldu\u011fu bildirildi.<\/p>\n<p><b>\u2018EKONOM\u0130K B\u00dcY\u00dcMEYE \u00d6NCEL\u0130K VER\u0130LMEKTE\u2019<\/b><\/p>\n<p>2022\u2019deki ithalat\u0131n 4 milyar dolarl\u0131k b\u00f6l\u00fcm\u00fcn\u00fcn tedbirlere tabi oldu\u011funa i\u015faret edilen a\u00e7\u0131klamada, \u015fu bilgiler payla\u015f\u0131ld\u0131:<\/p>\n<p>\u201cAnl\u0131k olarak 11 \u00fclke men\u015feli 12 \u00fcr\u00fcn grubunda ise soru\u015fturmalar\u0131m\u0131z devam etmektedir. Halihaz\u0131rda 9 adet korunma tedbiri y\u00fcr\u00fcrl\u00fckte olup, bu tedbirler 2022\u2019de yakla\u015f\u0131k 800 milyon dolarl\u0131k ithalata etkide bulundu. Yerli \u00fcreticilerimizi koruma alt\u0131na alarak \u00fclkemizdeki istihdam\u0131n ve \u00fcretimin art\u0131\u015f\u0131na \u00f6ncelik verilmektedir.<\/p>\n<p>Di\u011fer taraftan, Ticaret Bakanl\u0131\u011f\u0131 olarak, \u00fclkemiz men\u015feli \u00fcr\u00fcnlere kar\u015f\u0131 di\u011fer \u00fclkelerce y\u00fcr\u00fct\u00fclen ticaret politikas\u0131 savunma ara\u00e7lar\u0131 soru\u015fturmalar\u0131nda, \u00fclkemiz ve ihracat\u00e7\u0131lar\u0131m\u0131z\u0131n haklar\u0131 ilgili \u00fclke makamlar\u0131 nezdinde ve uluslararas\u0131 platformlarda etkin \u015fekilde savunularak ihracat pazarlar\u0131na engelsiz eri\u015fimleri sa\u011flanmaktad\u0131r.<\/p>\n<p>\u0130hracat, ithalat, \u00fcretim ve istihdam d\u00fczleminde, b\u00fcy\u00fcmenin \u00f6nc\u00fc g\u00f6stergelerinden ihracat rakamlar\u0131m\u0131z yan\u0131nda \u00fcretim temelli ithalat uygulamam\u0131zla \u00fclke ekonomisinin b\u00fcy\u00fcmesine, geli\u015fmesine ve toplumsal refaha \u00f6ncelik verilmektedir.\u201d\u200b\u200b\u200b\u200b\u200b\u200b\u200b (AA)<\/p>\n","protected":false},"excerpt":{"rendered":"<p>Ticaret Bakanl\u0131\u011f\u0131 piyasa bozucu ithalata kar\u015f\u0131 uygulanan tedbirler hakk\u0131nda yapt\u0131\u011f\u0131 a\u00e7\u0131klamada &#8220;Halihaz\u0131rda 9 adet korunma tedbiri y\u00fcr\u00fcrl\u00fckte olup, bu tedbirler 2022&#8217;de yakla\u015f\u0131k 800 milyon dolarl\u0131k ithalata etkide bulundu&#8221; ifadelerine yer verdi.<\/p>\n","protected":false},"author":1,"featured_media":112566,"comment_status":"closed","ping_status":"open","sticky":false,"template":"","format":"standard","meta":{"footnotes":""},"categories":[25],"tags":[56,2641,1483,160,628],"class_list":["post-112565","post","type-post","status-publish","format-standard","has-post-thumbnail","hentry","category-ekonomi","tag-ithalat","tag-tedbir","tag-ticaret","tag-ulke","tag-uretim"],"_links":{"self":[{"href":"https:\/\/haberulus.net\/index.php?rest_route=\/wp\/v2\/posts\/112565","targetHints":{"allow":["GET"]}}],"collection":[{"href":"https:\/\/haberulus.net\/index.php?rest_route=\/wp\/v2\/posts"}],"about":[{"href":"https:\/\/haberulus.net\/index.php?rest_route=\/wp\/v2\/types\/post"}],"author":[{"embeddable":true,"href":"https:\/\/haberulus.net\/index.php?rest_route=\/wp\/v2\/users\/1"}],"replies":[{"embeddable":true,"href":"https:\/\/haberulus.net\/index.php?rest_route=%2Fwp%2Fv2%2Fcomments&post=112565"}],"version-history":[{"count":1,"href":"https:\/\/haberulus.net\/index.php?rest_route=\/wp\/v2\/posts\/112565\/revisions"}],"predecessor-version":[{"id":112567,"href":"https:\/\/haberulus.net\/index.php?rest_route=\/wp\/v2\/posts\/112565\/revisions\/112567"}],"wp:featuredmedia":[{"embeddable":true,"href":"https:\/\/haberulus.net\/index.php?rest_route=\/wp\/v2\/media\/112566"}],"wp:attachment":[{"href":"https:\/\/haberulus.net\/index.php?rest_route=%2Fwp%2Fv2%2Fmedia&parent=112565"}],"wp:term":[{"taxonomy":"category","embeddable":true,"href":"https:\/\/haberulus.net\/index.php?rest_route=%2Fwp%2Fv2%2Fcategories&post=112565"},{"taxonomy":"post_tag","embeddable":true,"href":"https:\/\/haberulus.net\/index.php?rest_route=%2Fwp%2Fv2%2Ftags&post=112565"}],"curies":[{"name":"wp","href":"https:\/\/api.w.org\/{rel}","templated":true}]}}