{"id":112568,"date":"2023-08-14T09:21:05","date_gmt":"2023-08-14T09:21:05","guid":{"rendered":"https:\/\/haberulus.net\/?p=112568"},"modified":"2023-08-14T09:21:05","modified_gmt":"2023-08-14T09:21:05","slug":"iztuzu-plajinda-caretta-caretta-yavrulari-denizle-bulusuyor","status":"publish","type":"post","link":"https:\/\/haberulus.net\/?p=112568","title":{"rendered":"\u0130ztuzu Plaj\u0131\u2019nda caretta caretta yavrular\u0131 denizle bulu\u015fuyor"},"content":{"rendered":"<p>Ortaca il\u00e7esi Dalyan Mahallesi\u2019nde bulunan d\u00fcnyada en iyi korunan plajlar aras\u0131nda g\u00f6sterilen ve caretta carettalar\u0131n \u00f6nemli \u00fcreme alanlar\u0131 aras\u0131nda yer alan \u0130ztuzu Plaj\u0131, g\u00fcnd\u00fcz turistlere gece de nesli t\u00fckenme tehlikesi alt\u0131ndaki caretta carettalara ev sahipli\u011fi yap\u0131yor.<\/p>\n<p>6 kilometrelik kumsala sahip \u0130ztuzu\u2019na gelen yerli ve yabanc\u0131 ziyaret\u00e7iler plaj\u0131 08.00-20.00 saatleri aras\u0131nda kullanabiliyor. Saat 20.00\u2019den sonra kumsal, g\u00f6revlilerin misafirleri bo\u015faltmas\u0131yla caretta carettalar\u0131n kullan\u0131m\u0131na b\u0131rak\u0131l\u0131yor.<\/p>\n<p>\u00c7evre \u015eehircilik ve \u0130klim De\u011fi\u015fikli\u011fi Bakanl\u0131\u011f\u0131 Tabiat Varl\u0131klar\u0131n\u0131 Koruma Genel M\u00fcd\u00fcrl\u00fc\u011f\u00fc taraf\u0131ndan y\u00fcr\u00fct\u00fclen proje kapsam\u0131nda, Deniz Kaplumba\u011falar\u0131 Rehabilitasyon ve Bak\u0131m Merkezi (DEKAMER) g\u00f6revlileri, kumsalda kulu\u00e7ka d\u00f6neminden yavrular\u0131n denizle bulu\u015ftu\u011fu ana kadar \u00e7al\u0131\u015fma y\u00fcr\u00fct\u00fcyor.<\/p>\n<p><img decoding=\"async\" src=\"https:\/\/i01.sozcucdn.com\/wp-content\/uploads\/2023\/08\/14\/resim4_23530379.jpg\" alt=\"\" title=\"\"><\/p>\n<p>Kulu\u00e7ka d\u00f6nemlerini tamamlayarak kabuklar\u0131ndan kurtulan yavrular, kumu kazarak y\u00fczeye \u00e7\u0131k\u0131yor.<\/p>\n<p>Denize 5 ila 50 metre uzakl\u0131ktaki yuvalar\u0131ndan ayr\u0131lan yavrular, tilki, yenge\u00e7 ve y\u0131rt\u0131c\u0131 ku\u015flara yem olma riskine ra\u011fmen ya\u015fam alanlar\u0131 suya do\u011fru yola \u00e7\u0131k\u0131yor.<\/p>\n<p>Kulu\u00e7ka d\u00f6nemini tamamlayan yavru caretta carettalar, denize do\u011fru yola \u00e7\u0131karken, ba\u015far\u0131l\u0131 olamayan yavrulara ise DEKAMER\u2019de g\u00f6rev yapan \u00f6\u011frenciler yard\u0131mc\u0131 oluyor.<\/p>\n<p><img decoding=\"async\" src=\"https:\/\/i01.sozcucdn.com\/wp-content\/uploads\/2023\/08\/14\/resim1_23530383.jpg\" alt=\"\" title=\"\"><\/p>\n<p><strong>\u201c\u0130ztuzu Plaj\u0131nda carettalar bu y\u0131l 720\u2019yi a\u015fk\u0131n yuva yapt\u0131\u201d<\/strong><\/p>\n<p>DEKAMER M\u00fcd\u00fcr\u00fc ve Pamukkale \u00dcniversitesi Fen Fak\u00fcltesi Dekan\u0131 Prof. Dr. Yakup Kaska, \u0130ztuzu kumsal\u0131n\u0131n deniz kaplumba\u011falar\u0131n\u0131n en iyi \u00fcreme sahalar\u0131ndan oldu\u011funu s\u00f6yledi.<\/p>\n<p>\u0130ztuzu\u2019nda yumurtalardan yavru \u00e7\u0131k\u0131\u015flar\u0131n\u0131n devam etti\u011fini belirten Kaska, \u201cCarettalar do\u011fdu\u011fu kumsala iki hafta arayla yuva yap\u0131yor. May\u0131s ay\u0131nda ba\u015flayan yuvalama bug\u00fcnlere kadar devam etti. Kumsalda \u015fu ana kadar 720\u2019yi a\u015fk\u0131n yuvam\u0131z oldu.<\/p>\n<p>Bu yuvalardan yavru \u00e7\u0131k\u0131\u015flar\u0131 da \u00e7ok h\u0131zl\u0131 bir \u015fekilde devam ediyor. Bir yuvadan ortalama 70 civar\u0131nda yavru denize gidiyor. Bu y\u0131l da 40 ila 50 bin civar\u0131nda yavrunun denize gitmesini bekliyoruz\u201d dedi.<\/p>\n<p><img decoding=\"async\" src=\"https:\/\/i01.sozcucdn.com\/wp-content\/uploads\/2023\/08\/14\/resim2_23530382.jpg\" alt=\"\" title=\"\"><\/p>\n<p>Denizle bulu\u015fan yavrular\u0131n 25-30 y\u0131l sonra anne olarak kumsala geri d\u00f6neceklerini hat\u0131rlatan Kaska, denizle bulu\u015fan bin yavrudan da sadece bir tanesinin anne olabildi\u011fini kaydetti.<\/p>\n<p>\u0130ztuzu kumsal\u0131nda koruma \u00e7al\u0131\u015fmalar\u0131n\u0131n b\u00fcy\u00fck \u00f6nem arz etti\u011fine vurgu yapan Kaska, \u201cBuras\u0131 sadece T\u00fcrkiye i\u00e7in de\u011fil Akdeniz ve d\u00fcnya i\u00e7in de \u00e7ok \u00f6nemli. G\u00fcnd\u00fczleri insanlar\u0131n denize girebildi\u011fi, geceleri kaplumba\u011falar\u0131n yuvalar\u0131n\u0131 yapabildi\u011fi d\u00fcnyada \u00f6rnek g\u00f6sterilen, Avrupa\u2019n\u0131n da en iyi a\u00e7\u0131k korunan alan\u0131\u201d diye konu\u015ftu.<\/p>\n<p>Merkezde d\u00fcnyan\u0131n hemen hemen her yerinden g\u00f6n\u00fcll\u00fclerin g\u00f6rev ald\u0131\u011f\u0131na vurgu yapan Kaska, kumsalda yap\u0131lan yuvalar\u0131n kafeslenmesi, kay\u0131tlar\u0131n\u0131n tutulmas\u0131, yavru \u00e7\u0131k\u0131\u015flar\u0131n\u0131n takibi ve kay\u0131tlar\u0131n\u0131n tutulmas\u0131nda g\u00f6n\u00fcll\u00fclerin g\u00f6rev ald\u0131\u011f\u0131n\u0131 dile getirdi.<\/p>\n<p>Kaska, merkezde 150 civar\u0131nda g\u00f6n\u00fcll\u00fc bulundu\u011funu ve bunun 30\u2019unun d\u00fcnyan\u0131n bir \u00e7ok \u00fclkesinden gelerek \u00e7al\u0131\u015fmalara katk\u0131 sundu\u011funu ifade etti.<\/p>\n<p>Mu\u011fla \u00c7evre \u015eehircilik ve \u0130klim De\u011fi\u015fikli\u011fi M\u00fcd\u00fcr\u00fc \u00d6mer Bolat da m\u00fcd\u00fcrl\u00fck \u00e7al\u0131\u015fanlar\u0131 ve aileleri ile kumsala gelerek gece boyunca y\u00fcr\u00fct\u00fclen \u00e7al\u0131\u015fmalara kat\u0131ld\u0131. <strong>(AA)<\/strong><\/p>\n","protected":false},"excerpt":{"rendered":"<p>Mu\u011fla&#8217;da&#8217;ki \u0130ztuzu Plaj\u0131&#8217;nda kulu\u00e7ka d\u00f6nemini tamamlayan caretta caretta yavrular\u0131 denizle bulu\u015fuyor.<\/p>\n","protected":false},"author":1,"featured_media":112569,"comment_status":"closed","ping_status":"open","sticky":false,"template":"","format":"standard","meta":{"footnotes":""},"categories":[33],"tags":[2619,527,13347,1419,1268],"class_list":["post-112568","post","type-post","status-publish","format-standard","has-post-thumbnail","hentry","category-yasam","tag-caretta","tag-deniz","tag-iztuzu","tag-yavru","tag-yuva"],"_links":{"self":[{"href":"https:\/\/haberulus.net\/index.php?rest_route=\/wp\/v2\/posts\/112568","targetHints":{"allow":["GET"]}}],"collection":[{"href":"https:\/\/haberulus.net\/index.php?rest_route=\/wp\/v2\/posts"}],"about":[{"href":"https:\/\/haberulus.net\/index.php?rest_route=\/wp\/v2\/types\/post"}],"author":[{"embeddable":true,"href":"https:\/\/haberulus.net\/index.php?rest_route=\/wp\/v2\/users\/1"}],"replies":[{"embeddable":true,"href":"https:\/\/haberulus.net\/index.php?rest_route=%2Fwp%2Fv2%2Fcomments&post=112568"}],"version-history":[{"count":1,"href":"https:\/\/haberulus.net\/index.php?rest_route=\/wp\/v2\/posts\/112568\/revisions"}],"predecessor-version":[{"id":112570,"href":"https:\/\/haberulus.net\/index.php?rest_route=\/wp\/v2\/posts\/112568\/revisions\/112570"}],"wp:featuredmedia":[{"embeddable":true,"href":"https:\/\/haberulus.net\/index.php?rest_route=\/wp\/v2\/media\/112569"}],"wp:attachment":[{"href":"https:\/\/haberulus.net\/index.php?rest_route=%2Fwp%2Fv2%2Fmedia&parent=112568"}],"wp:term":[{"taxonomy":"category","embeddable":true,"href":"https:\/\/haberulus.net\/index.php?rest_route=%2Fwp%2Fv2%2Fcategories&post=112568"},{"taxonomy":"post_tag","embeddable":true,"href":"https:\/\/haberulus.net\/index.php?rest_route=%2Fwp%2Fv2%2Ftags&post=112568"}],"curies":[{"name":"wp","href":"https:\/\/api.w.org\/{rel}","templated":true}]}}