{"id":112589,"date":"2023-08-14T09:51:04","date_gmt":"2023-08-14T09:51:04","guid":{"rendered":"https:\/\/haberulus.net\/?p=112589"},"modified":"2023-08-14T09:51:04","modified_gmt":"2023-08-14T09:51:04","slug":"dunya-sampiyonu-hamza-varol-ailesine-destek-olmak-icin-ciraklik-yapiyor","status":"publish","type":"post","link":"https:\/\/haberulus.net\/?p=112589","title":{"rendered":"D\u00fcnya \u015fampiyonu Hamza Varol, ailesine destek olmak i\u00e7in \u00e7\u0131rakl\u0131k yap\u0131yor"},"content":{"rendered":"<p>Hamza Varol \u00e7ocukluk y\u0131llar\u0131ndan beri yapt\u0131\u011f\u0131 y\u00fczme sporunda iki y\u0131l \u00f6nce serbest dal\u0131\u015f bran\u015f\u0131na y\u00f6neldi. Varol, k\u0131sa s\u00fcrede milli tak\u0131m\u0131 se\u00e7ilerek T\u00fcrkiye\u2019de kat\u0131ld\u0131\u011f\u0131 \u015fampiyonlarda iki alt\u0131n, iki g\u00fcm\u00fc\u015f madalya kazand\u0131.<\/p>\n<p>Varol, ge\u00e7en y\u0131l haziran ay\u0131nda da S\u0131rbistan\u2019da d\u00fczenlenen Serbest Dal\u0131\u015f Havuz Gen\u00e7ler D\u00fcnya \u015eampiyonas\u0131\u2019nda farkl\u0131 kategorilerde iki alt\u0131n, \u00fc\u00e7 g\u00fcm\u00fc\u015f madalyan\u0131n sahibi oldu.<\/p>\n<p>Bug\u00fcne kadar su alt\u0131 bran\u015f\u0131nda dokuz madalyaya ula\u015fan gen\u00e7 sporcu, uluslararas\u0131 yar\u0131\u015fmalarda derecelerine yenilerini eklemek istiyor.<\/p>\n<p><img decoding=\"async\" src=\"https:\/\/i01.sozcucdn.com\/wp-content\/uploads\/2023\/08\/14\/hamza2.1_23530462.jpg\" alt=\"\" title=\"\"><\/p>\n<p><strong>\u201cBABAMA Y\u00dcK OLMAMAK \u0130\u00c7\u0130N \u00c7IRAKLIK YAPIYORUM\u201d<\/strong><\/p>\n<p>Annesi ev kad\u0131n\u0131, babas\u0131 ise bir fabrikada \u00e7al\u0131\u015fan Hamza Varol, girdi\u011fi \u00fcniversite s\u0131nav\u0131n\u0131n ard\u0131ndan yapt\u0131\u011f\u0131 tercihin sonucunu bekliyor.<\/p>\n<p>Hamza Varol, yaz tatilinde de yapt\u0131\u011f\u0131 sporun malzemeleri pahal\u0131 oldu\u011fu i\u00e7in ailesine y\u00fck olmamak i\u00e7in sanayi sitesinde bir oto tamircisinde \u00e7al\u0131\u015f\u0131yor.<\/p>\n<p>Her g\u00fcn saat 08.30\u2019da i\u015fe ba\u015flayan Varol, saat 17.30\u2019da i\u015ften \u00e7\u0131kt\u0131ktan sonra havuza gidip antrenmanlar\u0131n\u0131 yap\u0131yor.<\/p>\n<p>Babas\u0131na y\u00fck olmak istemedi\u011fini belirten Varol, \u201cPandemiden sonra serbest dal\u0131\u015f bran\u015f\u0131na ba\u015flamaya karar verdim. Hem v\u00fccuduma olan adapteyi, sakinli\u011fimi bu sporda konu\u015fturabilece\u011fimi d\u00fc\u015f\u00fcnd\u00fcm. Ard\u0131ndan \u015fampiyonluklardan sonra bu yaz g\u00fcn i\u00e7erisinde \u00e7ok bo\u015f kald\u0131\u011f\u0131m\u0131 fark ettim. Bunu nas\u0131l de\u011ferlendirebilirim diye d\u00fc\u015f\u00fcnd\u00fckten sonra Faik ustan\u0131n yan\u0131na \u00e7\u0131rak olmaya karar verdim. Bu \u00e7\u0131rakl\u0131\u011f\u0131n hikayesi de hem benim arabalara olan merak\u0131m, hem de biz \u00fc\u00e7 karde\u015f oldu\u011fumuzdan dolay\u0131 ve bizim sporumuz \u00e7ok pahal\u0131 oldu\u011fundan babama y\u00fck olmak istemedim. Ben hem burada \u00e7al\u0131\u015farak i\u015fi \u00f6\u011freniyorum, kendi har\u00e7l\u0131\u011f\u0131m\u0131 \u00e7\u0131kart\u0131yorum. Sonras\u0131nda istedi\u011fim ekipmanlar\u0131 yava\u015f yava\u015f bu har\u00e7l\u0131kla beraber toparlamaya ba\u015flayaca\u011f\u0131m. Kazand\u0131\u011f\u0131m para haftada bin lira civar\u0131 oluyor\u201d dedi.<\/p>\n<p><img decoding=\"async\" src=\"https:\/\/i01.sozcucdn.com\/wp-content\/uploads\/2023\/08\/14\/hamza4.1_23530459.jpg\" alt=\"\" title=\"\"><\/p>\n<p>Hamza Varol, \u201cT\u00fcrkiye \u015fampiyonas\u0131nda bir \u00f6nceki sene iki tane T\u00fcrkiye ikincili\u011fi, iki tane T\u00fcrkiye birincili\u011fi alm\u0131\u015ft\u0131m. Ard\u0131ndan milli tak\u0131ma se\u00e7ildikten sonra iki tane d\u00fcnya birincili\u011fi, \u00fc\u00e7 tane d\u00fcnya ikincili\u011fi alm\u0131\u015ft\u0131m. Ondan sonra bu sene d\u00fczenlenen T\u00fcrkiye \u015fampiyonas\u0131nda bir T\u00fcrkiye ikincili\u011fi, \u00fc\u00e7 T\u00fcrkiye \u00fc\u00e7\u00fcnc\u00fcl\u00fc\u011f\u00fc ald\u0131ktan sonra A milli tak\u0131m baraj\u0131n\u0131 ge\u00e7tim fakat beni milli tak\u0131ma se\u00e7mediler. Hedefim bu sene T\u00fcrkiye \u015fampiyonas\u0131nda birincilikten d\u00fc\u015fmemek ve tekrardan milli tak\u0131ma se\u00e7ilerek d\u00fcnyada da ilk on i\u00e7erisine girebilmek\u201d diye konu\u015ftu.<\/p>\n<p><img decoding=\"async\" src=\"https:\/\/i01.sozcucdn.com\/wp-content\/uploads\/2023\/08\/14\/hamza3.1_23530461.jpg\" alt=\"\" title=\"\"><\/p>\n<p>Hamza Varol\u2019un i\u015f yerindeki ustas\u0131 Faik Yi\u011fit de \u201cHamza ile a\u011fabeyi, babas\u0131n\u0131n ara\u00e7lar\u0131n\u0131 bak\u0131ma getirdiler. Hamza bu i\u015flere \u00e7ok merakl\u0131 oldu\u011funu, \u2018bu i\u015fi bana \u00f6\u011fretir misiniz\u2019 dedi ve \u00f6yle ba\u015flad\u0131 hikaye. Biz de \u2018olur yard\u0131mc\u0131 oluruz\u2019 dedik. Babas\u0131n\u0131n da m\u00fcsaadesi ile yan\u0131m\u0131za gelmeye ba\u015flad\u0131. Biz de ona elimizden geldi\u011fince \u00f6\u011fretmeye \u00e7al\u0131\u015f\u0131yoruz. D\u00fcnya \u015fampiyonu oldu\u011funu \u00f6\u011frendik. O ayr\u0131 bir mutluluk oldu bizim i\u00e7in. Sonra sporunun \u00e7ok pahal\u0131 oldu\u011funu, yeti\u015femedi\u011fini s\u00f6yledi. Biz de ona destek olmaya ba\u015flad\u0131k, ak\u015famlar\u0131 biraz erken \u00e7\u0131k\u0131yor\u201d ifadelerini kulland\u0131. (DHA)<\/p>\n","protected":false},"excerpt":{"rendered":"<p>Tekirda\u011f&#8217;da y\u00fczme sporunda kat\u0131ld\u0131\u011f\u0131 yar\u0131\u015fmalarda serbest dal\u0131\u015fta ikisi d\u00fcnya \u015fampiyonlu\u011fu, dokuz madalya kazanan milli sporcu Hamza Varol (17), ailesine y\u00fck olmamak i\u00e7in bo\u015f zamanlar\u0131nda oto tamirhanede \u00e7\u0131rakl\u0131k yap\u0131yor.\u00a0<\/p>\n","protected":false},"author":1,"featured_media":112590,"comment_status":"closed","ping_status":"open","sticky":false,"template":"","format":"standard","meta":{"footnotes":""},"categories":[33],"tags":[141,83,4138,15],"class_list":["post-112589","post","type-post","status-publish","format-standard","has-post-thumbnail","hentry","category-yasam","tag-dunya","tag-is","tag-milli-takim","tag-turkiye"],"_links":{"self":[{"href":"https:\/\/haberulus.net\/index.php?rest_route=\/wp\/v2\/posts\/112589","targetHints":{"allow":["GET"]}}],"collection":[{"href":"https:\/\/haberulus.net\/index.php?rest_route=\/wp\/v2\/posts"}],"about":[{"href":"https:\/\/haberulus.net\/index.php?rest_route=\/wp\/v2\/types\/post"}],"author":[{"embeddable":true,"href":"https:\/\/haberulus.net\/index.php?rest_route=\/wp\/v2\/users\/1"}],"replies":[{"embeddable":true,"href":"https:\/\/haberulus.net\/index.php?rest_route=%2Fwp%2Fv2%2Fcomments&post=112589"}],"version-history":[{"count":1,"href":"https:\/\/haberulus.net\/index.php?rest_route=\/wp\/v2\/posts\/112589\/revisions"}],"predecessor-version":[{"id":112591,"href":"https:\/\/haberulus.net\/index.php?rest_route=\/wp\/v2\/posts\/112589\/revisions\/112591"}],"wp:featuredmedia":[{"embeddable":true,"href":"https:\/\/haberulus.net\/index.php?rest_route=\/wp\/v2\/media\/112590"}],"wp:attachment":[{"href":"https:\/\/haberulus.net\/index.php?rest_route=%2Fwp%2Fv2%2Fmedia&parent=112589"}],"wp:term":[{"taxonomy":"category","embeddable":true,"href":"https:\/\/haberulus.net\/index.php?rest_route=%2Fwp%2Fv2%2Fcategories&post=112589"},{"taxonomy":"post_tag","embeddable":true,"href":"https:\/\/haberulus.net\/index.php?rest_route=%2Fwp%2Fv2%2Ftags&post=112589"}],"curies":[{"name":"wp","href":"https:\/\/api.w.org\/{rel}","templated":true}]}}