{"id":112604,"date":"2023-08-14T10:07:06","date_gmt":"2023-08-14T10:07:06","guid":{"rendered":"https:\/\/haberulus.net\/?p=112604"},"modified":"2023-08-14T10:07:06","modified_gmt":"2023-08-14T10:07:06","slug":"tas-eserler-acik-hava-muzesi-acilis-icin-gun-sayiyor","status":"publish","type":"post","link":"https:\/\/haberulus.net\/?p=112604","title":{"rendered":"\u2018Ta\u015f Eserler A\u00e7\u0131k Hava M\u00fczesi\u2019 a\u00e7\u0131l\u0131\u015f i\u00e7in g\u00fcn say\u0131yor"},"content":{"rendered":"<p>\u00c7o\u011funlu\u011fu Aziziye il\u00e7esindeki arkeolojik kaz\u0131larda \u00e7\u0131kar\u0131lan ve 14. y\u00fczy\u0131l d\u00f6nemine ait oldu\u011fu de\u011ferlendirilen 500 ta\u015f eser, K\u00fclt\u00fcr ve Turizm Bakanl\u0131\u011f\u0131\u2019nca Aziziye Belediyesi\u2019ne tahsis edilen Yakutiye il\u00e7esindeki 7 d\u00f6n\u00fcml\u00fck alanda sergilenecek.<\/p>\n<p>Muratpa\u015fa Mahallesi Pa\u015falar Caddesi\u2019ndeki Aziziye Belediyesi Ta\u015f Eserler A\u00e7\u0131k Hava M\u00fczesi\u2019nde bir araya getirilen eserler aras\u0131nda ko\u00e7 ba\u015fl\u0131 ta\u015flar, sandukalar, manc\u0131n\u0131k g\u00fclleleri, mezar ta\u015flar\u0131, s\u00fctun kaideleri ile kitabeler yer al\u0131yor.<\/p>\n<p>Aziziye Belediye Ba\u015fkan\u0131 Muhammed Cevdet Orhan, m\u00fczenin, eserlerle ilgili ara\u015ft\u0131rma yapan uzman ki\u015fileri Erzurum\u2019a \u00e7ekece\u011fini s\u00f6yledi.<\/p>\n<p><img decoding=\"async\" src=\"https:\/\/i01.sozcucdn.com\/wp-content\/uploads\/2023\/08\/14\/resim7_23530703.jpg\" alt=\"\" title=\"\"><\/p>\n<p>A\u00e7\u0131k hava konseptinde yap\u0131lan m\u00fczenin b\u00fcy\u00fck b\u00f6l\u00fcm\u00fcn\u00fcn tamamland\u0131\u011f\u0131n\u0131 belirten Orhan, \u201cEserler aras\u0131nda Ermenilerin iddialar\u0131n\u0131 \u00e7\u00fcr\u00fctecek ta\u015flar ile buran\u0131n T\u00fcrk yurdu oldu\u011funu kan\u0131tlayan ta\u015flar var. Ta\u015flar i\u00e7in yap\u0131lacak kataloglarda eserlerin \u00f6zellikleri yazacak, bunlar\u0131 \u0130ngilizce ve \u00e7e\u015fitli dillere \u00e7evirip, di\u011fer \u00fclkelerin b\u00fcy\u00fckel\u00e7ilerine, konsolosluklar\u0131na g\u00f6nderece\u011fiz\u201d dedi.<\/p>\n<p>Orhan, m\u00fczede bulunan Mo\u011fol topunu Mo\u011folistan\u2019da ya\u015fayanlar\u0131n gelip, g\u00f6rmek isteyece\u011fini ve o ta\u015flara dokunup foto\u011fraf \u00e7ekilece\u011fini dile getirdi.<\/p>\n<p><img decoding=\"async\" src=\"https:\/\/i01.sozcucdn.com\/wp-content\/uploads\/2023\/08\/14\/resim3_23530819.jpg\" alt=\"\" title=\"\"><\/p>\n<p><strong>\u201cT\u00fcrkiye\u2019de bu boyutta eser say\u0131s\u0131na sahip a\u00e7\u0131k hava m\u00fczesi yok\u201d<\/strong><\/p>\n<p>Ta\u015f eserlerin kataloglar\u0131n\u0131 internet ortam\u0131 ve medya platformlar\u0131nda yay\u0131nlayacaklar\u0131n\u0131 anlatan Orhan, \u015f\u00f6yle devam etti:<\/p>\n<p>\u201cYurt d\u0131\u015f\u0131nda bunlarla ilgilenen kesimlerin haberdar olmas\u0131n\u0131 sa\u011flad\u0131\u011f\u0131m\u0131zda Erzurum\u2019a gelmek isteyecekler. M\u00fczemizin \u00fclkemizde ve d\u00fcnyada \u00e7e\u015fitli \u00f6rnekleri var ancak T\u00fcrkiye\u2019de bu boyutta eser say\u0131s\u0131na sahip a\u00e7\u0131k hava m\u00fczesi yok. \u0130lk olarak biz Erzurum\u2019da hayata ge\u00e7irece\u011fiz. \u015eehrimize katma de\u011fer sa\u011flayacak.<\/p>\n<p>Buraya s\u0131rf m\u00fczemiz i\u00e7in d\u00fcnyan\u0131n \u00e7e\u015fitli \u00fclkelerinden turistler gelecek. Eserlerimizin akademik \u00e7al\u0131\u015fmalar\u0131n\u0131 m\u00fcze m\u00fcd\u00fcrl\u00fc\u011f\u00fc, fiziki \u00e7al\u0131\u015fmalar\u0131n\u0131 biz y\u00fcr\u00fct\u00fcyoruz. Gece \u0131\u015f\u0131kland\u0131rmas\u0131 kald\u0131, yakla\u015f\u0131k 3 ayda hizmete a\u00e7\u0131lacak ve in\u015fallah ak\u0131n ak\u0131n ziyaret\u00e7iyle dolacak.\u201d<\/p>\n<p><img decoding=\"async\" src=\"https:\/\/i01.sozcucdn.com\/wp-content\/uploads\/2023\/08\/14\/resim6_23530803.jpg\" alt=\"\" title=\"\"><\/p>\n<p>Orhan, kentin y\u0131lda 1 milyon turisti a\u011f\u0131rlad\u0131\u011f\u0131n\u0131 belirterek, m\u00fczeyi y\u0131lda yakla\u015f\u0131k 200 bin yerli ve yabanc\u0131 misafirin ziyaret etmesini \u00f6ng\u00f6rd\u00fcklerini s\u00f6yledi.<\/p>\n<p>Ta\u015f eserlerin \u015fehrin farkl\u0131 yerlerindeki eski yerle\u015fim yerlerinden \u00e7\u0131kar\u0131ld\u0131\u011f\u0131n\u0131 ifade eden Orhan, \u201cHer ta\u015f\u0131n farkl\u0131 \u00f6zelli\u011fi var. Burada yap\u0131lacak akademik \u00e7al\u0131\u015fmalar tamamland\u0131\u011f\u0131nda belki de farkl\u0131 bir tarihi durum ortaya \u00e7\u0131kacak. Dolay\u0131s\u0131yla buradan ciddi anlamda akademik olarak \u00e7al\u0131\u015fmalar, makaleler, y\u00fcksek lisans ve doktora tezleri de \u00e7\u0131kacakt\u0131r\u201d \u015feklinde konu\u015ftu.<\/p>\n<p>Orhan, kaz\u0131larda bulunan Uzundere il\u00e7esindeki \u00d6\u015fvank Kilisesi\u2019nin ta\u015ftan yap\u0131lm\u0131\u015f maketinin de m\u00fczede sergilenece\u011fini s\u00f6zlerine ekledi. <strong>(AA)<\/strong><\/p>\n","protected":false},"excerpt":{"rendered":"<p>Erzurum&#8217;da arkeolojik kaz\u0131larda bulunan 500 ta\u015f eserin sergilenece\u011fi Ta\u015f Eserler A\u00e7\u0131k Hava M\u00fczesi&#8217;nin yakla\u015f\u0131k \u00fc\u00e7 ay sonra a\u00e7\u0131lmas\u0131 planlan\u0131yor.<\/p>\n","protected":false},"author":1,"featured_media":112605,"comment_status":"closed","ping_status":"open","sticky":false,"template":"","format":"standard","meta":{"footnotes":""},"categories":[27],"tags":[8249,2506,4222,605],"class_list":["post-112604","post","type-post","status-publish","format-standard","has-post-thumbnail","hentry","category-kultur-sanat","tag-eserler","tag-muze","tag-orhan","tag-tas"],"_links":{"self":[{"href":"https:\/\/haberulus.net\/index.php?rest_route=\/wp\/v2\/posts\/112604","targetHints":{"allow":["GET"]}}],"collection":[{"href":"https:\/\/haberulus.net\/index.php?rest_route=\/wp\/v2\/posts"}],"about":[{"href":"https:\/\/haberulus.net\/index.php?rest_route=\/wp\/v2\/types\/post"}],"author":[{"embeddable":true,"href":"https:\/\/haberulus.net\/index.php?rest_route=\/wp\/v2\/users\/1"}],"replies":[{"embeddable":true,"href":"https:\/\/haberulus.net\/index.php?rest_route=%2Fwp%2Fv2%2Fcomments&post=112604"}],"version-history":[{"count":1,"href":"https:\/\/haberulus.net\/index.php?rest_route=\/wp\/v2\/posts\/112604\/revisions"}],"predecessor-version":[{"id":112606,"href":"https:\/\/haberulus.net\/index.php?rest_route=\/wp\/v2\/posts\/112604\/revisions\/112606"}],"wp:featuredmedia":[{"embeddable":true,"href":"https:\/\/haberulus.net\/index.php?rest_route=\/wp\/v2\/media\/112605"}],"wp:attachment":[{"href":"https:\/\/haberulus.net\/index.php?rest_route=%2Fwp%2Fv2%2Fmedia&parent=112604"}],"wp:term":[{"taxonomy":"category","embeddable":true,"href":"https:\/\/haberulus.net\/index.php?rest_route=%2Fwp%2Fv2%2Fcategories&post=112604"},{"taxonomy":"post_tag","embeddable":true,"href":"https:\/\/haberulus.net\/index.php?rest_route=%2Fwp%2Fv2%2Ftags&post=112604"}],"curies":[{"name":"wp","href":"https:\/\/api.w.org\/{rel}","templated":true}]}}